{"id":1459,"date":"2014-02-12T15:13:55","date_gmt":"2014-02-12T14:13:55","guid":{"rendered":"http:\/\/roan.junselebyar.se\/?p=1459"},"modified":"2014-02-12T15:16:53","modified_gmt":"2014-02-12T14:16:53","slug":"tarantaraan","status":"publish","type":"post","link":"http:\/\/roan.junselebyar.se\/?p=1459","title":{"rendered":"Tar\u00e5n\/Tara\u00e5n"},"content":{"rendered":"<div id=\"attachment_1460\" style=\"width: 450px\" class=\"wp-caption alignnone\"><img loading=\"lazy\" decoding=\"async\" aria-describedby=\"caption-attachment-1460\" class=\"size-medium wp-image-1460\" title=\"H\u00f6stdimma \u00f6ver Tar\u00e5n\" src=\"http:\/\/roan.junselebyar.se\/nyheter\/wp-content\/uploads\/2014\/02\/H\u00f6stdimma-\u00f6ver-Tar\u00e5n-440x351.jpg\" alt=\"H\u00f6stdimma \u00f6ver Tar\u00e5n\" width=\"440\" height=\"351\" \/><p id=\"caption-attachment-1460\" class=\"wp-caption-text\">H\u00f6stdimma \u00f6ver Tar\u00e5n bort mot Lillterrsj\u00f6<\/p><\/div>\n<p>Tar\u00e5n \u00e4r bel\u00e4gen mellan 160-175 meters h\u00f6jd. Det \u00e4r allts\u00e5 bara 15 meters fallh\u00f6jd. D\u00e4rmed \u00e4r den det flackast vattendrag i V\u00e4sternorrland. Det kan man m\u00e4rka p\u00e5 dess slingrande f\u00f6rlopp i dalg\u00e5ngen mellan Tar\u00e5bergsmassivet och Timmer\u00e5s bergen.<\/p>\n<div id=\"attachment_1461\" style=\"width: 450px\" class=\"wp-caption alignnone\"><img loading=\"lazy\" decoding=\"async\" aria-describedby=\"caption-attachment-1461\" class=\"size-medium wp-image-1461\" title=\"Tar\u00e5n vid H\u00e4stmyren\" src=\"http:\/\/roan.junselebyar.se\/nyheter\/wp-content\/uploads\/2014\/02\/Tar\u00e5n-vid-H\u00e4stmyren-440x232.jpg\" alt=\"Tar\u00e5n vid H\u00e4stmyren\" width=\"440\" height=\"232\" srcset=\"http:\/\/roan.junselebyar.se\/nyheter\/wp-content\/uploads\/2014\/02\/Tar\u00e5n-vid-H\u00e4stmyren-440x232.jpg 440w, http:\/\/roan.junselebyar.se\/nyheter\/wp-content\/uploads\/2014\/02\/Tar\u00e5n-vid-H\u00e4stmyren.jpg 1323w\" sizes=\"auto, (max-width: 440px) 100vw, 440px\" \/><p id=\"caption-attachment-1461\" class=\"wp-caption-text\">Tar\u00e5n vid H\u00e4stmyren<\/p><\/div>\n<p>Tar\u00e5n uppstr\u00f6ms v\u00e4g 977 kallas Val\u00e5n och strax nedstr\u00f6ms denna v\u00e4g rinner \u00e4ven S\u00e5gb\u00e4cken ut i Tar\u00e5n.\u00a0Tar\u00e5n rinner ut i R\u00f6\u00e5n, som sedan rinner ut i \u00c5ngerman\u00e4lven<strong>.<\/strong><\/p>\n<p><strong>Det flottades p\u00e5 Tar\u00e5n. <\/strong><\/p>\n<p style=\"BACKGROUND: white\"><span style=\"COLOR: #39423b; FONT-SIZE: 9pt\">1889 bildades \u00c5ngerman\u00e4lvens flottningsf\u00f6rening. F\u00f6reningen fick ett fastlagt reglemente av l\u00e4nsstyrelserna i V\u00e4sternorrland, J\u00e4mtland och V\u00e4sterbotten. \u00c5ngerman\u00e4lvens flottningsf\u00f6rening tog endast hand om huvudgrenarna p\u00e5 \u00e4lven. <\/span><\/p>\n<p style=\"BACKGROUND: white\"><span style=\"COLOR: #39423b; FONT-SIZE: 9pt\">Biflottlederna fick egna f\u00f6reningar och de enskilda lederna hade egna bolag och virkes\u00e4gare. De mindre flottningsf\u00f6reningarna var ca 65 stycken.<\/span><\/p>\n<p style=\"BACKGROUND: white\"><span style=\"COLOR: #39423b; FONT-SIZE: 9pt\"><img loading=\"lazy\" decoding=\"async\" class=\"alignnone size-medium wp-image-1464\" title=\"09taran10\" src=\"http:\/\/roan.junselebyar.se\/nyheter\/wp-content\/uploads\/2014\/02\/09taran10-440x330.jpg\" alt=\"09taran10\" width=\"440\" height=\"330\" srcset=\"http:\/\/roan.junselebyar.se\/nyheter\/wp-content\/uploads\/2014\/02\/09taran10-440x330.jpg 440w, http:\/\/roan.junselebyar.se\/nyheter\/wp-content\/uploads\/2014\/02\/09taran10.jpg 576w\" sizes=\"auto, (max-width: 440px) 100vw, 440px\" \/><\/span><\/p>\n<p style=\"BACKGROUND: white\"><span style=\"FONT-FAMILY: Georgia; COLOR: #464646; FONT-SIZE: 13.5pt\">I Tara\u00e5ns flottningsf\u00f6renings arkiv finns <\/span><span style=\"FONT-FAMILY: Verdana; COLOR: #464646; FONT-SIZE: 8.5pt\">R\u00e4kenskaper, Inbundna b\u00f6cker i arkivkartong fr\u00e5n \u00e5ren 1910-1932<\/span><\/p>\n<p style=\"BACKGROUND: white\"><span style=\"FONT-FAMILY: Verdana; COLOR: #464646; FONT-SIZE: 14pt\">Avvecklingen<\/span><\/p>\n<p style=\"BACKGROUND: white\">\u201dEn f\u00f6rvaltning tillsattes f\u00f6r att ansvara f\u00f6r \u00c5ngerman\u00e4lvens flottningsf\u00f6renings avveckling och \u00e5terst\u00e4llning av flottlederna. Man skulle ta bort flottningsanordningar som kunde skada allm\u00e4nheten och milj\u00f6n, t.ex. timmerr\u00e4nnor, dykdalber och sjunktimmer. Man skulle ocks\u00e5 s\u00e4lja byggnader och l\u00f6s egendom som tillh\u00f6rt f\u00f6reningen. Arbetet med detta \u00e4r avslutat sedan l\u00e4nge. Biflottlederna ingick inte i \u00e5terst\u00e4llningsarbetet. D\u00e4rf\u00f6r kan det finnas anl\u00e4ggningar kvar i de mindre vattendragen\u201d<\/p>\n<p style=\"BACKGROUND: white\">P\u00e5: <a href=\"http:\/\/www.solleftea.se\/download\/18.f8b915e13aad08acfb5aa\/1351610902143\/RAMSELE+STORKOMMUN.pdf\">http:\/\/www.solleftea.se\/download\/18.f8b915e13aad08acfb5aa\/1351610902143\/RAMSELE+STORKOMMUN.pdf<\/a><\/p>\n<p>kan man l\u00e4sa f\u00f6r \u00e5ret<strong> 1973:<\/strong>* Flottledsrensning utf\u00f6rs i form av beredskapsarbete i Gide\u00e5n, Eldsj\u00f6\u00e5n, Lafs\u00e5n, Kvarn\u00e5n,Vimmervatten\u00e5n och<strong> Tar\u00e5n.<\/strong><\/p>\n<p>Enligt muntlig uppgift bestod denna rensning f\u00f6r Tar\u00e5ns del endast i att dammen i \u00f6vre delen revs. L\u00e4ngre upp i systemen kan d\u00e4r f\u00f6r finnas rester av r\u00e4nnor och annat. N\u00e5gon annan rensning ex. av sjunktimmer tycks ej ha \u00e4gt rum.<\/p>\n<p>\/Tarabrita<\/p>\n","protected":false},"excerpt":{"rendered":"<p>Tar\u00e5n \u00e4r bel\u00e4gen mellan 160-175 meters h\u00f6jd. Det \u00e4r allts\u00e5 bara 15 meters fallh\u00f6jd. D\u00e4rmed \u00e4r den det flackast vattendrag i V\u00e4sternorrland. Det kan man m\u00e4rka p\u00e5 dess slingrande f\u00f6rlopp i dalg\u00e5ngen mellan Tar\u00e5bergsmassivet och Timmer\u00e5s bergen. Tar\u00e5n uppstr\u00f6ms v\u00e4g 977 kallas Val\u00e5n och strax nedstr\u00f6ms denna v\u00e4g rinner \u00e4ven S\u00e5gb\u00e4cken ut i Tar\u00e5n.\u00a0Tar\u00e5n rinner [&hellip;]<\/p>\n","protected":false},"author":2,"featured_media":0,"comment_status":"open","ping_status":"open","sticky":false,"template":"","format":"standard","meta":{"footnotes":""},"categories":[3],"tags":[],"class_list":["post-1459","post","type-post","status-publish","format-standard","hentry","category-allmant"],"_links":{"self":[{"href":"http:\/\/roan.junselebyar.se\/index.php?rest_route=\/wp\/v2\/posts\/1459","targetHints":{"allow":["GET"]}}],"collection":[{"href":"http:\/\/roan.junselebyar.se\/index.php?rest_route=\/wp\/v2\/posts"}],"about":[{"href":"http:\/\/roan.junselebyar.se\/index.php?rest_route=\/wp\/v2\/types\/post"}],"author":[{"embeddable":true,"href":"http:\/\/roan.junselebyar.se\/index.php?rest_route=\/wp\/v2\/users\/2"}],"replies":[{"embeddable":true,"href":"http:\/\/roan.junselebyar.se\/index.php?rest_route=%2Fwp%2Fv2%2Fcomments&post=1459"}],"version-history":[{"count":9,"href":"http:\/\/roan.junselebyar.se\/index.php?rest_route=\/wp\/v2\/posts\/1459\/revisions"}],"predecessor-version":[{"id":1472,"href":"http:\/\/roan.junselebyar.se\/index.php?rest_route=\/wp\/v2\/posts\/1459\/revisions\/1472"}],"wp:attachment":[{"href":"http:\/\/roan.junselebyar.se\/index.php?rest_route=%2Fwp%2Fv2%2Fmedia&parent=1459"}],"wp:term":[{"taxonomy":"category","embeddable":true,"href":"http:\/\/roan.junselebyar.se\/index.php?rest_route=%2Fwp%2Fv2%2Fcategories&post=1459"},{"taxonomy":"post_tag","embeddable":true,"href":"http:\/\/roan.junselebyar.se\/index.php?rest_route=%2Fwp%2Fv2%2Ftags&post=1459"}],"curies":[{"name":"wp","href":"https:\/\/api.w.org\/{rel}","templated":true}]}}