{"id":1475,"date":"2014-02-12T15:26:29","date_gmt":"2014-02-12T14:26:29","guid":{"rendered":"http:\/\/roan.junselebyar.se\/?p=1475"},"modified":"2014-02-12T16:08:48","modified_gmt":"2014-02-12T15:08:48","slug":"vintervagen-langs-taran","status":"publish","type":"post","link":"http:\/\/roan.junselebyar.se\/?p=1475","title":{"rendered":"Vinterv\u00e4gen l\u00e4ngs Tar\u00e5n"},"content":{"rendered":"<p><img loading=\"lazy\" decoding=\"async\" class=\"alignnone size-medium wp-image-1482\" title=\"adventsmorgon vid Taran\" src=\"http:\/\/roan.junselebyar.se\/nyheter\/wp-content\/uploads\/2014\/02\/adventsmorgon-vid-Taran-440x622.jpg\" alt=\"adventsmorgon vid Taran\" width=\"466\" height=\"643\" \/><\/p>\n<p><a href=\"http:\/\/hembygd.junselebyar.se\/spelman\/?p=6677\" target=\"_blank\">Mer om Rickard Sj\u00f6din p\u00e5 Junsele Spelm\u00e4n<\/a><\/p>\n<p>D\u00e4r kan Du \u00e4ven l\u00e4sa dikten b\u00e4ttre.<\/p>\n<p>Vinterv\u00e4gen\u00a0 l\u00e4ngs Tar\u00e5n gick f\u00f6rr \u00e4nda till Lillterrsj\u00f6. Det\u00a0var den v\u00e4g, som Rickard Sj\u00f6din f\u00e4rdades p\u00e5, n\u00e4r han diktade ovanst\u00e5ende. Den v\u00e4gen \u00e4r nu tyv\u00e4rr bitvis p\u00e5 v\u00e4g att f\u00f6rsvinna.<\/p>\n<div id=\"attachment_1483\" style=\"width: 392px\" class=\"wp-caption alignnone\"><img loading=\"lazy\" decoding=\"async\" aria-describedby=\"caption-attachment-1483\" class=\"size-medium wp-image-1483\" title=\"R\u00f6jning\" src=\"http:\/\/roan.junselebyar.se\/nyheter\/wp-content\/uploads\/2014\/02\/tararojforstback-440x443.jpg\" alt=\"Greta, Sven-Erik och Anders r\u00f6jer upp dela av v\u00e4gen\" width=\"382\" height=\"378\" \/><p id=\"caption-attachment-1483\" class=\"wp-caption-text\">Greta, Sven-Erik och Anders r\u00f6jer upp dela av v\u00e4gen<\/p><\/div>\n<p>Byborna har gjort en del r\u00f6jningsinsatser men f\u00f6r ett totalt \u00e5terst\u00e4llningsarbete fodras skogsbolagens medgivande och hj\u00e4lp och det gl\u00e4djande \u00e4r att Norrskog och SCA har en v\u00e4ldigt positiv syn p\u00e5 detta. Sedan beh\u00f6vs det hj\u00e4lp med sj\u00e4lva grovg\u00f6rat, r\u00f6jningen, och vid kontakter med Skogsstyrelsen s\u00e5 verkar \u00e4ven den mycket positiv. Skogens sociala v\u00e4rden \u00e4r ju ngt. som allt mer betonas. S\u00e5 om allt g\u00e5r\u00a0planenligt kan vi kanske n\u00e4sta vinter\u00a0 \u00e5ka skidor och spark och skoter hela den ursprungliga v\u00e4gstr\u00e4ckningen.<\/p>\n<p><img loading=\"lazy\" decoding=\"async\" class=\"alignnone size-medium wp-image-1484\" title=\"taranskidakning1\" src=\"http:\/\/roan.junselebyar.se\/nyheter\/wp-content\/uploads\/2014\/02\/taranskidakning1-440x480.jpg\" alt=\"taranskidakning1\" width=\"440\" height=\"480\" srcset=\"http:\/\/roan.junselebyar.se\/nyheter\/wp-content\/uploads\/2014\/02\/taranskidakning1-440x480.jpg 440w, http:\/\/roan.junselebyar.se\/nyheter\/wp-content\/uploads\/2014\/02\/taranskidakning1.jpg 1650w\" sizes=\"auto, (max-width: 440px) 100vw, 440px\" \/><\/p>\n<p>Linn och Lova p\u00e5 Tar\u00e5v\u00e4gen<\/p>\n<p>\u00a0<\/p>\n<div id=\"attachment_1485\" style=\"width: 450px\" class=\"wp-caption alignnone\"><img loading=\"lazy\" decoding=\"async\" aria-describedby=\"caption-attachment-1485\" class=\"size-medium wp-image-1485\" title=\"Jonny, Stig-Ingvar och Meta\" src=\"http:\/\/roan.junselebyar.se\/nyheter\/wp-content\/uploads\/2014\/02\/taraberg09meta-440x375.jpg\" alt=\"Jonny, Stig-Ingvar och Meta\" width=\"440\" height=\"375\" srcset=\"http:\/\/roan.junselebyar.se\/nyheter\/wp-content\/uploads\/2014\/02\/taraberg09meta-440x375.jpg 440w, http:\/\/roan.junselebyar.se\/nyheter\/wp-content\/uploads\/2014\/02\/taraberg09meta.jpg 576w\" sizes=\"auto, (max-width: 440px) 100vw, 440px\" \/><p id=\"caption-attachment-1485\" class=\"wp-caption-text\">Jonny, Stig-Ingvar och Meta<\/p><\/div>\n<p>\u00a0Det vore v\u00e4l j\u00e4tteroligt och s\u00e5 bra f\u00f6r Lasele FVOF(som bekostar bensin och s\u00e5n\u00b4t till r\u00f6jningen) att enkelt kunna n\u00e5 hela denna del av sitt omr\u00e5de.<\/p>\n<p>\/Tarabrita<\/p>\n","protected":false},"excerpt":{"rendered":"<p>Mer om Rickard Sj\u00f6din p\u00e5 Junsele Spelm\u00e4n D\u00e4r kan Du \u00e4ven l\u00e4sa dikten b\u00e4ttre. Vinterv\u00e4gen\u00a0 l\u00e4ngs Tar\u00e5n gick f\u00f6rr \u00e4nda till Lillterrsj\u00f6. Det\u00a0var den v\u00e4g, som Rickard Sj\u00f6din f\u00e4rdades p\u00e5, n\u00e4r han diktade ovanst\u00e5ende. Den v\u00e4gen \u00e4r nu tyv\u00e4rr bitvis p\u00e5 v\u00e4g att f\u00f6rsvinna. Byborna har gjort en del r\u00f6jningsinsatser men f\u00f6r ett totalt \u00e5terst\u00e4llningsarbete [&hellip;]<\/p>\n","protected":false},"author":2,"featured_media":0,"comment_status":"open","ping_status":"open","sticky":false,"template":"","format":"standard","meta":{"footnotes":""},"categories":[3],"tags":[],"class_list":["post-1475","post","type-post","status-publish","format-standard","hentry","category-allmant"],"_links":{"self":[{"href":"http:\/\/roan.junselebyar.se\/index.php?rest_route=\/wp\/v2\/posts\/1475","targetHints":{"allow":["GET"]}}],"collection":[{"href":"http:\/\/roan.junselebyar.se\/index.php?rest_route=\/wp\/v2\/posts"}],"about":[{"href":"http:\/\/roan.junselebyar.se\/index.php?rest_route=\/wp\/v2\/types\/post"}],"author":[{"embeddable":true,"href":"http:\/\/roan.junselebyar.se\/index.php?rest_route=\/wp\/v2\/users\/2"}],"replies":[{"embeddable":true,"href":"http:\/\/roan.junselebyar.se\/index.php?rest_route=%2Fwp%2Fv2%2Fcomments&post=1475"}],"version-history":[{"count":6,"href":"http:\/\/roan.junselebyar.se\/index.php?rest_route=\/wp\/v2\/posts\/1475\/revisions"}],"predecessor-version":[{"id":1480,"href":"http:\/\/roan.junselebyar.se\/index.php?rest_route=\/wp\/v2\/posts\/1475\/revisions\/1480"}],"wp:attachment":[{"href":"http:\/\/roan.junselebyar.se\/index.php?rest_route=%2Fwp%2Fv2%2Fmedia&parent=1475"}],"wp:term":[{"taxonomy":"category","embeddable":true,"href":"http:\/\/roan.junselebyar.se\/index.php?rest_route=%2Fwp%2Fv2%2Fcategories&post=1475"},{"taxonomy":"post_tag","embeddable":true,"href":"http:\/\/roan.junselebyar.se\/index.php?rest_route=%2Fwp%2Fv2%2Ftags&post=1475"}],"curies":[{"name":"wp","href":"https:\/\/api.w.org\/{rel}","templated":true}]}}