{"id":1554,"date":"2014-04-02T13:56:12","date_gmt":"2014-04-02T11:56:12","guid":{"rendered":"http:\/\/roan.junselebyar.se\/?p=1554"},"modified":"2014-04-02T14:02:54","modified_gmt":"2014-04-02T12:02:54","slug":"nytt-fran-byns-fvon-bl-a-reservatbildandet","status":"publish","type":"post","link":"http:\/\/roan.junselebyar.se\/?p=1554","title":{"rendered":"Nytt fr\u00e5n byns FVO:n, bl.a. Reservatbildandet"},"content":{"rendered":"<p><strong>\u00a0<\/strong><\/p>\n<div id=\"attachment_1560\" style=\"width: 450px\" class=\"wp-caption alignnone\"><img loading=\"lazy\" decoding=\"async\" aria-describedby=\"caption-attachment-1560\" class=\"size-medium wp-image-1560\" title=\"Slutet av mars 2014\" src=\"http:\/\/roan.junselebyar.se\/nyheter\/wp-content\/uploads\/2014\/04\/14r\u00f6\u00e5nmars2-440x514.jpg\" alt=\"Slutet av mars 2014\" width=\"440\" height=\"514\" srcset=\"http:\/\/roan.junselebyar.se\/nyheter\/wp-content\/uploads\/2014\/04\/14r\u00f6\u00e5nmars2-440x514.jpg 440w, http:\/\/roan.junselebyar.se\/nyheter\/wp-content\/uploads\/2014\/04\/14r\u00f6\u00e5nmars2.jpg 1440w\" sizes=\"auto, (max-width: 440px) 100vw, 440px\" \/><p id=\"caption-attachment-1560\" class=\"wp-caption-text\">Slutet av mars 2014<\/p><\/div>\n<p>\u00a0<strong>R\u00f6\u00e5ns FVO:<\/strong><\/p>\n<p>Den 23\/9 2013 var fiskerikonsulent David Jonsson\u00a0 fr\u00e5n l\u00e4nsstyrelsens Fiskeenhet h\u00e4r och informerade oss om L\u00e4nsstyrelsens tankar om R\u00f6\u00e5n. Han redovisade ett f\u00f6rslag p\u00e5 biotop\u00e5terst\u00e4llning med efterf\u00f6ljande utl\u00e4ggning av lekgrus. Detta skall p\u00e5 sikt f\u00f6rb\u00e4ttra f\u00f6ruts\u00e4ttningarna f\u00f6r \u00f6ring att reproduceras och utvecklas. Bygdemedel p\u00e5 250\u00a0000 \u00e4r ordnade.<\/p>\n<p>\u00a0Han aktualiserade \u00e4ven tanken p\u00e5 att g\u00f6ra nedre delarna av \u00e5n till ett <strong>Naturreservat<\/strong>, vilket vi f\u00f6rst\u00e5s var v\u00e4ldigt glada \u00f6ver. Det \u00e4r nu Oskar Norrgran p\u00e5 L\u00e4nsstyrelsens enhet f\u00f6r skyddad natur, som handhar detta.<\/p>\n<p>Oskar s\u00e4nde i slutet av f\u00f6rra veckan ut en skriftlig information till alla ber\u00f6rda mark\u00e4gare med en inbjudan till information om vad detta inneb\u00e4r. P\u00e5 m\u00f6tet kommer det \u00e4ven att finnas m\u00f6jlighet att l\u00e4mna \u00e5sikter och st\u00e4lla fr\u00e5gor. M\u00f6tet \u00e4ger rum p\u00e5 R\u00f6\u00e5ns F\u00f6reningshus kl 18.00 torsdag den 26 juni. Eftersom alla vi, som inte tillh\u00f6r dessa mark\u00e4gare, ocks\u00e5 \u00e4r intresserade av vad som h\u00e4nder med v\u00e5r \u00e5 \u00e4r detta m\u00f6te\u00a0\u00f6ppet f\u00f6r alla bybor.<\/p>\n<p>I och med ett reservatbildande av forsdelen kan vi \u00e4ntligen k\u00e4nna oss trygga mot en utbyggnad. \u00c5n kan d\u00e5 betraktas som permanent s\u00e4krad. Detta har \u00e4ven en avg\u00f6rande betydelse f\u00f6r Betarsj\u00f6n, som i.o.m. s\u00e4kerst\u00e4llandet av en outbyggd R\u00f6\u00e5 \u00e4ven i framtiden f\u00f6rblir oreglerad.<\/p>\n<p>Vecka 26 (allts\u00e5 veckan d\u00e5 m\u00f6tet \u00e4ger rum) kommer folk fr\u00e5n l\u00e4nsstyrelsen att vara h\u00e4r. Flodp\u00e4rlmusslor, som finns p\u00e5 de omr\u00e5den, d\u00e4r gr\u00e4varen g\u00e5r fram, skall insamlas och \u201dsumpas\u201d, och \u00e5terst\u00e4llningsarbetet skall utf\u00f6ras. SP\u00c4NNANDE!!!<\/p>\n<p>R\u00f6\u00e5ns FVO har ej inbjudits till samr\u00e5dsyttrandet, som beskrivs nedan under Lasele FVO. H\u00e4r m\u00e5ste vi argumentera f\u00f6r en f\u00f6r\u00e4ndring.<\/p>\n<p>\u00a0<\/p>\n<p><strong>Lasele FVO:<\/strong><\/p>\n<ol>\n<li>Planerna p\u00e5 att r\u00f6ja fram vinterv\u00e4gen l\u00e4ngs Tar\u00e5n\u00a0planeras fortskrida.<\/li>\n<\/ol>\n<p>\u00a02.\u00a0Vatten fall har inbjudit Lasele FVO att avge yttrande till samr\u00e5det ang. Lasele Kraftverk och L\u00e5ngbj\u00f6rns Kraftverk.\u00a0I sitt tidigare f\u00f6rs\u00f6k att ensidigt f\u00e5 \u00f6ka vattenstr\u00f6mningen genom turbin f\u00f6rlorade Vattenfall. D\u00e4rf\u00f6r g\u00e5r f\u00f6retaget nu vidare med ett samr\u00e5dsf\u00f6rfarande. Lasele FVO \u00e4r ett av ett stort antal instanser, som kan yttra sig. F\u00f6rra v\u00e4ndan ans\u00e5g Vattenfall att denna fr\u00e5ga inte ber\u00f6rde Lasele FVO men d\u00e5 k\u00e4mpade vi till oss den r\u00e4tten.<\/p>\n<p>\/Tarabrita<\/p>\n","protected":false},"excerpt":{"rendered":"<p>\u00a0 \u00a0R\u00f6\u00e5ns FVO: Den 23\/9 2013 var fiskerikonsulent David Jonsson\u00a0 fr\u00e5n l\u00e4nsstyrelsens Fiskeenhet h\u00e4r och informerade oss om L\u00e4nsstyrelsens tankar om R\u00f6\u00e5n. Han redovisade ett f\u00f6rslag p\u00e5 biotop\u00e5terst\u00e4llning med efterf\u00f6ljande utl\u00e4ggning av lekgrus. Detta skall p\u00e5 sikt f\u00f6rb\u00e4ttra f\u00f6ruts\u00e4ttningarna f\u00f6r \u00f6ring att reproduceras och utvecklas. Bygdemedel p\u00e5 250\u00a0000 \u00e4r ordnade. \u00a0Han aktualiserade \u00e4ven tanken p\u00e5 [&hellip;]<\/p>\n","protected":false},"author":2,"featured_media":0,"comment_status":"open","ping_status":"open","sticky":false,"template":"","format":"standard","meta":{"footnotes":""},"categories":[3],"tags":[],"class_list":["post-1554","post","type-post","status-publish","format-standard","hentry","category-allmant"],"_links":{"self":[{"href":"http:\/\/roan.junselebyar.se\/index.php?rest_route=\/wp\/v2\/posts\/1554","targetHints":{"allow":["GET"]}}],"collection":[{"href":"http:\/\/roan.junselebyar.se\/index.php?rest_route=\/wp\/v2\/posts"}],"about":[{"href":"http:\/\/roan.junselebyar.se\/index.php?rest_route=\/wp\/v2\/types\/post"}],"author":[{"embeddable":true,"href":"http:\/\/roan.junselebyar.se\/index.php?rest_route=\/wp\/v2\/users\/2"}],"replies":[{"embeddable":true,"href":"http:\/\/roan.junselebyar.se\/index.php?rest_route=%2Fwp%2Fv2%2Fcomments&post=1554"}],"version-history":[{"count":5,"href":"http:\/\/roan.junselebyar.se\/index.php?rest_route=\/wp\/v2\/posts\/1554\/revisions"}],"predecessor-version":[{"id":1559,"href":"http:\/\/roan.junselebyar.se\/index.php?rest_route=\/wp\/v2\/posts\/1554\/revisions\/1559"}],"wp:attachment":[{"href":"http:\/\/roan.junselebyar.se\/index.php?rest_route=%2Fwp%2Fv2%2Fmedia&parent=1554"}],"wp:term":[{"taxonomy":"category","embeddable":true,"href":"http:\/\/roan.junselebyar.se\/index.php?rest_route=%2Fwp%2Fv2%2Fcategories&post=1554"},{"taxonomy":"post_tag","embeddable":true,"href":"http:\/\/roan.junselebyar.se\/index.php?rest_route=%2Fwp%2Fv2%2Ftags&post=1554"}],"curies":[{"name":"wp","href":"https:\/\/api.w.org\/{rel}","templated":true}]}}