{"id":1642,"date":"2014-07-17T00:09:24","date_gmt":"2014-07-16T22:09:24","guid":{"rendered":"http:\/\/roan.junselebyar.se\/?p=1642"},"modified":"2014-07-17T00:09:24","modified_gmt":"2014-07-16T22:09:24","slug":"varfor","status":"publish","type":"post","link":"http:\/\/roan.junselebyar.se\/?p=1642","title":{"rendered":"VARF\u00d6R??????"},"content":{"rendered":"<div id=\"attachment_1643\" style=\"width: 450px\" class=\"wp-caption alignnone\"><img loading=\"lazy\" decoding=\"async\" aria-describedby=\"caption-attachment-1643\" class=\"size-medium wp-image-1643\" title=\"Fl\u00e4rken\" src=\"http:\/\/roan.junselebyar.se\/nyheter\/wp-content\/uploads\/2014\/07\/roanflarken3-440x386.jpg\" alt=\"Fl\u00e4rken\" width=\"440\" height=\"386\" srcset=\"http:\/\/roan.junselebyar.se\/nyheter\/wp-content\/uploads\/2014\/07\/roanflarken3-440x386.jpg 440w, http:\/\/roan.junselebyar.se\/nyheter\/wp-content\/uploads\/2014\/07\/roanflarken3.jpg 1860w\" sizes=\"auto, (max-width: 440px) 100vw, 440px\" \/><p id=\"caption-attachment-1643\" class=\"wp-caption-text\">Fl\u00e4rken<\/p><\/div>\n<p>Varf\u00f6r naturreservat-varf\u00f6r biotop\u00e5terst\u00e4llning?<\/p>\n<p>R\u00f6\u00e5n, detta underbart vackra vattendrag, har tv\u00e5 g\u00e5nger hotats av utbyggnad. Men hela byn st\u00e4llde d\u00e5 upp som en man och f\u00f6rsvarade \u00e5n. Nu f\u00e5r vi genom en planerad resevatbildning\u00a0m\u00f6jligheten att f\u00f6r all framtid s\u00e4kra \u00e5n mot s\u00e5dana hot. I R\u00f6\u00e5ns forsstr\u00e4cka lever n\u00e4mligen den r\u00f6dlistade, starkt utrotningshotade\u00a0flodp\u00e4rlmusslan. F\u00f6r att skydda den vill l\u00e4nsstryrelsen g\u00f6ra ett naturreservat av str\u00f6mstr\u00e4ckan. Men detta r\u00e4cker ej. Flodp\u00e4rlmusslan \u00e4r f\u00f6r sin reproduktion beroende av att det finns \u00f6ring eller lax. Hanarna sl\u00e4pper spermier i det fria vattnet, och dessa sugs in med honans andningsvatten. De befruktade \u00e4ggen utvecklas f\u00e4stade vid honans g\u00e4lar till s.k. glochidielarver. Dessa sl\u00e4pps ut i vattnet och f\u00e4ster vid g\u00e4larna p\u00e5 \u00f6ring eller lax, d\u00e4r de under ett halvt till ett \u00e5r lever som parasiter tills de n\u00e5tt en storlek av ca 4 mm. Av den anledningen m\u00e5ste det finnas lax eller \u00f6ring i \u00e5n f\u00f6r att det ska finnas flodp\u00e4rlmusslor.<\/p>\n<p>\u00d6ringen i R\u00f6\u00e5n har miskat i antal och storlek. F\u00f6r att r\u00e5da bot p\u00e5 detta planerar l\u00e4nsstyrelsen en biotop\u00e5terst\u00e4llning av forsstr\u00e4ckan samt utl\u00e4ggande av lekgrus. Detta g\u00f6rs f\u00f6r att st\u00e4rka \u00f6ringen och d\u00e4rmed \u00e4ven \u00a0flodp\u00e4rlmusslan. Allt h\u00e4nger ihop. L\u00e4nsstyrelsen har tillsamman med R\u00f6\u00e5ns FVO drivit dessa planer och har f\u00f6r att kunna genomf\u00f6ra detta bett mark\u00e4garna att bevilja tillst\u00e5nd. N\u00e4stan alla har ocks\u00e5 st\u00e4llt upp p\u00e5 detta och restaureringen kan d\u00e4rf\u00f6r genomf\u00f6ras p\u00e5 st\u00f6rre delen av den \u00f6nskv\u00e4rda\u00a0delen. Tack vare detta n\u00e5r vi\u00a0tre m\u00e5l: vi\u00a0s\u00e4krar \u00e5n till gl\u00e4dje och nytta f\u00f6r kommande generationer, vi r\u00e4ddar\u00a0flodp\u00e4rlmusslan och skapar f\u00f6rhoppningsvis en livskraftig \u00f6ringspopulation med m\u00f6jlighet att \u00f6verleva och f\u00f6r\u00f6ka sig.\u00a0<\/p>\n<p>Flodp\u00e4rlmusslan \u00e4r ett av de ryggradsl\u00f6sa djur som blir allra \u00e4ldst. Individer kan leva i \u00f6ver 100 \u00e5r och den \u00e4ldsta funna musslan var 256 \u00e5r gammal.<\/p>\n<p>Reservatet begr\u00e4nsas till str\u00f6mstr\u00e4ckan. Den l\u00e5ngsamstr\u00f6mmande delen uppstr\u00f6ms byn ing\u00e5r allts\u00e5 ej men f\u00e5r ju ett\u00a0indirekt skydd iom att ingen utbyggnad kommer att till\u00e5tas.<\/p>\n<div id=\"attachment_1644\" style=\"width: 450px\" class=\"wp-caption alignnone\"><img loading=\"lazy\" decoding=\"async\" aria-describedby=\"caption-attachment-1644\" class=\"size-medium wp-image-1644\" title=\"R\u00f6\u00e5n\" src=\"http:\/\/roan.junselebyar.se\/nyheter\/wp-content\/uploads\/2014\/07\/roan1-440x315.jpg\" alt=\"R\u00f6\u00e5n\" width=\"440\" height=\"315\" \/><p id=\"caption-attachment-1644\" class=\"wp-caption-text\">R\u00f6\u00e5n<\/p><\/div>\n<p>\u00a0<\/p>\n<div id=\"attachment_1645\" style=\"width: 450px\" class=\"wp-caption alignnone\"><img loading=\"lazy\" decoding=\"async\" aria-describedby=\"caption-attachment-1645\" class=\"size-medium wp-image-1645\" title=\"Solnedg\u00e5ng, R\u00f6\u00e5n\" src=\"http:\/\/roan.junselebyar.se\/nyheter\/wp-content\/uploads\/2014\/07\/roannatt1-440x415.jpg\" alt=\"Solnedg\u00e5ng, R\u00f6\u00e5n\" width=\"440\" height=\"415\" srcset=\"http:\/\/roan.junselebyar.se\/nyheter\/wp-content\/uploads\/2014\/07\/roannatt1-440x415.jpg 440w, http:\/\/roan.junselebyar.se\/nyheter\/wp-content\/uploads\/2014\/07\/roannatt1.jpg 1944w\" sizes=\"auto, (max-width: 440px) 100vw, 440px\" \/><p id=\"caption-attachment-1645\" class=\"wp-caption-text\">Solnedg\u00e5ng, R\u00f6\u00e5n<\/p><\/div>\n<p>\u00a0<\/p>\n<div id=\"attachment_1646\" style=\"width: 450px\" class=\"wp-caption alignnone\"><img loading=\"lazy\" decoding=\"async\" aria-describedby=\"caption-attachment-1646\" class=\"size-medium wp-image-1646\" title=\"Fullm\u00e5ne \u00f6ver R\u00f6\u00e5n\" src=\"http:\/\/roan.junselebyar.se\/nyheter\/wp-content\/uploads\/2014\/07\/roanmane-440x626.jpg\" alt=\"Fullm\u00e5ne \u00f6ver R\u00f6\u00e5n\" width=\"440\" height=\"626\" srcset=\"http:\/\/roan.junselebyar.se\/nyheter\/wp-content\/uploads\/2014\/07\/roanmane-440x626.jpg 440w, http:\/\/roan.junselebyar.se\/nyheter\/wp-content\/uploads\/2014\/07\/roanmane.jpg 900w\" sizes=\"auto, (max-width: 440px) 100vw, 440px\" \/><p id=\"caption-attachment-1646\" class=\"wp-caption-text\">Fullm\u00e5ne \u00f6ver R\u00f6\u00e5n<\/p><\/div>\n<p>\/Tarabrita<\/p>\n","protected":false},"excerpt":{"rendered":"<p>Varf\u00f6r naturreservat-varf\u00f6r biotop\u00e5terst\u00e4llning? R\u00f6\u00e5n, detta underbart vackra vattendrag, har tv\u00e5 g\u00e5nger hotats av utbyggnad. Men hela byn st\u00e4llde d\u00e5 upp som en man och f\u00f6rsvarade \u00e5n. Nu f\u00e5r vi genom en planerad resevatbildning\u00a0m\u00f6jligheten att f\u00f6r all framtid s\u00e4kra \u00e5n mot s\u00e5dana hot. I R\u00f6\u00e5ns forsstr\u00e4cka lever n\u00e4mligen den r\u00f6dlistade, starkt utrotningshotade\u00a0flodp\u00e4rlmusslan. F\u00f6r att skydda den [&hellip;]<\/p>\n","protected":false},"author":2,"featured_media":0,"comment_status":"open","ping_status":"open","sticky":false,"template":"","format":"standard","meta":{"footnotes":""},"categories":[3],"tags":[],"class_list":["post-1642","post","type-post","status-publish","format-standard","hentry","category-allmant"],"_links":{"self":[{"href":"http:\/\/roan.junselebyar.se\/index.php?rest_route=\/wp\/v2\/posts\/1642","targetHints":{"allow":["GET"]}}],"collection":[{"href":"http:\/\/roan.junselebyar.se\/index.php?rest_route=\/wp\/v2\/posts"}],"about":[{"href":"http:\/\/roan.junselebyar.se\/index.php?rest_route=\/wp\/v2\/types\/post"}],"author":[{"embeddable":true,"href":"http:\/\/roan.junselebyar.se\/index.php?rest_route=\/wp\/v2\/users\/2"}],"replies":[{"embeddable":true,"href":"http:\/\/roan.junselebyar.se\/index.php?rest_route=%2Fwp%2Fv2%2Fcomments&post=1642"}],"version-history":[{"count":2,"href":"http:\/\/roan.junselebyar.se\/index.php?rest_route=\/wp\/v2\/posts\/1642\/revisions"}],"predecessor-version":[{"id":1648,"href":"http:\/\/roan.junselebyar.se\/index.php?rest_route=\/wp\/v2\/posts\/1642\/revisions\/1648"}],"wp:attachment":[{"href":"http:\/\/roan.junselebyar.se\/index.php?rest_route=%2Fwp%2Fv2%2Fmedia&parent=1642"}],"wp:term":[{"taxonomy":"category","embeddable":true,"href":"http:\/\/roan.junselebyar.se\/index.php?rest_route=%2Fwp%2Fv2%2Fcategories&post=1642"},{"taxonomy":"post_tag","embeddable":true,"href":"http:\/\/roan.junselebyar.se\/index.php?rest_route=%2Fwp%2Fv2%2Ftags&post=1642"}],"curies":[{"name":"wp","href":"https:\/\/api.w.org\/{rel}","templated":true}]}}