{"id":1649,"date":"2014-08-04T18:18:39","date_gmt":"2014-08-04T16:18:39","guid":{"rendered":"http:\/\/roan.junselebyar.se\/?p=1649"},"modified":"2014-08-06T21:58:37","modified_gmt":"2014-08-06T19:58:37","slug":"i-dag","status":"publish","type":"post","link":"http:\/\/roan.junselebyar.se\/?p=1649","title":{"rendered":"I dag&#8230;&#8230;"},"content":{"rendered":"<div id=\"attachment_1650\" style=\"width: 450px\" class=\"wp-caption alignnone\"><img loading=\"lazy\" decoding=\"async\" aria-describedby=\"caption-attachment-1650\" class=\"size-medium wp-image-1650\" title=\"\u00c5terst\u00e4llningsarbetet p\u00e5b\u00f6rjat\" src=\"http:\/\/roan.junselebyar.se\/nyheter\/wp-content\/uploads\/2014\/08\/gravare5-440x426.jpg\" alt=\"\u00c5terst\u00e4llningsarbetet p\u00e5b\u00f6rjat\" width=\"440\" height=\"426\" srcset=\"http:\/\/roan.junselebyar.se\/nyheter\/wp-content\/uploads\/2014\/08\/gravare5-440x426.jpg 440w, http:\/\/roan.junselebyar.se\/nyheter\/wp-content\/uploads\/2014\/08\/gravare5.jpg 1440w\" sizes=\"auto, (max-width: 440px) 100vw, 440px\" \/><p id=\"caption-attachment-1650\" class=\"wp-caption-text\">\u00c5terst\u00e4llningsarbetet p\u00e5b\u00f6rjat<\/p><\/div>\n<p>\u00a0I dag startade gr\u00e4varen biotop\u00e5terst\u00e4llningen av R\u00f6\u00e5n. Det k\u00e4nns som en stor l\u00e4ttnad att allt fortskrider rel. planenligt trots sm\u00e4rre mark\u00e4garproblem.<\/p>\n<div id=\"attachment_1651\" style=\"width: 450px\" class=\"wp-caption alignnone\"><img loading=\"lazy\" decoding=\"async\" aria-describedby=\"caption-attachment-1651\" class=\"size-medium wp-image-1651\" title=\"Gr\u00e4varen i aktion\" src=\"http:\/\/roan.junselebyar.se\/nyheter\/wp-content\/uploads\/2014\/08\/gravare3-440x487.jpg\" alt=\"Gr\u00e4varen i aktion\" width=\"440\" height=\"487\" srcset=\"http:\/\/roan.junselebyar.se\/nyheter\/wp-content\/uploads\/2014\/08\/gravare3-440x487.jpg 440w, http:\/\/roan.junselebyar.se\/nyheter\/wp-content\/uploads\/2014\/08\/gravare3.jpg 1440w\" sizes=\"auto, (max-width: 440px) 100vw, 440px\" \/><p id=\"caption-attachment-1651\" class=\"wp-caption-text\">Gr\u00e4varen i aktion<\/p><\/div>\n<p>Det finns mycket br\u00e5te sedan flottningsepoken och en massa sly. Och stenar skall placeras p\u00e5 ett f\u00f6r fiskarna optimalt s\u00e4tt.<\/p>\n<div id=\"attachment_1652\" style=\"width: 450px\" class=\"wp-caption alignnone\"><img loading=\"lazy\" decoding=\"async\" aria-describedby=\"caption-attachment-1652\" class=\"size-medium wp-image-1652\" title=\"Koncentration\" src=\"http:\/\/roan.junselebyar.se\/nyheter\/wp-content\/uploads\/2014\/08\/gravare1-440x430.jpg\" alt=\"Koncentration\" width=\"440\" height=\"430\" srcset=\"http:\/\/roan.junselebyar.se\/nyheter\/wp-content\/uploads\/2014\/08\/gravare1-440x430.jpg 440w, http:\/\/roan.junselebyar.se\/nyheter\/wp-content\/uploads\/2014\/08\/gravare1.jpg 1440w\" sizes=\"auto, (max-width: 440px) 100vw, 440px\" \/><p id=\"caption-attachment-1652\" class=\"wp-caption-text\">Koncentration<\/p><\/div>\n<p>Nu \u00e4r allts\u00e5 steg 1 mot en s\u00e4krad fortlevnad f\u00f6r den brusande R\u00f6\u00e5n inledd. Vilken lycka att det stora flertalet ber\u00f6rda mark\u00e4gare har insett betydelsen av detta, som vi <strong>alla<\/strong> bybor nu och i framtiden kan gl\u00e4dja oss \u00e5t.<\/p>\n<div id=\"attachment_1655\" style=\"width: 449px\" class=\"wp-caption alignnone\"><img loading=\"lazy\" decoding=\"async\" aria-describedby=\"caption-attachment-1655\" class=\"size-medium wp-image-1655\" title=\"Arbetet forts\u00e4tter \" src=\"http:\/\/roan.junselebyar.se\/nyheter\/wp-content\/uploads\/2014\/08\/gravare6-439x501.jpg\" alt=\"Arbetet forts\u00e4tter \" width=\"439\" height=\"501\" srcset=\"http:\/\/roan.junselebyar.se\/nyheter\/wp-content\/uploads\/2014\/08\/gravare6-439x501.jpg 439w, http:\/\/roan.junselebyar.se\/nyheter\/wp-content\/uploads\/2014\/08\/gravare6.jpg 1497w\" sizes=\"auto, (max-width: 439px) 100vw, 439px\" \/><p id=\"caption-attachment-1655\" class=\"wp-caption-text\">Arbetet forts\u00e4tter <\/p><\/div>\n<p>\u00c4n en g\u00e5ng: TUSEN TACK BER\u00d6RDA, POSITIVA MARK\u00c4GARE !!!!!!!!!!!!!<\/p>\n<p>Och David,\u00a0 Oscar och Johan\u00a0fr\u00e5n L\u00e4nsstyrelsen, f\u00f6rst\u00e5ss.<\/p>\n<p>\/Tarabrita<\/p>\n","protected":false},"excerpt":{"rendered":"<p>\u00a0I dag startade gr\u00e4varen biotop\u00e5terst\u00e4llningen av R\u00f6\u00e5n. Det k\u00e4nns som en stor l\u00e4ttnad att allt fortskrider rel. planenligt trots sm\u00e4rre mark\u00e4garproblem. Det finns mycket br\u00e5te sedan flottningsepoken och en massa sly. Och stenar skall placeras p\u00e5 ett f\u00f6r fiskarna optimalt s\u00e4tt. Nu \u00e4r allts\u00e5 steg 1 mot en s\u00e4krad fortlevnad f\u00f6r den brusande R\u00f6\u00e5n inledd. [&hellip;]<\/p>\n","protected":false},"author":2,"featured_media":0,"comment_status":"open","ping_status":"open","sticky":false,"template":"","format":"standard","meta":{"footnotes":""},"categories":[3],"tags":[],"class_list":["post-1649","post","type-post","status-publish","format-standard","hentry","category-allmant"],"_links":{"self":[{"href":"http:\/\/roan.junselebyar.se\/index.php?rest_route=\/wp\/v2\/posts\/1649","targetHints":{"allow":["GET"]}}],"collection":[{"href":"http:\/\/roan.junselebyar.se\/index.php?rest_route=\/wp\/v2\/posts"}],"about":[{"href":"http:\/\/roan.junselebyar.se\/index.php?rest_route=\/wp\/v2\/types\/post"}],"author":[{"embeddable":true,"href":"http:\/\/roan.junselebyar.se\/index.php?rest_route=\/wp\/v2\/users\/2"}],"replies":[{"embeddable":true,"href":"http:\/\/roan.junselebyar.se\/index.php?rest_route=%2Fwp%2Fv2%2Fcomments&post=1649"}],"version-history":[{"count":4,"href":"http:\/\/roan.junselebyar.se\/index.php?rest_route=\/wp\/v2\/posts\/1649\/revisions"}],"predecessor-version":[{"id":1658,"href":"http:\/\/roan.junselebyar.se\/index.php?rest_route=\/wp\/v2\/posts\/1649\/revisions\/1658"}],"wp:attachment":[{"href":"http:\/\/roan.junselebyar.se\/index.php?rest_route=%2Fwp%2Fv2%2Fmedia&parent=1649"}],"wp:term":[{"taxonomy":"category","embeddable":true,"href":"http:\/\/roan.junselebyar.se\/index.php?rest_route=%2Fwp%2Fv2%2Fcategories&post=1649"},{"taxonomy":"post_tag","embeddable":true,"href":"http:\/\/roan.junselebyar.se\/index.php?rest_route=%2Fwp%2Fv2%2Ftags&post=1649"}],"curies":[{"name":"wp","href":"https:\/\/api.w.org\/{rel}","templated":true}]}}