{"id":2599,"date":"2019-01-17T09:56:41","date_gmt":"2019-01-17T08:56:41","guid":{"rendered":"http:\/\/roan.junselebyar.se\/?p=2599"},"modified":"2019-01-17T09:58:22","modified_gmt":"2019-01-17T08:58:22","slug":"2599","status":"publish","type":"post","link":"http:\/\/roan.junselebyar.se\/?p=2599","title":{"rendered":"Nu g\u00e4llande \u00f6versiktsplan till\u00e5ter inte vindkraft p\u00e5 F\u00e4ngsj\u00f6\/Storsj\u00f6h\u00f6jden"},"content":{"rendered":"<header class=\"entry-header\">\n<h1 class=\"entry-title\"><\/h1>\n<\/header>\n<div class=\"entry-content\">\n<p>I slutet av november framkom att FORSCA planerar en ny ans\u00f6kan om storskalig vindkraft i F\u00e4ngsj\u00f6\/Storsj\u00f6h\u00f6jden i N\u00e4s\u00e5ker. Tidigare ans\u00f6kan avslogs efter sju \u00e5rs process i MM\u00d6D i april 2018.<\/p>\n<p>Ca sju m\u00e5nader av l\u00e4ttnad och gl\u00e4dje blev det i alla fall.<\/p>\n<p>29 nov. 2018 bj\u00f6d FORSCA in Sollefte\u00e5 kommuns politiker till ett Information- och diskussionsm\u00f6te: <a href=\"https:\/\/vildavastra.se\/snurrigt\/wp-content\/uploads\/2018\/12\/Forscas-presentation-Sollefte\u00e5-Kommun-2018-11-29.pdf\"><em>\u201dF\u00f6ruts\u00e4ttningar f\u00f6r en ny vindkraftsprojektering f\u00f6r F\u00e4ngsj\u00f6n och Storsj\u00f6h\u00f6jden\u201d<\/em><\/a><\/p>\n<p>I presentationen framg\u00e5r att det r\u00f6r sig om en helt ny ans\u00f6kan med samr\u00e5d, MKB och \u201dhela k\u00f6ret\u201d, som kr\u00e4vs f\u00f6r en ans\u00f6kan om storskalig vindkraft. Eftersom FORSCAS tidigare ans\u00f6kan avslogs i MMD r\u00f6r det sig nu om en ny ans\u00f6kan.<\/p>\n<p>I och med den nya \u00f6versiktsplanen med det pretenti\u00f6sa namnet: !\u00d6VERSIKTSPLAN\u200b \u200bF\u00d6R\u200b \u200bSOLLEFTE\u00c5\u200b \u200bKOMMUN\u200b \u200b-\u200b \u200ben\u200b \u200bkraftfull kommun\u200b \u200bmed\u200b \u200butsikter\u200b \u200bmot\u200b \u200b2030&#8243;, har vi nu en helt ny situation betr\u00e4ffande nyetablering av storskalig vindkraft och det kan inte r\u00e5da n\u00e5gra tvivel om att det \u00e4r denna nya plan, som nu g\u00e4ller:<\/p>\n<p><strong><em>DEL 1 \u00d6versiktsplan:<\/em><\/strong><br \/>\n<strong><em>1.7\u00a0 Upph\u00e4vanden<\/em><\/strong><br \/>\n<strong><em>\u00d6versiktsplanen ers\u00e4tter i sin helhet \u00d6versiktsplanen fr\u00e5n 1991 (fastst\u00e4lld i kommunfullm\u00e4ktige 1990-08-27).<\/em><\/strong><br \/>\n<strong><em>Den f\u00f6rdjupade \u00f6versiktsplanen f\u00f6r Vindbruk, antagen 2008-12-15, upph\u00e4vs. Notera \u00e4ven att den v\u00e4gledning som antogs av kommunfullm\u00e4ktige 2013-04-29 upph\u00e4vs.<\/em><\/strong><\/p>\n<p>I den nya nu g\u00e4llande \u00f6versiktsplanen, som antogs av Sollefte\u00e5 kommunfullm\u00e4ktige 2017-08-28 (\u00a798), st\u00e5r i del 1 sid 24 f\u00f6ljande om vad som nu g\u00e4ller f\u00f6r vindkraft:<\/p>\n<p><em>St\u00e4llningstagande \u2022 Kommunen anser att omr\u00e5dena Asp\u00e5sen och Fj\u00e4llboh\u00f6g inte l\u00e4ngre ska pekas ut som riksintresse f\u00f6r vindbruk.\u00a0 <strong>Kommunen avser inte bevilja ans\u00f6kningar om utbyggnad av storskalig elproduktion ex. vindbruk, innan en kommunal plan f\u00f6r energif\u00f6rs\u00f6rjning tagits fram och beslutats.<\/strong><\/em><\/p>\n<p><em>D\u00e4remot, i omr\u00e5den som redan \u00e4r starkt pr\u00e4glat av vindkraft, kan ans\u00f6kan pr\u00f6vas\u00a0 (\u201dpr\u00f6vas\u201d \u00e4ndrades senare till \u201dbeviljas\u201d)\u00a0 Arbetet med att ta fram kommunens plan f\u00f6r energif\u00f6rs\u00f6rjning ska ske parallellt och synkroniseras med det nationella arbete som p\u00e5g\u00e5r kring \u00d6verenskommelse om elf\u00f6rs\u00f6rjningen efter \u00e5r 2025-2030.\u00a0 Omr\u00e5den som undantas fr\u00e5n storskaligt vindbruk pekas ut i \u00f6versiktsplanen.<\/em><\/p>\n<p>N\u00e5gon ny plan f\u00f6r energif\u00f6rs\u00f6rjning har s\u00e5vitt jag vet \u00e4nnu inte ens p\u00e5b\u00f6rjats s\u00e5 det kan ta tid innan en s\u00e5dan dessutom \u00e4r beslutad. Notera \u00e4ven att i nya \u00f6versiktsplanen kvarst\u00e5r F\u00e4ngsj\u00f6\/Storsj\u00f6h\u00f6jden som Riksintresse f\u00f6r vindbruk (i motsats till Asp\u00e5sen och Fj\u00e4llboh\u00f6g). Ett riksintresse \u00e4r ju ett nationellt utpekande. Detta inneb\u00e4r inte med automatik att omr\u00e5det skall godk\u00e4nnas f\u00f6r exploatering av en kommun. Ans\u00f6kan skall behandlas i vanlig ordning och helst efter f\u00f6r tillf\u00e4llet g\u00e4llande planer. Utpekandet kan v\u00e4l kanske komma att f\u00e5 betydelse n\u00e4r den nya energiplanen i vindkraftsdelen s\u00e5 sm\u00e5ningom ers\u00e4tter den nya \u00f6versiktsplanen.<\/p>\n<p>Inte heller kan FORSCA \u00e5beropa\u00a0<em> \u201dD\u00e4remot, i omr\u00e5den som redan \u00e4r starkt pr\u00e4glat av vindkraft, kan ans\u00f6kan pr\u00f6vas\u201d\u00a0 (\u201dpr\u00f6vas\u201d \u00e4ndrades senare till \u201dbeviljas\u201d<\/em>) eftersom omr\u00e5det inte \u00e4r starkt pr\u00e4glat av vindkraft.<\/p>\n<p>Av ovanst\u00e5ende framg\u00e5r att denna nya exploateringsans\u00f6kan inte KAN tillstyrkas av kommunen. Inte om man f\u00f6ljer nu g\u00e4llande \u00f6versiktsplan i alla fall och det b\u00f6r man ju g\u00f6ra. Kommunen kan f\u00f6rst\u00e5s v\u00e4lja att inte f\u00f6lja planen eller att i ett f\u00e5f\u00e4ngt f\u00f6rs\u00f6ka att f\u00e5 det att se respektabelt ut, sj\u00f6s\u00e4tta en illegal \u201dv\u00e4gledning\u201d f\u00f6rbi planen enligt gammal bepr\u00f6vad och v\u00e4l fungerande metod. (2013) \u201d\u00c4ndam\u00e5let helgar medlen\u201d.<\/p>\n<p>En av kommunens ledande s-politiker och vindkrafth\u00f6kar John \u00c5berg sade n\u00e4r MM\u00d6Ds avslag av F\u00e4ngsj\u00f6\/Storsj\u00f6h\u00f6jden kom i v\u00e5ras:<br \/>\n<em>\u2013 Mark- och milj\u00f6\u00f6verdomstolens dom visar att processen fungerar. Kommunens roll \u00e4r att utifr\u00e5n g\u00e4llande planer bed\u00f6ma om en plats \u00e4r l\u00e4mplig f\u00f6r utbyggnad och d\u00e4refter tar andra myndigheter s\u00e5som L\u00e4nsstyrelse och milj\u00f6domstolarna och pr\u00f6var om ett projekt uppfyller g\u00e4llande milj\u00f6lagar.\u201d<\/em><br \/>\n<strong>Han anser allts\u00e5 h\u00e4r att man skall bed\u00f6ma efter g\u00e4llande planer<\/strong>. Och vad vi \u00e4n anser om g\u00e4llande plan s\u00e4ger den tydligt: <strong><em>\u201dKommunen avser inte bevilja ans\u00f6kningar om utbyggnad av storskalig elproduktion ex. vindbruk , innan en kommunal plan f\u00f6r energif\u00f6rs\u00f6rjning tagits fram och beslutats.\u201d<\/em><\/strong><\/p>\n<p>John \u00c5berg sade \u00e4ven vid samma tillf\u00e4lle: <em>\u201dI och med att vi antog en ny \u00f6versiktsplan tog Sollefte\u00e5 kommun ocks\u00e5 en mycket mer restriktiv h\u00e5llning till vindkrafts-utbyggnad. Utifr\u00e5n den nya \u00f6versiktsplanen anser vi att domen \u00e4r helt korrekt.<\/em> (Allts\u00e5 avslaget p\u00e5 FORSCAs projekt som han intill dess hela tiden r\u00f6stat f\u00f6r.)<\/p>\n<p>Det \u00e4r ot\u00e4nkbart att denna vindindustrietablering skall f\u00e5 tillst\u00e5nd fr\u00e5n kommunen. Det f\u00f6refaller helt orimligt att kommunen \u00e4n en g\u00e5ng skulle f\u00f6rsynda sig mot en \u00f6versiktsplan s\u00e5 som skedde med den f\u00f6rut g\u00e4llande vindbruksplanen F\u00d6P 2008, som s\u00e5 skaml\u00f6st \u00e5sidosattes med \u201dv\u00e4gledningen\u201d \u00e5r 2013. Resultatet av denna f\u00f6rsyndelse har redan \u00e5samkat kommunmedborgare stor sorg. Allt eftersom de monstru\u00f6sa industrier, som \u201dV\u00e4gledningen\u201d m\u00f6jliggjorde, b\u00f6rjar torna upp sig och \u201dkr\u00f6na\u201d de berg som omger v\u00e5r vackra \u00e5dal, kommer ingen att kunna blunda f\u00f6r det faktum att detta har v\u00e5ra kommunpolitiker aktivt planerat och r\u00f6stat f\u00f6r. Vilken skam!<\/p>\n<p>G\u00f6r inte om \u201dmisstaget\u201d n\u00e4r och om F\u00e4ngsj\u00f6\/Storsj\u00f6h\u00f6jden skall beslutas! <strong>F\u00f6lj g\u00e4llande plan denna g\u00e5ng!<\/strong><\/p>\n<p>Brita Isaksson<\/p>\n<\/div>\n","protected":false},"excerpt":{"rendered":"<p>I slutet av november framkom att FORSCA planerar en ny ans\u00f6kan om storskalig vindkraft i F\u00e4ngsj\u00f6\/Storsj\u00f6h\u00f6jden i N\u00e4s\u00e5ker. Tidigare ans\u00f6kan avslogs efter sju \u00e5rs process i MM\u00d6D i april 2018. Ca sju m\u00e5nader av l\u00e4ttnad och gl\u00e4dje blev det i alla fall. 29 nov. 2018 bj\u00f6d FORSCA in Sollefte\u00e5 kommuns politiker till ett Information- och [&hellip;]<\/p>\n","protected":false},"author":2,"featured_media":0,"comment_status":"open","ping_status":"open","sticky":false,"template":"","format":"standard","meta":{"footnotes":""},"categories":[3],"tags":[],"class_list":["post-2599","post","type-post","status-publish","format-standard","hentry","category-allmant"],"_links":{"self":[{"href":"http:\/\/roan.junselebyar.se\/index.php?rest_route=\/wp\/v2\/posts\/2599","targetHints":{"allow":["GET"]}}],"collection":[{"href":"http:\/\/roan.junselebyar.se\/index.php?rest_route=\/wp\/v2\/posts"}],"about":[{"href":"http:\/\/roan.junselebyar.se\/index.php?rest_route=\/wp\/v2\/types\/post"}],"author":[{"embeddable":true,"href":"http:\/\/roan.junselebyar.se\/index.php?rest_route=\/wp\/v2\/users\/2"}],"replies":[{"embeddable":true,"href":"http:\/\/roan.junselebyar.se\/index.php?rest_route=%2Fwp%2Fv2%2Fcomments&post=2599"}],"version-history":[{"count":3,"href":"http:\/\/roan.junselebyar.se\/index.php?rest_route=\/wp\/v2\/posts\/2599\/revisions"}],"predecessor-version":[{"id":2602,"href":"http:\/\/roan.junselebyar.se\/index.php?rest_route=\/wp\/v2\/posts\/2599\/revisions\/2602"}],"wp:attachment":[{"href":"http:\/\/roan.junselebyar.se\/index.php?rest_route=%2Fwp%2Fv2%2Fmedia&parent=2599"}],"wp:term":[{"taxonomy":"category","embeddable":true,"href":"http:\/\/roan.junselebyar.se\/index.php?rest_route=%2Fwp%2Fv2%2Fcategories&post=2599"},{"taxonomy":"post_tag","embeddable":true,"href":"http:\/\/roan.junselebyar.se\/index.php?rest_route=%2Fwp%2Fv2%2Ftags&post=2599"}],"curies":[{"name":"wp","href":"https:\/\/api.w.org\/{rel}","templated":true}]}}