{"id":2619,"date":"2019-02-08T13:15:31","date_gmt":"2019-02-08T12:15:31","guid":{"rendered":"http:\/\/roan.junselebyar.se\/?p=2619"},"modified":"2019-02-08T13:26:16","modified_gmt":"2019-02-08T12:26:16","slug":"flakaberget-nasta","status":"publish","type":"post","link":"http:\/\/roan.junselebyar.se\/?p=2619","title":{"rendered":"Flakaberget n\u00e4sta!!!!!!!!!"},"content":{"rendered":"<p>&nbsp;<\/p>\n<p><span style=\"color: #000000; font-family: Calibri;\">Vindkraftmaffian \u00e4r verkligen p\u00e5 hugget nu; F\u00f6rst offentliggjorde FORSCA sin avsikt att sondera terr\u00e4ngen inf\u00f6r en ny ans\u00f6kan om storskalig vindindustri i F\u00e4ngsj\u00f6\/Storsj\u00f6j\u00f6jden. D\u00e4refter kom J\u00e4mtkrafts planer p\u00e5 Hocksj\u00f6n och nu erfar vi att Flodin m.fl. g\u00e5r till f\u00f6rnyat angrepp p\u00e5 Flakaberget och Nallkullen.<\/span><\/p>\n<p><span style=\"font-family: Calibri;\"><span style=\"color: #000000;\">\u00a0Det har varit tyst om Flakabergsexploatering\u00a0 sedan Flodin som ombud arrangerade en symbolisk ig\u00e5ngs\u00e4ttning av det projektet. Bygglovet h\u00f6ll n\u00e4mligen p\u00e5 att l\u00f6pa ut.<\/span><\/span><\/p>\n<p><span style=\"color: #000000; font-family: Calibri;\">Enligt dokument, som jag i dag erh\u00e5llit fr\u00e5n l\u00e4nsstyrelsens diarium, planerar nu ett f\u00f6retag , Mitt Vind AB, att exploatera Flakaberget p\u00e5 ett s\u00e4tt som fordrar tillst\u00e5nd f\u00f6r milj\u00f6farlig verksamhet. Enligt dagsf\u00e4rsk information fr\u00e5n Bolagsverket finns det inget f\u00f6retag, som heter Mitt Vind AB. Intressant att notera \u00e4r allts\u00e5 att Flakaberget nu riskerar en storskalig vindindustri i st f\u00f6r den av kommunen f\u00f6rut godk\u00e4nda mellanstora bygglovsexploateringen. Och att denna storskaliga exploatering planeras av ett f\u00f6retag, som inte finns.<\/span><\/p>\n<p><span style=\"color: #000000; font-family: Calibri;\">\u00a0<\/span><\/p>\n<p><span style=\"color: #000000; font-family: Calibri;\">Dokumenten \u00e4r offentliga:<\/span><\/p>\n<p><span style=\"color: #000000; font-family: Calibri;\">Till\u00a0\u00a0\u00a0\u00a0\u00a0\u00a0\u00a0\u00a0\u00a0\u00a0\u00a0\u00a0\u00a0\u00a0\u00a0\u00a0\u00a0\u00a0\u00a0\u00a0\u00a0\u00a0\u00a0\u00a0\u00a0\u00a0\u00a0\u00a0\u00a0\u00a0\u00a0\u00a0\u00a0\u00a0\u00a0\u00a0\u00a0\u00a0\u00a0\u00a0\u00a0\u00a0\u00a0\u00a0\u00a0\u00a0\u00a0\u00a0\u00a0\u00a0\u00a0\u00a0\u00a0\u00a0\u00a0\u00a0\u00a0\u00a0\u00a0\u00a0\u00a0\u00a0\u00a0\u00a0\u00a0\u00a0\u00a0\u00a0\u00a0\u00a0\u00a0\u00a0\u00a0\u00a0\u00a0\u00a0\u00a0\u00a0\u00a0\u00a0\u00a0\u00a0\u00a0\u00a0\u00a0\u00a0\u00a0\u00a0\u00a0\u00a0\u00a0\u00a0\u00a0\u00a0\u00a0\u00a0\u00a0\u00a0\u00a0\u00a0\u00a0\u00a0\u00a0\u00a0\u00a0\u00a0\u00a0\u00a0\u00a0\u00a0\u00a0\u00a0\u00a0\u00a0\u00a0\u00a0\u00a0\u00a0\u00a0\u00a0\u00a0\u00a0\u00a0\u00a0\u00a0\u00a0\u00a0\u00a0\u00a0\u00a0\u00a0\u00a0\u00a0\u00a0\u00a0\u00a0\u00a0\u00a0\u00a0\u00a0\u00a0\u00a0\u00a0\u00a0\u00a0\u00a0 2019 01 29<\/span><\/p>\n<p><span style=\"color: #000000; font-family: Calibri;\">L\u00c4NSSTYRELSEN I V\u00c4STERNORRLAND\u00a0\u00a0\u00a0\u00a0 DANIEL YNGSELL<\/span><\/p>\n<p><span style=\"color: #000000; font-family: Calibri;\">SOLLEFTE\u00c5 KOMMUN\u00a0\u00a0\u00a0\u00a0\u00a0\u00a0\u00a0 ULLA ULLSTEIN\u00a0\u00a0 HANNA W\u00d6RMAN<\/span><\/p>\n<p><span style=\"color: #000000; font-family: Calibri;\">FR\u00c5N <\/span><\/p>\n<p><span style=\"color: #000000; font-family: Calibri;\">LUNG VIND AB\u00a0\u00a0\u00a0\u00a0\u00a0\u00a0\u00a0 HANS-ERIK FLODIN<\/span><\/p>\n<p><span style=\"font-family: Calibri;\"><span style=\"color: #000000;\">MITT VIND AB\u00a0\u00a0\u00a0\u00a0\u00a0\u00a0\u00a0 DAG MELKERSSON\u00a0\u00a0\u00a0\u00a0 P-O\u00a0 S\u00c4TERHALL\u00a0\u00a0 <\/span><\/span><\/p>\n<p><span style=\"color: #000000; font-family: Calibri;\">\u00a0 <\/span><\/p>\n<p><span style=\"color: #000000; font-family: Calibri;\">SAMR\u00c5D\u00a0 INF\u00d6R\u00a0 TILLST\u00c5NDSANS\u00d6KAN F\u00d6R 2 VINDKRAFTSPROJEKT I V\u00c4STRA \u00c5NGERMANLAND<\/span><\/p>\n<p><span style=\"color: #000000; font-family: Calibri;\">H\u00e4rmed anh\u00e5ller ovan n\u00e4mnda bolag om att f\u00e5 h\u00e5lla samr\u00e5d med\u00a0 L\u00e4nsstyrelsen\u00a0 V\u00e4sternorrland och Sollefte\u00e5 kommun inf\u00f6r ans\u00f6kan om tillst\u00e5nd enligt milj\u00f6balken f\u00f6r projekt Nallkullen i Lungsj\u00f6n och projekt Flakberget\u00a0 N om NorrMoflo \/ O om Sundmo.<\/span><\/p>\n<p><span style=\"color: #000000; font-family: Calibri;\">B\u00e5da projekten har giltiga bygglov med startbesked men har nu f\u00f6r avsikt att \u201d uppgradera\u201d projekten till\u00a0 godk\u00e4nda tillst\u00e5nd.<\/span><\/p>\n<p><span style=\"color: #000000; font-family: Calibri;\">Vi har inget emot att h\u00e5lla dessa samr\u00e5d samma dag f\u00f6r att underl\u00e4tta f\u00f6r er p\u00e5 Kommunen o L\u00e4nsstyrelsen om ni s\u00e5 \u00f6nskar. Om ni \u00f6nskar syn p\u00e5 plats s\u00e5 kan vi ordna lokal f\u00f6r sammantr\u00e4det<\/span><\/p>\n<p><span style=\"color: #000000; font-family: Calibri;\">Vi har ett \u00f6nskem\u00e5l om att samr\u00e5det h\u00e5lles\u00a0 n\u00e5gon av de uppr\u00e4knade dagarna s\u00e5som <\/span><\/p>\n<p><span style=\"color: #000000; font-family: Calibri;\">28 februari, 1 mars , 4 mars eller 5 mars.<\/span><\/p>\n<p><span style=\"color: #000000; font-family: Calibri;\">Underlag f\u00f6r samr\u00e5den\u00a0 kommer att skickas ut inom kort.<\/span><\/p>\n<p><span style=\"color: #000000; font-family: Calibri;\">Med v\u00e4nlig h\u00e4lsning<\/span><\/p>\n<p><span style=\"color: #000000; font-family: Calibri;\">Hans-Erik Flodin\u00a0\u00a0\u00a0\u00a0\u00a0\u00a0 Dag Melkersson\u00a0\u00a0\u00a0 P-O\u00a0\u00a0 S\u00e4terhall<\/span><\/p>\n<p><span style=\"color: #000000; font-family: Calibri;\">\u00a0<\/span><\/p>\n<p><span style=\"color: #000000; font-family: Calibri;\">\u00a0<\/span><\/p>\n<p><span style=\"color: #000000; font-family: Calibri;\">\u00a0<\/span><\/p>\n<p><span style=\"color: #000000; font-family: Calibri;\">\u00a0<\/span><\/p>\n<p><span style=\"font-family: Calibri;\"><span style=\"color: #000000;\">Fr\u00e5n:\u00a0\u00a0\u00a0\u00a0\u00a0\u00a0\u00a0\u00a0\u00a0\u00a0\u00a0\u00a0\u00a0\u00a0\u00a0\u00a0\u00a0\u00a0\u00a0\u00a0\u00a0\u00a0\u00a0\u00a0\u00a0\u00a0\u00a0\u00a0\u00a0\u00a0\u00a0\u00a0\u00a0 &#8220;Hans-Erik Flodin&#8221; &lt;vindkraft@telia.com&gt; Skickat:\u00a0\u00a0\u00a0\u00a0\u00a0\u00a0\u00a0\u00a0\u00a0\u00a0\u00a0\u00a0\u00a0\u00a0\u00a0\u00a0\u00a0\u00a0\u00a0\u00a0\u00a0\u00a0\u00a0\u00a0\u00a0\u00a0 <\/span><\/span><\/p>\n<p><span style=\"font-family: Calibri;\"><span style=\"color: #000000;\">\u00a0 Wed, 6 Feb 2019 13:51:30 +0100 Till:\u00a0\u00a0\u00a0\u00a0\u00a0\u00a0\u00a0\u00a0\u00a0\u00a0\u00a0\u00a0\u00a0\u00a0\u00a0\u00a0\u00a0\u00a0\u00a0\u00a0\u00a0\u00a0\u00a0\u00a0\u00a0\u00a0\u00a0\u00a0\u00a0\u00a0\u00a0\u00a0\u00a0\u00a0\u00a0\u00a0 &#8220;Yngsell Daniel&#8221; &lt;daniel.yngsell@lansstyrelsen.se&gt; \u00c4mne:\u00a0\u00a0\u00a0\u00a0\u00a0\u00a0\u00a0\u00a0\u00a0\u00a0\u00a0\u00a0\u00a0\u00a0\u00a0\u00a0\u00a0\u00a0\u00a0\u00a0\u00a0\u00a0\u00a0\u00a0\u00a0\u00a0\u00a0\u00a0\u00a0\u00a0 M\u00f6te den 5 mars i V\u00e4stra \u00c5ngermanland<\/span><\/span><\/p>\n<p><span style=\"color: #000000; font-family: Calibri;\">Hej Daniel!<\/span><\/p>\n<p><span style=\"color: #000000; font-family: Calibri;\">\u00a0<\/span><\/p>\n<p><span style=\"color: #000000; font-family: Calibri;\">Undrar \u00f6ver v\u00e5rt samr\u00e5dsm\u00f6te den 5 mars f\u00f6r tillst\u00e5ndsans\u00f6kan av Nallkullen ( Lungsj\u00f6n)och Flakaberget? Har pratat med Sollefte\u00e5 kommun \/Ulla Ullstein om m\u00f6tet och de kunde och ville vara med!<\/span><\/p>\n<p><span style=\"color: #000000; font-family: Calibri;\">\u00a0<\/span><\/p>\n<p><span style=\"color: #000000; font-family: Calibri;\">Undrar bara hur\/var\/tid\u00a0 vi m\u00f6ts och i vilken ordning vi skall titta p\u00e5 projekten var tycker ni vi skall ha den teoretiska genomg\u00e5ngen.\u00a0\u00a0 Ang\u00e5ende \u00a0Flakaberget s\u00e5 kommer verken att synas mest fr\u00e5n Sundmo by?! F\u00f6r Nallen s\u00e5 \u00e4r det ju Lungsj\u00f6n o Hocksj\u00f6n som g\u00e4ller!<\/span><\/p>\n<p><span style=\"color: #000000; font-family: Calibri;\">\u00a0<\/span><\/p>\n<p><span style=\"color: #000000; font-family: Calibri;\">Vi kan ju rekommendera rutt o plats f\u00f6r teoretiska genomg\u00e5ngen och ev. var lunch kan intagas om ni s\u00e5 vill !<\/span><\/p>\n<p><span style=\"color: #000000; font-family: Calibri;\">Med v\u00e4nlig h\u00e4lsning Hans \u2013Erik Flodin<\/span><\/p>\n<p><span style=\"color: #000000; font-family: Calibri;\">\u00a0<\/span><\/p>\n<p><span style=\"color: #000000; font-family: Calibri;\">\u00a0<\/span><\/p>\n<p><span style=\"color: #000000; font-family: Calibri;\">\u00a0<\/span><\/p>\n<p><span style=\"font-family: Calibri;\"><span style=\"color: #000000;\">Fr\u00e5n:\u00a0\u00a0\u00a0\u00a0\u00a0\u00a0\u00a0\u00a0\u00a0\u00a0\u00a0\u00a0\u00a0\u00a0\u00a0\u00a0\u00a0\u00a0\u00a0\u00a0\u00a0\u00a0\u00a0\u00a0\u00a0\u00a0\u00a0\u00a0\u00a0\u00a0\u00a0\u00a0\u00a0 &#8220;Yngsell Daniel&#8221; Skickat:\u00a0\u00a0\u00a0\u00a0\u00a0\u00a0\u00a0\u00a0\u00a0\u00a0\u00a0\u00a0\u00a0\u00a0\u00a0\u00a0\u00a0\u00a0\u00a0\u00a0\u00a0\u00a0\u00a0\u00a0\u00a0\u00a0\u00a0 <\/span><\/span><\/p>\n<p><span style=\"font-family: Calibri;\"><span style=\"color: #000000;\">\u00a0Thu, 7 Feb 2019 13:32:17 +0100 Till:\u00a0\u00a0\u00a0\u00a0\u00a0\u00a0\u00a0\u00a0\u00a0\u00a0\u00a0\u00a0\u00a0\u00a0\u00a0\u00a0\u00a0\u00a0\u00a0\u00a0\u00a0\u00a0\u00a0\u00a0\u00a0\u00a0\u00a0\u00a0\u00a0\u00a0\u00a0\u00a0\u00a0\u00a0\u00a0\u00a0 &#8220;&#8216;vindkraft@telia.com'&#8221; &lt;vindkraft@telia.com&gt; \u00c4mne:\u00a0\u00a0\u00a0\u00a0\u00a0\u00a0\u00a0\u00a0\u00a0\u00a0\u00a0\u00a0\u00a0\u00a0\u00a0\u00a0\u00a0\u00a0\u00a0\u00a0\u00a0\u00a0\u00a0 \u00a0\u00a0\u00a0\u00a0\u00a0\u00a0\u00a0Samr\u00e5d enligt 6 kap. milj\u00f6balken Bilagor:\u00a0\u00a0\u00a0\u00a0\u00a0\u00a0\u00a0\u00a0\u00a0\u00a0\u00a0\u00a0\u00a0\u00a0\u00a0\u00a0\u00a0\u00a0\u00a0\u00a0\u00a0\u00a0\u00a0\u00a0\u00a0\u00a0\u00a0\u00a0 4-7 Utredning kulturmilj\u00f6 &#8211; rekommendationer.doc, 4-1 Att s\u00f6ka tillst\u00e5nd milj\u00f6farlig verksamhet.pdf, 4-3 Agenda samr\u00e5dsm\u00f6te.docx, 4-4 Protokoll fr\u00e5n samr\u00e5dsm\u00f6te med myndigheter.docx, 4-5 Bilaga 1 Fokusdelar vind.docx, 4-2 Att s\u00f6ka tillst\u00e5nd f\u00f6r vindkraft.pdf, 4-8 Utredning renn\u00e4ring &#8211; rekommendationer.doc<\/span><\/span><\/p>\n<p><span style=\"color: #000000; font-family: Calibri;\">Hej,<\/span><span style=\"color: #000000; font-family: Calibri;\">\u00a0<\/span><\/p>\n<p><span style=\"color: #000000; font-family: Calibri;\">L\u00e4nsstyrelsen V\u00e4sternorrland har mottagit er inbjudan till samr\u00e5d enligt 6 kap. milj\u00f6balken, avseende vindkraftparker, i Sollefte\u00e5 kommun.<\/span><\/p>\n<p>&nbsp;<\/p>\n<p><span style=\"color: #000000; font-family: Calibri;\">L\u00e4nsstyrelsen diarienummer f\u00f6r \u00e4rendet \u00e4r 551-1093 -2019. (Nallkullen) L\u00e4nsstyrelsen diarienummer f\u00f6r \u00e4rendet \u00e4r 551-1094 -2019. (Flakaberget)<\/span><\/p>\n<p><span style=\"color: #000000; font-family: Calibri;\">\u00a0<\/span><\/p>\n<p><span style=\"color: #000000; font-family: Calibri;\">Vi avser att ha med oss mats\u00e4ck f\u00f6r dagen. Vi f\u00f6resl\u00e5r att vi b\u00f6rjar med att ses vid ett platsbes\u00f6k (exempelvis Lungsj\u00f6n och Hocksj\u00f6n) direkt p\u00e5 f\u00f6rmiddagen, sedan \u00e5ker vi till n\u00e4sta platsbes\u00f6k (Exempelvis Sundmo). D\u00e4refter tar vi oss till lokalen f\u00f6r teoretisk genomg\u00e5ng. Vi h\u00e5ller f\u00f6r mats\u00e4ck vid l\u00e4mplig tid. Vi avser att k\u00f6ra fr\u00e5n H\u00e4rn\u00f6sand vid 07:30 och kan d\u00e5 vara vid f\u00f6rsta platsbes\u00f6ket vid 10:00.<\/span><\/p>\n<p><span style=\"color: #000000; font-family: Calibri;\">\u00a0<\/span><\/p>\n<p><span style=\"color: #000000; font-family: Calibri;\">Ni ordnar en lokal i n\u00e4rheten f\u00f6r att underl\u00e4tta resan mellan platsbes\u00f6ken och lokalen. (Lokal med faciliteter s\u00e5 som toalett och matplats)<\/span><\/p>\n<p><span style=\"color: #000000; font-family: Calibri;\">\u00a0<\/span><\/p>\n<p><span style=\"color: #000000; font-family: Calibri;\">Vi vill p\u00e5minna om att ni m\u00e5ste inkomma med samr\u00e5dsunderlaget senast 3 veckor innan datumet f\u00f6r samr\u00e5d.<\/span><\/p>\n<p><span style=\"color: #000000; font-family: Calibri;\">\u00a0<\/span><\/p>\n<p><span style=\"color: #000000; font-family: Calibri;\">\u00a0<\/span><\/p>\n<p><span style=\"color: #000000; font-family: Calibri;\">Till detta meddelande finns nedanst\u00e5ende dokument bifogade. De \u00e4r t\u00e4nkta att ge st\u00f6d och underl\u00e4tta den fortsatta samr\u00e5dsprocessen.<\/span><\/p>\n<p><span style=\"color: #000000; font-family: Calibri;\">\u00a0<\/span><\/p>\n<p><span style=\"color: #000000; font-family: Calibri;\">&#8211; S\u00f6ka tillst\u00e5nd till milj\u00f6farlig verksamhet Syftet med skriften \u00e4r att ge en bild av hur tillst\u00e5ndsprocessen g\u00e5r till samt vad som b\u00f6r finnas med i ans\u00f6kningshandlingarna. I skriften finns \u00e4ven upplysningar om var man kan g\u00e5 vidare f\u00f6r att f\u00e5 ytterligare information.<\/span><\/p>\n<p><span style=\"color: #000000; font-family: Calibri;\">\u00a0<\/span><\/p>\n<p><span style=\"color: #000000; font-family: Calibri;\">&#8211; Agenda f\u00f6r samr\u00e5dsm\u00f6te med myndigheter En struktur till dagordning som l\u00e4nsstyrelsen anser b\u00f6r anv\u00e4ndas vid s\u00f6kandens samr\u00e5dsm\u00f6te med myndigheter.<\/span><\/p>\n<p><span style=\"color: #000000; font-family: Calibri;\">\u00a0<\/span><\/p>\n<p><span style=\"color: #000000; font-family: Calibri;\">&#8211; Checklista f\u00f6r vindkraft En lista \u00f6ver de fokusdelar\/fokusomr\u00e5den som l\u00e4nsstyrelsen anser beh\u00f6ver lyftas\/diskuteras under samr\u00e5det<\/span><\/p>\n<p><span style=\"color: #000000; font-family: Calibri;\">\u00a0<\/span><\/p>\n<hr \/>\n<h4><span style=\"color: #000000; font-family: Calibri;\">Spindeln i n\u00e4tet:<\/span><\/h4>\n<p><span style=\"color: #000000; font-family: Calibri;\">Kommentarer: Observera att som vanligt \u00e4r det Flodin, som \u00f6vergripande sk\u00f6ter allt detta. Adressen vindkraft@telia.com \u00e4r tydligen Flodins mailadress, dit l\u00e4nsstyrelsen s\u00e4nder sitt svar.<\/span><\/p>\n<p>Reflektion:<\/p>\n<ul>\n<li>Var g\u00e5r gr\u00e4nsen f\u00f6r hur l\u00e5gt en m\u00e4nniska kan s\u00e4nka sig f\u00f6r pengar?<\/li>\n<li>Nya \u00d6Pn om\u00f6jligg\u00f6r storskalig vindkraft p\u00e5 Flakaberget innan nya energiplanen fastst\u00e4llts och kommit fram till ngt annat.<\/li>\n<li>Nya \u00d6Pn har identifierat ett omr\u00e5de inom vilket milj\u00f6farlig verksamhet ej skall f\u00e5 finnas. Flakaberget ligger i detta skyddade omr\u00e5de.<\/li>\n<li>Renn\u00e4ringen brukar det ibland tas h\u00e4nsyn till. Ohredahke sameby p\u00e5 vars mark Flakaberget planerats, har hittills tyv\u00e4rr kommit \u00f6verens med Flodin och andra exploat\u00f6rer.<\/li>\n<li>Skyddsv\u00e4rda f\u00e5glar verkar det enligt en massa observationer krylla av. Men det hj\u00e4lper inte mycket om ingen av observationerna dokumenteras och meddelas ber\u00f6rd myndighet. R\u00e4tt avdelning p\u00e5 l\u00e4nsstyrelsen. B\u00c4TTRING!!!!!<\/li>\n<\/ul>\n<p><span style=\"color: #000000; font-family: Calibri;\">\u00a0<\/span><\/p>\n<hr \/>\n<h3><span style=\"color: #000000; font-family: Calibri;\">Flakabergets tidigare vindhistorik finns att l\u00e4sa p\u00e5 denna <a href=\"http:\/\/roan.junselebyar.se\/?p=2400\">l\u00e4nk.<\/a><\/span><\/h3>\n<p>\/Brita Isaksson<\/p>\n<p><span style=\"color: #000000; font-family: Calibri;\">\u00a0<\/span><\/p>\n","protected":false},"excerpt":{"rendered":"<p>&nbsp; Vindkraftmaffian \u00e4r verkligen p\u00e5 hugget nu; F\u00f6rst offentliggjorde FORSCA sin avsikt att sondera terr\u00e4ngen inf\u00f6r en ny ans\u00f6kan om storskalig vindindustri i F\u00e4ngsj\u00f6\/Storsj\u00f6j\u00f6jden. D\u00e4refter kom J\u00e4mtkrafts planer p\u00e5 Hocksj\u00f6n och nu erfar vi att Flodin m.fl. g\u00e5r till f\u00f6rnyat angrepp p\u00e5 Flakaberget och Nallkullen. \u00a0Det har varit tyst om Flakabergsexploatering\u00a0 sedan Flodin som ombud [&hellip;]<\/p>\n","protected":false},"author":2,"featured_media":0,"comment_status":"open","ping_status":"open","sticky":false,"template":"","format":"standard","meta":{"footnotes":""},"categories":[3],"tags":[],"class_list":["post-2619","post","type-post","status-publish","format-standard","hentry","category-allmant"],"_links":{"self":[{"href":"http:\/\/roan.junselebyar.se\/index.php?rest_route=\/wp\/v2\/posts\/2619","targetHints":{"allow":["GET"]}}],"collection":[{"href":"http:\/\/roan.junselebyar.se\/index.php?rest_route=\/wp\/v2\/posts"}],"about":[{"href":"http:\/\/roan.junselebyar.se\/index.php?rest_route=\/wp\/v2\/types\/post"}],"author":[{"embeddable":true,"href":"http:\/\/roan.junselebyar.se\/index.php?rest_route=\/wp\/v2\/users\/2"}],"replies":[{"embeddable":true,"href":"http:\/\/roan.junselebyar.se\/index.php?rest_route=%2Fwp%2Fv2%2Fcomments&post=2619"}],"version-history":[{"count":2,"href":"http:\/\/roan.junselebyar.se\/index.php?rest_route=\/wp\/v2\/posts\/2619\/revisions"}],"predecessor-version":[{"id":2624,"href":"http:\/\/roan.junselebyar.se\/index.php?rest_route=\/wp\/v2\/posts\/2619\/revisions\/2624"}],"wp:attachment":[{"href":"http:\/\/roan.junselebyar.se\/index.php?rest_route=%2Fwp%2Fv2%2Fmedia&parent=2619"}],"wp:term":[{"taxonomy":"category","embeddable":true,"href":"http:\/\/roan.junselebyar.se\/index.php?rest_route=%2Fwp%2Fv2%2Fcategories&post=2619"},{"taxonomy":"post_tag","embeddable":true,"href":"http:\/\/roan.junselebyar.se\/index.php?rest_route=%2Fwp%2Fv2%2Ftags&post=2619"}],"curies":[{"name":"wp","href":"https:\/\/api.w.org\/{rel}","templated":true}]}}