{"id":2734,"date":"2019-05-02T19:20:04","date_gmt":"2019-05-02T17:20:04","guid":{"rendered":"http:\/\/roan.junselebyar.se\/?p=2734"},"modified":"2019-05-02T19:23:27","modified_gmt":"2019-05-02T17:23:27","slug":"lansstyrelsens-yttrande-till-mmd-avseende-finnaberg","status":"publish","type":"post","link":"http:\/\/roan.junselebyar.se\/?p=2734","title":{"rendered":"L\u00e4nsstyrelsens yttrande till MMD avseende Finn\u00e5berg"},"content":{"rendered":"<h5>Arise, som planerar att bygga Finn\u00e5berget Vindkraft, fick inte MPDs godk\u00e4nnande av de planerna. Det, f\u00f6r Arise negativa beskedet, har \u00f6verklagats till MMD och nu har l\u00e4nsstyrelsens yttrande kommit och det \u00e4r v\u00e4ldigt gl\u00e4djande l\u00e4sning. Bl.a. tas stor h\u00e4nsyn till renarnas undvikelseeffekter av vinfkraftomr\u00e5den. Jijnjevaerie samebys yttrande tillm\u00e4ts stor betydelse.<\/h5>\n<h5>Arise (med bl.a. Maud Olofsson i styrelsen) \u00e4ger nu \u00e4ven Ranasj\u00f6 och Salsj\u00f6 (Flodinprojekt). \u00c4ger och \u00e4ger f\u00f6rresten; dessa aff\u00e4rer med optioner och annat f\u00f6rst\u00e5r i alla fall inte undertecknad mycket av. Och det \u00e4r f\u00f6rmodligen inte meningen att vanligt folk skall kunna ha n\u00e5gon insyn i dessa vindindustriaff\u00e4rer.<\/h5>\n<h5>Underbart i alla fall att det verkar som att st\u00f6rre h\u00e4nsyn nu tas till nu existerande och framtida m\u00f6jligheter att bedriva renn\u00e4ring. Detta visade ju \u00e4ven <a href=\"http:\/\/roan.junselebyar.se\/?p=2727\">MPDs avslag av Storh\u00f6jden 2<\/a>. Sollefte\u00e5 kommun d\u00e4remot har tillstyrkt dessa b\u00e5da projekt. Men det var p\u00e5 Lassens tid&#8230;\u2026..<\/h5>\n<p>&nbsp;<\/p>\n<h2><\/h2>\n<h2><span style=\"color: #000000; font-family: Times New Roman;\">Yttrande avseende vindkraftpark Finn\u00e5berget, Sollefte\u00e5 <\/span><\/h2>\n<h2><span style=\"color: #000000; font-family: Times New Roman;\">och Ragunda kommuner, m\u00e5l M 3132-18<\/span><\/h2>\n<p>&nbsp;<\/p>\n<h2>Yttrande<\/h2>\n<p>L\u00e4nsstyrelsen V\u00e4sternorrland anser att \u00f6verklagandet fr\u00e5n Arise Wind HoldCo 10 AB (Bolaget) inte ska bifallas och att milj\u00f6pr\u00f6vningsdelegationens beslut ska fastst\u00e4llas.<\/p>\n<h3>L\u00e4nsstyrelsens sk\u00e4l till yttrandet<\/h3>\n<p>L\u00e4nsstyrelsen har inget att erinra mot p\u00e5st\u00e5endet att beteskvaliteten inom projektomr\u00e5det idag \u00e4r l\u00e5g. D\u00e4remot menar l\u00e4nsstyrelsen att en bed\u00f6mning av p\u00e5verkan p\u00e5 rensk\u00f6tseln m\u00e5ste ta h\u00e4nsyn till undvikelseeffekter och att os\u00e4kerhet kring hur stora ytor som ber\u00f6rs av undvikelseeffekter r\u00e5der. Inga entydiga forskningsresultat existerar vad g\u00e4ller p\u00e5 vilket avst\u00e5nd undvikelseeffekt finns. Renarnas beteende varierar n\u00e4r omr\u00e5den har olika f\u00f6ruts\u00e4ttningar. Vissa rapporter pekar p\u00e5 att undvikelseeffekt f\u00f6rekommer p\u00e5 upp till fem kilometer fr\u00e5n vindkraftverk. Jijnjevaerie sameby lyfter i sitt yttrande till milj\u00f6pr\u00f6vnignsdelegationen sin erfarenhet av hur undvikelsebeteende helt tydligt existerar hos renarna gentemot vindkraftsanl\u00e4ggningar. L\u00e4nsstyrelsen anser att kunskaper som byggts upp av rensk\u00f6tare i generationer m\u00e5ste beaktas och tillm\u00e4tas betydelse, \u00e4ven om de inte publicerats i vetenskapliga sammanhang.<\/p>\n<p>L\u00e4nsstyrelsen noterar att i den utredning Bolaget i sitt \u00f6verklagande h\u00e4nvisar till, har inga rensk\u00f6tare kommit till tals.<\/p>\n<p>Vinterbetesmarker \u00e4r ofta en begr\u00e4nsande faktor f\u00f6r samebyar. Idag \u00e4r dess vinterbetesomr\u00e5den fragmenterade, p.g.a. omv\u00e4rldsfaktorer som v\u00e4gar, j\u00e4rnv\u00e4g, vindkraftsparker, t\u00e4kter och t\u00e4torter. Det har minskat m\u00f6jligheterna till fritt str\u00f6vande bete f\u00f6r renarna och till flexibilitet i markanv\u00e4ndningen.<\/p>\n<p>Det \u00e4r inte relevant att, s\u00e5som l\u00e4nsstyrelsen uppfattar att Bolaget g\u00f6r, l\u00e4gga stor vikt vid projektomr\u00e5dets areal i f\u00f6rh\u00e5llande till den totala betestrakten. Vikten av en viss yta kan vara mycket st\u00f6rre \u00e4n vad en procentsiffra som m\u00e4ter areal kan tyda p\u00e5, s\u00e4rskilt n\u00e4r f\u00f6rlusten betraktas kumulativt med andra f\u00f6rluster.<\/p>\n<p>I bed\u00f6mningen av kumulativa effekter i fallet Finn\u00e5berget, ska inte bara vindkraftparker i drift eller under byggnation beaktas, utan \u00e4ven \u00f6vriga parker som \u00e4r tillst\u00e5ndsgivna. Detsamma g\u00e4ller t\u00e4kter.<\/p>\n<p>L\u00e4nsstyrelsen bed\u00f6mer, mot bakgrund av vad som yttrats av Jijnjevaerie sameby till milj\u00f6pr\u00f6vningsdelegationen under pr\u00f6vningen, att Hal\u00e5ns vinterbetesomr\u00e5de \u00e4r mycket betydande f\u00f6r renn\u00e4ringen. \u00c4ven tillg\u00e5ngen till reservbeten, n\u00e4r de goda betesmarkerna krymper och det totala beteslandet fragmenteras, \u00e4r mycket viktig f\u00f6r renn\u00e4ringen.<\/p>\n<p>P.g.a. undvikelseeffekter menar l\u00e4nsstyrlesen att en inte obetydlig del av Hal\u00e5ns betestrakt riskerar att p\u00e5verkas negativt. Beaktat kumulativ p\u00e5verkan, av tillst\u00e5ndsgivna vindkraftparker och \u00f6vriga verksamheter kring Hal\u00e5ns betestrakt, menar l\u00e4nsstyrelsen att p\u00e5verkan riskerar att bli betydande.<\/p>\n<p>Mark- och vattenomr\u00e5den som har betydelse f\u00f6r renn\u00e4ringen ska s\u00e5 l\u00e5ngt m\u00f6jligt skyddas mot \u00e5tg\u00e4rder som kan p\u00e5tagligt f\u00f6rsv\u00e5ra n\u00e4ringens bedrivande. Det framg\u00e5r av 3 kap. 5 milj\u00f6balken. Av f\u00f6rarbetena framg\u00e5r att best\u00e4mmelsen inte tar sikte p\u00e5 sj\u00e4lva n\u00e4ringen utan p\u00e5 renn\u00e4ringens behov av tillg\u00e5ng till markomr\u00e5den, se prop. 1997\/98:45 del 1 s. 243.<\/p>\n<p>Mark- och vattenomr\u00e5den som \u00e4r s\u00e4rskilt l\u00e4mpliga f\u00f6r anl\u00e4ggningar f\u00f6r energiproduktion ska s\u00e5 l\u00e5ngt m\u00f6jligt skyddas mot \u00e5tg\u00e4rder som p\u00e5tagligt kan f\u00f6rsv\u00e5ra tillkomsten eller utnyttjandet av s\u00e5dana anl\u00e4ggningar. Mark och vattenomr\u00e5den som \u00e4r av riksintresse f\u00f6r bl.a. vindkraft ska skyddas mot \u00e5tg\u00e4rder som p\u00e5tagligt kan f\u00f6rsv\u00e5ra tillkomsten av s\u00e5dana anl\u00e4ggningar. Det framg\u00e5r av 3 kap. 8 milj\u00f6balken. Best\u00e4mmelsen ger dock inte n\u00e5gon grund f\u00f6r ingripande mot den markanv\u00e4ndning som redan p\u00e5g\u00e5r inom ber\u00f6rda omr\u00e5den, se prop. 1985\/86:3 s. 168. Att ett omr\u00e5de har utpekats som riksintresse f\u00f6r vindbruk inneb\u00e4r inte n\u00e5got avg\u00f6rande sk\u00e4l f\u00f6r att till\u00e5ta en etablering. Det b\u00f6r dock utg\u00f6ra underlag vid bed\u00f6mningen av vilket eller vilka markanv\u00e4ndningar som ur allm\u00e4n synpunkt \u00e4r l\u00e5ngsiktigt mest l\u00e4mpliga.<\/p>\n<p>L\u00e4nsstyrelsen betonar att det i pr\u00f6vningen inte \u00e4r fr\u00e5ga om att v\u00e4ga intressena vindbruk och renn\u00e4ring f\u00f6r att se vilken av dem som har r\u00e4tten att anv\u00e4nda det aktuella omr\u00e5det, eftersom betesr\u00e4tten \u00e4r given. Pr\u00f6vningen i \u00e4rendet utg\u00f6r ist\u00e4llet fr\u00e5ga om vindkraft och renn\u00e4ring kan samexistera i omr\u00e5det eller om vindbruket inte ska till\u00e5tas.<\/p>\n<p>Renn\u00e4ringen omfattas av de allm\u00e4nna h\u00e4nsynsreglerna i 2 kap. milj\u00f6balken (M\u00d6D M 824-11), d\u00e4ribland f\u00f6rsiktighetsprincipen och verksamhetsut\u00f6varens bevisb\u00f6rda.<\/p>\n<p>L\u00e4nsstyrelsen bed\u00f6mer att det inte visats i m\u00e5let att vindkraftparken kan etableras utan att p\u00e5tagligt p\u00e5verka markomr\u00e5den som har betydelse f\u00f6r renn\u00e4ringen och d\u00e4rmed p\u00e5tagligt f\u00f6rsv\u00e5ra f\u00f6r renn\u00e4ringen. Risken kan inte\u00a0bortses fr\u00e5n. Lokaliseringen ska d\u00e4rf\u00f6r inte anses l\u00e4mplig med h\u00e4nsyn till sitt l\u00e4ge och beskaffenhet.<\/p>\n<p>S\u00f6ren Thor\u00a0\u00a0\u00a0\u00a0\u00a0\u00a0\u00a0\u00a0\u00a0\u00a0\u00a0\u00a0\u00a0\u00a0\u00a0\u00a0\u00a0\u00a0\u00a0\u00a0\u00a0\u00a0\u00a0\u00a0\u00a0\u00a0\u00a0\u00a0\u00a0\u00a0\u00a0\u00a0\u00a0\u00a0\u00a0\u00a0\u00a0\u00a0\u00a0 Anna B\u00e4ckman<\/p>\n<p>Enhetschef \u00a0 \u00a0 \u00a0 \u00a0 \u00a0 \u00a0 \u00a0 \u00a0 \u00a0 \u00a0 \u00a0 \u00a0 \u00a0 \u00a0 \u00a0 \u00a0 \u00a0 \u00a0 \u00a0 \u00a0 \u00a0 \u00a0\u00a0 Milj\u00f6handl\u00e4ggare<\/p>\n<p>&nbsp;<\/p>\n<p>\/Tarabrita<\/p>\n","protected":false},"excerpt":{"rendered":"<p>Arise, som planerar att bygga Finn\u00e5berget Vindkraft, fick inte MPDs godk\u00e4nnande av de planerna. Det, f\u00f6r Arise negativa beskedet, har \u00f6verklagats till MMD och nu har l\u00e4nsstyrelsens yttrande kommit och det \u00e4r v\u00e4ldigt gl\u00e4djande l\u00e4sning. Bl.a. tas stor h\u00e4nsyn till renarnas undvikelseeffekter av vinfkraftomr\u00e5den. Jijnjevaerie samebys yttrande tillm\u00e4ts stor betydelse. Arise (med bl.a. Maud Olofsson [&hellip;]<\/p>\n","protected":false},"author":2,"featured_media":0,"comment_status":"open","ping_status":"open","sticky":false,"template":"","format":"standard","meta":{"footnotes":""},"categories":[3],"tags":[],"class_list":["post-2734","post","type-post","status-publish","format-standard","hentry","category-allmant"],"_links":{"self":[{"href":"http:\/\/roan.junselebyar.se\/index.php?rest_route=\/wp\/v2\/posts\/2734","targetHints":{"allow":["GET"]}}],"collection":[{"href":"http:\/\/roan.junselebyar.se\/index.php?rest_route=\/wp\/v2\/posts"}],"about":[{"href":"http:\/\/roan.junselebyar.se\/index.php?rest_route=\/wp\/v2\/types\/post"}],"author":[{"embeddable":true,"href":"http:\/\/roan.junselebyar.se\/index.php?rest_route=\/wp\/v2\/users\/2"}],"replies":[{"embeddable":true,"href":"http:\/\/roan.junselebyar.se\/index.php?rest_route=%2Fwp%2Fv2%2Fcomments&post=2734"}],"version-history":[{"count":2,"href":"http:\/\/roan.junselebyar.se\/index.php?rest_route=\/wp\/v2\/posts\/2734\/revisions"}],"predecessor-version":[{"id":2736,"href":"http:\/\/roan.junselebyar.se\/index.php?rest_route=\/wp\/v2\/posts\/2734\/revisions\/2736"}],"wp:attachment":[{"href":"http:\/\/roan.junselebyar.se\/index.php?rest_route=%2Fwp%2Fv2%2Fmedia&parent=2734"}],"wp:term":[{"taxonomy":"category","embeddable":true,"href":"http:\/\/roan.junselebyar.se\/index.php?rest_route=%2Fwp%2Fv2%2Fcategories&post=2734"},{"taxonomy":"post_tag","embeddable":true,"href":"http:\/\/roan.junselebyar.se\/index.php?rest_route=%2Fwp%2Fv2%2Ftags&post=2734"}],"curies":[{"name":"wp","href":"https:\/\/api.w.org\/{rel}","templated":true}]}}