{"id":2869,"date":"2020-02-12T13:14:18","date_gmt":"2020-02-12T12:14:18","guid":{"rendered":"http:\/\/roan.junselebyar.se\/?p=2869"},"modified":"2020-02-13T17:59:23","modified_gmt":"2020-02-13T16:59:23","slug":"samradsmote-flakaberget","status":"publish","type":"post","link":"http:\/\/roan.junselebyar.se\/?p=2869","title":{"rendered":"Samr\u00e5dsm\u00f6te Flakaberget"},"content":{"rendered":"<p>Detta har boende inom 2,5 km fr\u00e5n den planerade vindindustrin f\u00e5tt i sina brevl\u00e5dor:<img loading=\"lazy\" decoding=\"async\" class=\"alignnone size-medium wp-image-2894\" src=\"http:\/\/roan.junselebyar.se\/nyheter\/wp-content\/uploads\/2020\/02\/Flakaberget1-440x617.jpg\" sizes=\"auto, (max-width: 440px) 100vw, 440px\" alt=\"\" width=\"440\" height=\"617\" srcset=\"http:\/\/roan.junselebyar.se\/nyheter\/wp-content\/uploads\/2020\/02\/Flakaberget1-440x617.jpg 440w, http:\/\/roan.junselebyar.se\/nyheter\/wp-content\/uploads\/2020\/02\/Flakaberget1-768x1077.jpg 768w, http:\/\/roan.junselebyar.se\/nyheter\/wp-content\/uploads\/2020\/02\/Flakaberget1-1096x1536.jpg 1096w, http:\/\/roan.junselebyar.se\/nyheter\/wp-content\/uploads\/2020\/02\/Flakaberget1-1461x2048.jpg 1461w, http:\/\/roan.junselebyar.se\/nyheter\/wp-content\/uploads\/2020\/02\/Flakaberget1-scaled.jpg 1826w\" \/><\/p>\n<p>&nbsp;<\/p>\n<div id=\"attachment_2895\" class=\"wp-caption alignnone\"><img loading=\"lazy\" decoding=\"async\" class=\"size-medium wp-image-2895\" src=\"http:\/\/roan.junselebyar.se\/nyheter\/wp-content\/uploads\/2020\/02\/Flakaberget2-440x640.jpg\" alt=\"\" width=\"440\" height=\"640\" aria-describedby=\"caption-attachment-2895\" \/><\/p>\n<p id=\"caption-attachment-2895\" class=\"wp-caption-text\">Flakaindustri bild 2 Har man n\u00e5gon skam i kroppen n\u00e4r man som ovan skriver:\u201d Inga konkurrerande riksintressen eller of\u00f6renligheter med g\u00e4llande \u00f6versiktsplan bed\u00f6ms f\u00f6religga\u201d?? <strong>Det f\u00f6religger en monumental of\u00f6renlighet med g\u00e4llande \u00f6versiktsplan.<\/strong><\/p>\n<\/div>\n<p><strong>Detta, som Mittvind g\u00e5r ut med,\u00a0 \u00e4r skandal!!!!<\/strong><\/p>\n<p><strong>N\u00e4r skall ni Sollefte\u00e5 kommunpolitiker \u00f6ppet deklarera att det \u00e4r totalt uteslutet att denna industri skall f\u00e5 kommunens bifall<\/strong> (det kommunala vetot). Kan ni inte redan nu ta klar st\u00e4llning mot detta och d\u00e4rmed skydda den redan h\u00e5rt ansatta lokalbefolkningen fr\u00e5n ytterligare pr\u00f6vningar d\u00e5 b\u00f6r ni s\u00f6ka annan syssels\u00e4ttning. Enligt den r\u00e5dande (\u00e5tminstone har inte jag sett att den ersatts med n\u00e5gonting annat) \u00d6Pn fr\u00e5n 2017 \u00e4r det fullst\u00e4ndigt uteslutet att detta \u201cprojekt\u201d skall kunna f\u00e5 kommunens bifall.<\/p>\n<p>F\u00f6rutom<strong> 1.<\/strong> det generella f\u00f6rbudet mot all ny storskalig vindkraft i kommunen intill en ny energiplan tagits s\u00e5 finns ytterligare best\u00e4mmelser mot storskalig vindkraft<strong> 2.<\/strong> i zoner l\u00e4ngs \u00e4lvdalarna och <strong>3. <\/strong>i ett omr\u00e5de, som \u00e4r planerad f\u00f6r kommande Riksintresse\u00a0 Friluftsliv.<\/p>\n<p><strong>En storskalig vindindustrialisering av Flakaberget strider mot allt detta eftersom Flakaberget ligger just i samtliga , f\u00f6r denna typ av vindindustri, \u201df\u00f6rbjudna\u201d omr\u00e5den.<\/strong><\/p>\n<p>Det har funnits ett bygglov avseende <strong>sm\u00e5skalig -mellanstor<\/strong> vindkraft. Det tillst\u00e5ndet gick ut i december -19.<\/p>\n<p>Det omr\u00e5det finner man antagligen om man rotar omkring i det gamla \u201cv\u00e4gledningsunderlaget\u201d fr\u00e5n 2013. <strong>Den \u201cv\u00e4gledningen\u201d skrotades<\/strong> <strong>uttryckligen i den nya \u00d6Pn<\/strong>. Den \u201cv\u00e4gledningen\u201d, framman\u00f6vrerad av framf\u00f6r allt Ullstein-Lassen, \u00e4r sj\u00e4lva roten till det onda- roten till den fruktansv\u00e4rda vindindustrialisering av kommunen, som vi nu ser komma. Den \u201cv\u00e4gledningen\u201d togs fram f\u00f6r att \u201crunda\u201d den d\u00e5 g\u00e4llande vindbruksplanen, F\u00d6P 2008, som inte till\u00e4t vindexploateringar av\u00a0 dessa \u201cutredningsomr\u00e5den\u201d. Av \u201cV\u00e4gledningsmaterialet\u201d framg\u00e5r allts\u00e5\u00a0 att Flakabergsomr\u00e5det kunde anv\u00e4ndas f\u00f6r sm\u00e5-mellanstor vindkraft\u2026\u2026.INTE STORSKALIG.<\/p>\n<p>Och det \u00e4r storskalig vindkraft Mittvind planerar f\u00f6r.<\/p>\n<p>Mittvind har tidigare <a href=\"http:\/\/roan.junselebyar.se\/?p=2767\">f\u00f6rs\u00f6kt muta Norrmoflo byalag<\/a>. Det gick inte bra.(fr\u00e5n mark\u00e4ger och Mittvinds perspektiv) Mark\u00e4gare som f\u00e5r vindmonstrena p\u00e5 sitt omr\u00e5de tj\u00e4nar mycket pengar. Det \u00e4r kanske d\u00e4rf\u00f6r dom exempelvis kan snedt\u00e4nda\u00a0 med polisanm\u00e4lning och hot om polisanm\u00e4lning om ngt. intr\u00e4ffar, som riskerar att omintetg\u00f6ra deras dr\u00f6m om en framtida f\u00f6rm\u00f6genhet. Vad g\u00f6r en del m\u00e4nniskor inte f\u00f6r pengar?????<\/p>\n<p>Man tror inte att detta \u00e4r sant. Men det \u00e4r det. Man tycker att dom skulle vilja visa solidaritet och empati. Men det g\u00f6r dom inte\u00a0 Man tycker att dom skulle vilja g\u00e5 ut i sina marker och gl\u00e4dja sig \u00f6ver naturens f\u00f6runderliga sk\u00f6nhet, f\u00e5glarnas s\u00e5ng, tystnaden, den sakrala friden\u2026\u2026.Men nej, s\u00e5 \u00e4r det uppenbarligen inte. Mammon betyder allt.<\/p>\n<p>Politiker: Upp till bevis!!!!! S\u00e4g NEJ redan nu!<\/p>\n<p>\/Brita Isaksson<\/p>\n<p>R\u00f6\u00e5n<\/p>\n<p>L\u00e4s \u00e4ven om <a href=\"http:\/\/roan.junselebyar.se\/?p=2874\">Eons planer<\/a>, som <strong>felaktigt<\/strong> utg\u00e5r ifr\u00e5n att lagakraftvunnet tillst\u00e5nd f\u00f6r Flakabergsexploateringen redan finns .<\/p>\n<p>&nbsp;<\/p>\n<p>&nbsp;<\/p>\n<p><img loading=\"lazy\" decoding=\"async\" class=\"wp-image-2870 aligncenter\" src=\"http:\/\/roan.junselebyar.se\/nyheter\/wp-content\/uploads\/2020\/02\/SAMRA\u030aDSAFFISCH-440x311.png\" alt=\"\" width=\"538\" height=\"380\" srcset=\"http:\/\/roan.junselebyar.se\/nyheter\/wp-content\/uploads\/2020\/02\/SAMRA\u030aDSAFFISCH-440x311.png 440w, http:\/\/roan.junselebyar.se\/nyheter\/wp-content\/uploads\/2020\/02\/SAMRA\u030aDSAFFISCH-768x543.png 768w, http:\/\/roan.junselebyar.se\/nyheter\/wp-content\/uploads\/2020\/02\/SAMRA\u030aDSAFFISCH-1536x1086.png 1536w, http:\/\/roan.junselebyar.se\/nyheter\/wp-content\/uploads\/2020\/02\/SAMRA\u030aDSAFFISCH-2048x1448.png 2048w\" sizes=\"auto, (max-width: 538px) 100vw, 538px\" \/><\/p>\n<p><strong>L\u00e4s mer <a href=\"http:\/\/roan.junselebyar.se\/?p=2864\">h\u00e4r !\u00a0<\/a><\/strong><\/p>\n<p>Och<a href=\"http:\/\/roan.junselebyar.se\/?p=2882\"> h\u00e4r!<\/a><\/p>\n<p>Och<a href=\"http:\/\/roan.junselebyar.se\/?p=2874\"> h\u00e4r<\/a><\/p>\n<p>\/Brita<\/p>\n","protected":false},"excerpt":{"rendered":"<p>Detta har boende inom 2,5 km fr\u00e5n den planerade vindindustrin f\u00e5tt i sina brevl\u00e5dor: &nbsp; Flakaindustri bild 2 Har man n\u00e5gon skam i kroppen n\u00e4r man som ovan skriver:\u201d Inga konkurrerande riksintressen eller of\u00f6renligheter med g\u00e4llande \u00f6versiktsplan bed\u00f6ms f\u00f6religga\u201d?? Det f\u00f6religger en monumental of\u00f6renlighet med g\u00e4llande \u00f6versiktsplan. Detta, som Mittvind g\u00e5r ut med,\u00a0 \u00e4r skandal!!!! [&hellip;]<\/p>\n","protected":false},"author":2,"featured_media":0,"comment_status":"open","ping_status":"open","sticky":false,"template":"","format":"standard","meta":{"footnotes":""},"categories":[3],"tags":[],"class_list":["post-2869","post","type-post","status-publish","format-standard","hentry","category-allmant"],"_links":{"self":[{"href":"http:\/\/roan.junselebyar.se\/index.php?rest_route=\/wp\/v2\/posts\/2869","targetHints":{"allow":["GET"]}}],"collection":[{"href":"http:\/\/roan.junselebyar.se\/index.php?rest_route=\/wp\/v2\/posts"}],"about":[{"href":"http:\/\/roan.junselebyar.se\/index.php?rest_route=\/wp\/v2\/types\/post"}],"author":[{"embeddable":true,"href":"http:\/\/roan.junselebyar.se\/index.php?rest_route=\/wp\/v2\/users\/2"}],"replies":[{"embeddable":true,"href":"http:\/\/roan.junselebyar.se\/index.php?rest_route=%2Fwp%2Fv2%2Fcomments&post=2869"}],"version-history":[{"count":5,"href":"http:\/\/roan.junselebyar.se\/index.php?rest_route=\/wp\/v2\/posts\/2869\/revisions"}],"predecessor-version":[{"id":2899,"href":"http:\/\/roan.junselebyar.se\/index.php?rest_route=\/wp\/v2\/posts\/2869\/revisions\/2899"}],"wp:attachment":[{"href":"http:\/\/roan.junselebyar.se\/index.php?rest_route=%2Fwp%2Fv2%2Fmedia&parent=2869"}],"wp:term":[{"taxonomy":"category","embeddable":true,"href":"http:\/\/roan.junselebyar.se\/index.php?rest_route=%2Fwp%2Fv2%2Fcategories&post=2869"},{"taxonomy":"post_tag","embeddable":true,"href":"http:\/\/roan.junselebyar.se\/index.php?rest_route=%2Fwp%2Fv2%2Ftags&post=2869"}],"curies":[{"name":"wp","href":"https:\/\/api.w.org\/{rel}","templated":true}]}}