{"id":3110,"date":"2021-04-07T22:58:41","date_gmt":"2021-04-07T20:58:41","guid":{"rendered":"http:\/\/roan.junselebyar.se\/?p=3110"},"modified":"2021-04-08T08:14:58","modified_gmt":"2021-04-08T06:14:58","slug":"det-senast-om-salsjo","status":"publish","type":"post","link":"http:\/\/roan.junselebyar.se\/?p=3110","title":{"rendered":"Det senast om Salsj\u00f6"},"content":{"rendered":"<p><strong><em>\u201dVad g\u00e4ller 170-meters rotor, s\u00e5 finns nog endast prototyper framme \u00e4n, dvs inga byggda parker i Sverige. Detta \u00e4r vanligtvis fallet d\u00e5 vi k\u00f6per verk av den senaste modellen med leverans 1-2 \u00e5r senare\u201d. <\/em><\/strong><strong>( Ur mail fr\u00e5n Arise till l\u00e4nsstyrelsen, 17\/2 2021)<\/strong><\/p>\n<p>Nedanst\u00e5ende lilla historik har ambitionen att blottl\u00e4gga n\u00e5gra av de mailkontakter mellan L\u00e4nsstyrelsens tillsynsenhet (<strong>Y<\/strong>) och Arise\/Flodin (<strong>X<\/strong>) , som kanske har haft betydelse f\u00f6r beslutet att utan milj\u00f6pr\u00f6vning till\u00e5ta monsterturbiner p\u00e5 Ranasj\u00f6\/ Salsj\u00f6 .<\/p>\n<p>\u2026\u2026\u2026\u2026\u2026\u2026\u2026\u2026\u2026\u2026\u2026\u2026\u2026\u2026\u2026\u2026\u2026\u2026\u2026\u2026\u2026\u2026\u2026\u2026\u2026\u2026..<\/p>\n<p>I ett <strong>icke diarief\u00f6rt<\/strong> mail utf\u00e4rdade <strong>Y<\/strong> 11\/10 2018 en blancofullmakt \u00e5t <strong>X<\/strong> g\u00e4llande effektf\u00f6r\u00e4ndring och d\u00e4rmed rotordiameterf\u00f6rstoring, f\u00f6rdubblad svepyta och\u00a0 minskad markfrig\u00e5ng. Inga begr\u00e4nsningar whatsoever. Ingen tanke p\u00e5 milj\u00f6n.<\/p>\n<p>Fr\u00e5n: <strong>Y<\/strong><\/p>\n<p>Till: <strong>X<\/strong><\/p>\n<p>\u00c4rende: Effekt\u00e4ndring vid Salsj\u00f6 och Ranasj\u00f6<\/p>\n<p>Datum<strong>: den 11 oktober 2018<\/strong> 10:48:40<\/p>\n<p><em>Hej!<\/em><\/p>\n<p><em>L\u00e4nsstyrelsen anser inte att ni beh\u00f6ver ans\u00f6ka eller anm\u00e4la en effekt\u00e4ndring f\u00f6r vindkraftverken.<\/em><\/p>\n<p><em>F\u00f6r Ranasj\u00f6 l\u00e4ser jag i tillst\u00e5ndet att ans\u00f6kan g\u00e4llde 40 vindkraftverk med en m\u00e4rkeffekt p\u00e5 omkring 3,5 MW per vindkraftverk och en sammanlagd installerad effekt omkring 140 MW. F\u00f6r Salsj\u00f6 l\u00e4ser jag i tillst\u00e5ndet att \u201dUnder drift kommer g\u00e4llande villkor f\u00f6r s\u00e5v\u00e4l ljud som<\/em><\/p>\n<p><em>skuggor att h\u00e5llas, oavsett vindkraftverkens fabrikat, modell eller effekt&#8221; och &#8220;\u00d6verskrids ljudvillkoret kan vindkraftverkens effekt st\u00e4llas ned varp\u00e5 ljudp\u00e5verkan minskas\u201d.<\/em><\/p>\n<p><em>Ingenting tyder p\u00e5 att n\u00e5got villkor inte kan inneh\u00e5llas i och med en n\u00e5got \u00f6kad effekt eller att milj\u00f6konsekvenser skulle uppst\u00e5.<\/em><\/p>\n<p>Med v\u00e4nlig h\u00e4lsning<\/p>\n<p><strong>Y<\/strong><\/p>\n<p>Milj\u00f6handl\u00e4ggare<\/p>\n<p>L\u00e4nsstyrelsen V\u00e4sternorrland<\/p>\n<p>&nbsp;<\/p>\n<p>Detta \u00e5beropades sj\u00e4lvfallet av Flodin i layoutsamr\u00e5det Ranasj\u00f6\/Salsj\u00f6 men \u00e4ven g\u00e4llande Isbillen : \u201d<em>Vi \u00f6nskar i \u00f6vrigt att detta projekt skall ha m\u00f6jlighet att f\u00f6lja L\u00e4nsstyrelsen i V\u00e4sternorrlands beslut i samma\/liknande \u00e4rende med h\u00e4nvisning till Krange Vind AB:s vindkraftsprojekt Ranasj\u00f6 och Salsj\u00f6 i Sollefte\u00e5 kommun. Bifogas<\/em>\u201d.(Det som bifogades var Ys blancofullmakt<em>)<\/em><\/p>\n<p>( Anm\u00e4lan om effekt\u00e4ndring, Isbillen-Kullmyran vindkraftpark, Samr\u00e5d om mindre \u00e4ndring samt uppdatering av godk\u00e4nd layout)<\/p>\n<p>\u2026\u2026\u2026\u2026\u2026\u2026\u2026\u2026\u2026\u2026\u2026\u2026\u2026\u2026\u2026\u2026\u2026\u2026\u2026\u2026\u2026\u2026\u2026\u2026\u2026\u2026\u2026\u2026\u2026\u2026\u2026\u2026\u2026<\/p>\n<p>Ranas\u00f6\/Salsj\u00f6 \u00a0layoutsamr\u00e5ds beslut gick som vanligt Flodins\/ Arises v\u00e4g.<\/p>\n<p>Surprise, surprise!!!!De fick i beslutet 29\/1 2020 lov att byta de ursprungligen ans\u00f6kta ca 2-3,5 MW-verken mot 6 MW-dito.<\/p>\n<p>&nbsp;<\/p>\n<p>Layoutsamr\u00e5dets beslut har i Ranasj\u00f6delen \u00f6verklagats av 3 personer, varav en redan n\u00e5tt \u201dv\u00e4gs \u00e4nde\u201d med nekad pr\u00f6vor\u00e4tt i M\u00d6D. 2 andra ligger i M\u00d6D och torde v\u00e4l \u00e4ven de f\u00f6rv\u00e4gras pr\u00f6vor\u00e4tt. I Salsj\u00f6delen p\u00e5g\u00e5r \u00f6verklaganden till MMD.<\/p>\n<p>&nbsp;<\/p>\n<p>I detta l\u00e4ge, av oklar anledning om man inte k\u00f6per Flodin\/Arise rakt av, ans\u00f6kte Flodin\/ Arise om f\u00f6rl\u00e4ngd ig\u00e5ngs\u00e4ttningstid.<\/p>\n<p>Det har i denna sak kommit in ett flertal yttranden, vilka R\u00f6\u00e5ns Hemsida fram\u00f6ver planerar att l\u00e4gga ut utan upphovsmannens\/-kvinnans namn.<\/p>\n<p>Yttrandetiden gick ut 2\/3\u00a0\u00a0 och intressant att notera \u00e4r att 8\/3 allts\u00e5 strax efter yttrandetidens slut diarief\u00f6rdes p\u00e5 l\u00e4nsstyrelses Diarium en mailv\u00e4xling mellan <strong>X<\/strong> och <strong>Y<\/strong>, som hade \u00e4gt rum redan 17\/2. Ur denna mailv\u00e4xling :<\/p>\n<p>&nbsp;<\/p>\n<p>(Fr\u00e5n <strong>X<\/strong> till <strong>Y<\/strong>):<\/p>\n<p><strong><em>Vad g\u00e4ller 170-meters rotor, s\u00e5 finns nog endast prototyper framme \u00e4n, dvs inga byggda parker i Sverige. Detta \u00e4r vanligtvis fallet d\u00e5 vi k\u00f6per verk av den senaste modellen med leverans 1-2 \u00e5r senare.<\/em><\/strong><\/p>\n<p>Denna mailv\u00e4xling \u00e4gde\u00a0 allts\u00e5 rum <strong>f\u00f6re<\/strong> yttrandetidens utg\u00e5ng\u00a0 men diarief\u00f6rdes <strong>efter<\/strong>. Ingen, som s\u00f6kte finna sanning i l\u00e4nsstyrelsens Diarium hade allts\u00e5 m\u00f6jlighet att ta del av denna intressanta information, att verken skulle levereras 1-2 \u00e5r senare och att vi i skogsmilj\u00f6 p\u00e5 v\u00e5ra unika \u00e5dalsberg skall uts\u00e4ttas f\u00f6r prototyptester.<\/p>\n<p>Det kunde kanske ha varit bra att veta f\u00f6r de, som yttrade sig i denna sak. Kanske var det just detta, att verken skulle levereras f\u00f6rst om 1-2 \u00e5r som egentligen f\u00f6ranledde Flodins\/ Arises ans\u00f6kan om f\u00f6rl\u00e4ngd ig\u00e5ngs\u00e4ttningstid.<\/p>\n<p>Av nedanst\u00e5ende mailv\u00e4xling kan man f\u00e5 uppfattningen att <strong>Y<\/strong> \u00e4ntligen b\u00f6rjar undra vad hen har st\u00e4llt till med.<\/p>\n<p>&nbsp;<\/p>\n<p>Fr\u00e5n: <strong>Y<\/strong><\/p>\n<p>Skickat: den 5 februari 2021 16:56<\/p>\n<h5>Till X<\/h5>\n<p>\u00c4mne: Salsj\u00f6 och Ranasj\u00f6 vindkraftparker, Svepytor n\u00e4ra mark<\/p>\n<p>&nbsp;<\/p>\n<p><em>Hej <strong>X<\/strong>!<\/em><\/p>\n<p><em>Efter v\u00e5rt samtal den 18 december skrev jag bifogad tj\u00e4nsteanteckning. Jag har nu en f\u00f6ljdfr\u00e5ga kring det ni d\u00e5 f\u00f6rde fram som bem\u00f6tande p\u00e5 fr\u00e5gorna kring att vindkraftverkens rotorer kommer att svepa n\u00e4rmre marken \u00e4n vad som angavs vid tillst\u00e5ndsans\u00f6kan: <\/em><strong><em>Kan ni ge exempel f\u00f6r p\u00e5st\u00e5endet att det inte \u00e4r ovanligt att vindkraftparker byggs p\u00e5 detta s\u00e4tt idag? Har ni exempel p\u00e5 anlagd vindkraftpark med en rotordiameter p\u00e5 170 m i skogsmilj\u00f6, d\u00e4r svepytan ligger 30 meter fr\u00e5n marken?<\/em><\/strong><\/p>\n<p><strong><em>Y<\/em><\/strong><\/p>\n<p><em>Milj\u00f6handl\u00e4ggare<\/em><\/p>\n<p>&nbsp;<\/p>\n<p>Eftertankens kranka blekhet infann sig efter 2 \u00e5r och 3 m\u00e5nader!!!!!!!!!<\/p>\n<p>Det spelar \u00e4nd\u00e5 ingen roll. Flodin\/Arise f\u00e5r tyv\u00e4rr alltid g\u00f6ra som de vill.<\/p>\n<p>&nbsp;<\/p>\n<p>\/Tarabrita<\/p>\n","protected":false},"excerpt":{"rendered":"<p>\u201dVad g\u00e4ller 170-meters rotor, s\u00e5 finns nog endast prototyper framme \u00e4n, dvs inga byggda parker i Sverige. Detta \u00e4r vanligtvis fallet d\u00e5 vi k\u00f6per verk av den senaste modellen med leverans 1-2 \u00e5r senare\u201d. ( Ur mail fr\u00e5n Arise till l\u00e4nsstyrelsen, 17\/2 2021) Nedanst\u00e5ende lilla historik har ambitionen att blottl\u00e4gga n\u00e5gra av de mailkontakter mellan [&hellip;]<\/p>\n","protected":false},"author":2,"featured_media":0,"comment_status":"open","ping_status":"open","sticky":false,"template":"","format":"standard","meta":{"footnotes":""},"categories":[3],"tags":[],"class_list":["post-3110","post","type-post","status-publish","format-standard","hentry","category-allmant"],"_links":{"self":[{"href":"http:\/\/roan.junselebyar.se\/index.php?rest_route=\/wp\/v2\/posts\/3110","targetHints":{"allow":["GET"]}}],"collection":[{"href":"http:\/\/roan.junselebyar.se\/index.php?rest_route=\/wp\/v2\/posts"}],"about":[{"href":"http:\/\/roan.junselebyar.se\/index.php?rest_route=\/wp\/v2\/types\/post"}],"author":[{"embeddable":true,"href":"http:\/\/roan.junselebyar.se\/index.php?rest_route=\/wp\/v2\/users\/2"}],"replies":[{"embeddable":true,"href":"http:\/\/roan.junselebyar.se\/index.php?rest_route=%2Fwp%2Fv2%2Fcomments&post=3110"}],"version-history":[{"count":6,"href":"http:\/\/roan.junselebyar.se\/index.php?rest_route=\/wp\/v2\/posts\/3110\/revisions"}],"predecessor-version":[{"id":3117,"href":"http:\/\/roan.junselebyar.se\/index.php?rest_route=\/wp\/v2\/posts\/3110\/revisions\/3117"}],"wp:attachment":[{"href":"http:\/\/roan.junselebyar.se\/index.php?rest_route=%2Fwp%2Fv2%2Fmedia&parent=3110"}],"wp:term":[{"taxonomy":"category","embeddable":true,"href":"http:\/\/roan.junselebyar.se\/index.php?rest_route=%2Fwp%2Fv2%2Fcategories&post=3110"},{"taxonomy":"post_tag","embeddable":true,"href":"http:\/\/roan.junselebyar.se\/index.php?rest_route=%2Fwp%2Fv2%2Ftags&post=3110"}],"curies":[{"name":"wp","href":"https:\/\/api.w.org\/{rel}","templated":true}]}}