{"id":3343,"date":"2022-05-17T21:23:24","date_gmt":"2022-05-17T19:23:24","guid":{"rendered":"http:\/\/roan.junselebyar.se\/?p=3343"},"modified":"2022-06-25T09:45:03","modified_gmt":"2022-06-25T07:45:03","slug":"invigningen-av-roaforsarnas-naturresevat","status":"publish","type":"post","link":"http:\/\/roan.junselebyar.se\/?p=3343","title":{"rendered":"Invigningen av R\u00f6\u00e5forsarnas Naturresevat"},"content":{"rendered":"<p><img loading=\"lazy\" decoding=\"async\" class=\"alignnone size-medium wp-image-3344\" src=\"http:\/\/roan.junselebyar.se\/nyheter\/wp-content\/uploads\/2022\/05\/7104609575770081377-440x587.jpg\" alt=\"\" width=\"440\" height=\"587\" srcset=\"http:\/\/roan.junselebyar.se\/nyheter\/wp-content\/uploads\/2022\/05\/7104609575770081377-440x587.jpg 440w, http:\/\/roan.junselebyar.se\/nyheter\/wp-content\/uploads\/2022\/05\/7104609575770081377.jpg 768w\" sizes=\"auto, (max-width: 440px) 100vw, 440px\" \/><\/p>\n<p>R\u00f6\u00e5n uppstr\u00f6ms skjutbanan\u00a0 \u00a0 \u00a0 \u00a0 \u00a0 \u00a0 \u00a0 Foto: Oskar Norrgrann<\/p>\n<p>&nbsp;<\/p>\n<p>I dag hade vi bes\u00f6k av Oskar och Johan fr\u00e5n l\u00e4nsstyrelsen. Vi fortsatte planeringen av invigningsdagen 15\/7.<\/p>\n<p>Det \u00e4r nu klart att v\u00e5r landsh\u00f6vding Berit H\u00f6gman kommer att n\u00e4rvara och invigningstala. S\u00e5 roligt!!!! Sedan tidigare \u00e4r det klart med Jacke och Hervor Sj\u00f6din. Vi \u00e4r \u00e4ven glada att kunna presentera musikalisk underh\u00e5llning av &#8220;H\u00f6gdas Sv\u00e4ngg\u00e4ng med V\u00e4nner&#8221;. Platsen \u00e4r R\u00f6\u00e5ns skjutbana och vi kommer \u00e4ven att f\u00f6rs\u00e4lja f\u00f6rt\u00e4ring(kaffe, dricka och hembakt br\u00f6d. F\u00f6rhoppningsvis \u00e4ven varmkorv och \/eller liknande)<\/p>\n<p>Festligheterna kommer att b\u00f6rja 13.00 men tipspromenaden kan man f\u00e5 starta p\u00e5 redan 11.30. Tre riktigt fina priser utlovas. F\u00f6rsta pris \u00e4r ett presentkort p\u00e5 R\u00f6\u00e5ns M\u00f6bler ( 1 000 kr) plus en bok fr\u00e5n L\u00e4nsstyrelsen. Tv\u00e5 intressanta och h\u00f6gtidliga invigningstal, ett av landsh\u00f6vdingen och det andra av Oskar Norrgrann, (enheten f\u00f6r skyddad natur) utlovas och bandklippning. D\u00e4refter f\u00f6ljer musikalisk underh\u00e5llning av sv\u00e4ngg\u00e4nget varefter vi slutligen sl\u00e4pper loss Jacke.<\/p>\n<p>P\u00e5 eftermiddagen, d\u00e5 festligheterna vid skjutbanan upph\u00f6r&#8230;.kanske vid 4-tiden&#8230;. kommer det att finnas m\u00f6jligheter f\u00f6r intresserade att ta del av en liten konstutst\u00e4llning och f\u00f6rs\u00e4ljning av lokala produkter p\u00e5 R\u00f6\u00e5ns F\u00f6reningshus. Klockan 4 talar Hervor Sj\u00f6din om Nicke, &#8220;Nicke Sj\u00f6din i v\u00e5ra hj\u00e4rtan&#8221;. Det kommer \u00e4ven att finnas m\u00f6jlighet att k\u00f6pa b\u00f6cker av Nicke, Hervor och Jerker Sj\u00f6din.<\/p>\n<p>Vi hoppas p\u00e5 vackert v\u00e4der denna dag, d\u00e5 vi firar R\u00f6\u00e5ns definitiva skydd mot exploatering, och h\u00e4lsar alla bes\u00f6kare hj\u00e4rtligt v\u00e4lkomna att fira detta tillsammans med oss.<\/p>\n<p>R\u00f6\u00e5ns Byalag och R\u00f6\u00e5n-Lasele FVOF<\/p>\n<p>&nbsp;<\/p>\n<p>\/Tarabrita<\/p>\n","protected":false},"excerpt":{"rendered":"<p>R\u00f6\u00e5n uppstr\u00f6ms skjutbanan\u00a0 \u00a0 \u00a0 \u00a0 \u00a0 \u00a0 \u00a0 Foto: Oskar Norrgrann &nbsp; I dag hade vi bes\u00f6k av Oskar och Johan fr\u00e5n l\u00e4nsstyrelsen. Vi fortsatte planeringen av invigningsdagen 15\/7. Det \u00e4r nu klart att v\u00e5r landsh\u00f6vding Berit H\u00f6gman kommer att n\u00e4rvara och invigningstala. S\u00e5 roligt!!!! Sedan tidigare \u00e4r det klart med Jacke och Hervor [&hellip;]<\/p>\n","protected":false},"author":2,"featured_media":0,"comment_status":"open","ping_status":"open","sticky":false,"template":"","format":"standard","meta":{"footnotes":""},"categories":[3],"tags":[],"class_list":["post-3343","post","type-post","status-publish","format-standard","hentry","category-allmant"],"_links":{"self":[{"href":"http:\/\/roan.junselebyar.se\/index.php?rest_route=\/wp\/v2\/posts\/3343","targetHints":{"allow":["GET"]}}],"collection":[{"href":"http:\/\/roan.junselebyar.se\/index.php?rest_route=\/wp\/v2\/posts"}],"about":[{"href":"http:\/\/roan.junselebyar.se\/index.php?rest_route=\/wp\/v2\/types\/post"}],"author":[{"embeddable":true,"href":"http:\/\/roan.junselebyar.se\/index.php?rest_route=\/wp\/v2\/users\/2"}],"replies":[{"embeddable":true,"href":"http:\/\/roan.junselebyar.se\/index.php?rest_route=%2Fwp%2Fv2%2Fcomments&post=3343"}],"version-history":[{"count":5,"href":"http:\/\/roan.junselebyar.se\/index.php?rest_route=\/wp\/v2\/posts\/3343\/revisions"}],"predecessor-version":[{"id":3350,"href":"http:\/\/roan.junselebyar.se\/index.php?rest_route=\/wp\/v2\/posts\/3343\/revisions\/3350"}],"wp:attachment":[{"href":"http:\/\/roan.junselebyar.se\/index.php?rest_route=%2Fwp%2Fv2%2Fmedia&parent=3343"}],"wp:term":[{"taxonomy":"category","embeddable":true,"href":"http:\/\/roan.junselebyar.se\/index.php?rest_route=%2Fwp%2Fv2%2Fcategories&post=3343"},{"taxonomy":"post_tag","embeddable":true,"href":"http:\/\/roan.junselebyar.se\/index.php?rest_route=%2Fwp%2Fv2%2Ftags&post=3343"}],"curies":[{"name":"wp","href":"https:\/\/api.w.org\/{rel}","templated":true}]}}