{"id":3352,"date":"2022-07-17T08:38:27","date_gmt":"2022-07-17T06:38:27","guid":{"rendered":"http:\/\/roan.junselebyar.se\/?p=3352"},"modified":"2022-09-13T19:06:27","modified_gmt":"2022-09-13T17:06:27","slug":"invigningen-av-roaforsarnas-naturreservat","status":"publish","type":"post","link":"http:\/\/roan.junselebyar.se\/?p=3352","title":{"rendered":"Invigningen av R\u00f6\u00e5forsarnas Naturreservat"},"content":{"rendered":"<p><img loading=\"lazy\" decoding=\"async\" class=\"alignnone size-medium wp-image-3353\" src=\"http:\/\/roan.junselebyar.se\/nyheter\/wp-content\/uploads\/2022\/07\/Berit1-440x572.jpg\" alt=\"\" width=\"440\" height=\"572\" srcset=\"http:\/\/roan.junselebyar.se\/nyheter\/wp-content\/uploads\/2022\/07\/Berit1-440x572.jpg 440w, http:\/\/roan.junselebyar.se\/nyheter\/wp-content\/uploads\/2022\/07\/Berit1-768x999.jpg 768w, http:\/\/roan.junselebyar.se\/nyheter\/wp-content\/uploads\/2022\/07\/Berit1-1181x1536.jpg 1181w, http:\/\/roan.junselebyar.se\/nyheter\/wp-content\/uploads\/2022\/07\/Berit1-1575x2048.jpg 1575w, http:\/\/roan.junselebyar.se\/nyheter\/wp-content\/uploads\/2022\/07\/Berit1-scaled.jpg 1968w\" sizes=\"auto, (max-width: 440px) 100vw, 440px\" \/><\/p>\n<p>Landsh\u00f6vding Berit H\u00f6gman\u00a0 \u00a0 \u00a0 \u00a0 \u00a0 \u00a0 \u00a0Foto: Margareta Bergman<\/p>\n<p><strong>Fredagen 15\/7 invigdes R\u00f6\u00e5forsarnas Naturreservat.<\/strong><\/p>\n<p>Ceremonin inleddes med ett mycket fint tal av Oskar Norrgrann fr\u00e5n L\u00e4nsstyrelsens avdelning f\u00f6r skyddad natur. Han har arbetat med detta projekt sedan 2014. Det \u00e4r vi bybor v\u00e4ldigt lyckliga \u00f6ver. Den andra l\u00e4nsstyrelseanst\u00e4llda, som lika f\u00f6rtj\u00e4nstfullt deltagit i detta arbete, \u00e4r fiskeexperten David Jonsson, som varit med oss \u00e4nda sedan 2013. Under hans ledning \u00e4gde bl.a. en biotop\u00e5terst\u00e4llning rum, n\u00e5got som var en f\u00f6ruts\u00e4ttning f\u00f6r detta naturreservat. Johan Rytterstam slutligen, den tredje lika fantastiska pusselbiten, har haft hand om utformningen av den del av naturreservatet, som ligger mellan skjutbanan och R\u00f6\u00e5ns utfl\u00f6de i \u00c5ngerman\u00e4lven. Ett bes\u00f6k rekommenderas. Det \u00e4r s\u00e5 fint ordnat med vindskydd, grillplatser, t\u00e4ltplats m.m. <strong>TACK ALLA TRE!<\/strong><\/p>\n<p>Efter Oskars inledande tal var det v\u00e5r landsh\u00f6vding Berit H\u00f6gmans tur att tala. Vi \u00e4r s\u00e5 glada och tacksamma att hon ville fira denna dag med oss och h\u00e5lla detta inspirerande tal, d\u00e4r hon bl.a. po\u00e4ngterade att hon satte v\u00e4ldigt stort v\u00e4rde p\u00e5 de tre fr\u00e5n l\u00e4nsstyrelsen, som tillsammans m\u00f6jliggjort och \u00e5stadkommit detta reservat. <strong>Stort TACK fr\u00e5n<\/strong> <strong>byn!!<\/strong><\/p>\n<p>S\u00e5 klippte Oskar och David slutligen gemensamt&#8230;.. med var sin sax&#8230;.. av det bl\u00e5gula bandet och d\u00e4rmed var v\u00e5rt naturreservat invigt.<\/p>\n<p><img loading=\"lazy\" decoding=\"async\" class=\"alignnone size-medium wp-image-3362\" src=\"http:\/\/roan.junselebyar.se\/nyheter\/wp-content\/uploads\/2022\/07\/klippningen-440x293.jpg\" alt=\"\" width=\"440\" height=\"293\" srcset=\"http:\/\/roan.junselebyar.se\/nyheter\/wp-content\/uploads\/2022\/07\/klippningen-440x293.jpg 440w, http:\/\/roan.junselebyar.se\/nyheter\/wp-content\/uploads\/2022\/07\/klippningen-768x512.jpg 768w, http:\/\/roan.junselebyar.se\/nyheter\/wp-content\/uploads\/2022\/07\/klippningen-1536x1024.jpg 1536w, http:\/\/roan.junselebyar.se\/nyheter\/wp-content\/uploads\/2022\/07\/klippningen.jpg 1620w\" sizes=\"auto, (max-width: 440px) 100vw, 440px\" \/><\/p>\n<p>Oskar och David klipper bandet\u00a0 \u00a0 \u00a0 \u00a0 \u00a0 Foto Margareta Bergman<\/p>\n<p>Efter invigningsceremonin vidtog underh\u00e5llning med Hervor och Jacke Sj\u00f6din med bl.a. en enast\u00e5ende dikt om naturreservatet samt H\u00f6gdas Sv\u00e4ngg\u00e4ng med V\u00e4nner. Stort tack till alla som deltog! Tyv\u00e4rr krympte \u00e5sk\u00e5darskaran i takt med att det kyliga v\u00e4dret \u00e5t sig in i v\u00e5ra kroppar. V\u00e4dret kan vi inte p\u00e5verka. Men det kunde ha varit v\u00e4rre. Det kunde ha regnat. Och det speciellt f\u00f6r detta tillf\u00e4lle bildade sv\u00e4ngg\u00e4nget hade verkligen f\u00f6rtj\u00e4nat en st\u00f6rre publik.<\/p>\n<p><img loading=\"lazy\" decoding=\"async\" class=\"alignnone size-medium wp-image-3363\" src=\"http:\/\/roan.junselebyar.se\/nyheter\/wp-content\/uploads\/2022\/07\/Kent-och-Jacke-440x587.jpg\" alt=\"\" width=\"440\" height=\"587\" srcset=\"http:\/\/roan.junselebyar.se\/nyheter\/wp-content\/uploads\/2022\/07\/Kent-och-Jacke-440x587.jpg 440w, http:\/\/roan.junselebyar.se\/nyheter\/wp-content\/uploads\/2022\/07\/Kent-och-Jacke-768x1024.jpg 768w, http:\/\/roan.junselebyar.se\/nyheter\/wp-content\/uploads\/2022\/07\/Kent-och-Jacke-1152x1536.jpg 1152w, http:\/\/roan.junselebyar.se\/nyheter\/wp-content\/uploads\/2022\/07\/Kent-och-Jacke.jpg 1500w\" sizes=\"auto, (max-width: 440px) 100vw, 440px\" \/><\/p>\n<p>Kent ur sv\u00e4ngg\u00e4nget och Jacke\u00a0 \u00a0 \u00a0 \u00a0 \u00a0 \u00a0Foto Margareta Bergman<\/p>\n<p>Ett fantastiskt arbete utf\u00f6rdes av de damer, som skapade alla (ca 130 st) goda sm\u00f6rg\u00e5sar\u00a0 och de damer, som sk\u00f6tte serveringen i Skyttef\u00f6reningens stuga. D\u00e4r var tr\u00e4ngseln stundom stor med allt gick galant och med glatt hum\u00f6r.<\/p>\n<p>Slutligen f\u00e5r vi inte gl\u00f6mma Anders, som sk\u00f6tte alla transporter f\u00f6re under och efter invigningen. En logistisk bedrift!\u00a0 Och alla andra, som hj\u00e4lpt till med scenvagn, pressenningupps\u00e4ttning, parkering, br\u00f6dbak m.m.<\/p>\n<p>Efter invigningen p\u00e5 skjutbanan begav sig\u00a0 m\u00e5nga, ca 45 personer, till R\u00f6\u00e5ns f\u00f6reningshus, d\u00e4r Hervor talade om Nicke Sj\u00f6din och l\u00e4ste ett urval av hans dikt. Hervor l\u00e4ste med stor inlevelse och det blev ett v\u00e4ldigt fint inslag under detta firande.<\/p>\n<p><img loading=\"lazy\" decoding=\"async\" class=\"alignnone size-medium wp-image-3366\" src=\"http:\/\/roan.junselebyar.se\/nyheter\/wp-content\/uploads\/2022\/07\/Hervor-440x587.jpg\" alt=\"\" width=\"440\" height=\"587\" srcset=\"http:\/\/roan.junselebyar.se\/nyheter\/wp-content\/uploads\/2022\/07\/Hervor-440x587.jpg 440w, http:\/\/roan.junselebyar.se\/nyheter\/wp-content\/uploads\/2022\/07\/Hervor-768x1024.jpg 768w, http:\/\/roan.junselebyar.se\/nyheter\/wp-content\/uploads\/2022\/07\/Hervor-1152x1536.jpg 1152w, http:\/\/roan.junselebyar.se\/nyheter\/wp-content\/uploads\/2022\/07\/Hervor-1536x2048.jpg 1536w, http:\/\/roan.junselebyar.se\/nyheter\/wp-content\/uploads\/2022\/07\/Hervor-scaled.jpg 1920w\" sizes=\"auto, (max-width: 440px) 100vw, 440px\" \/><\/p>\n<p>Hervor i f\u00f6reningshuset\u00a0 \u00a0 \u00a0 \u00a0 \u00a0 \u00a0 \u00a0 \u00a0 \u00a0 \u00a0 \u00a0 Foto Margareta Bergman<\/p>\n<p>P\u00e5 f\u00f6reningshuset fanns \u00e4ven en utst\u00e4llning av bilder\/tavlor av\u00a0 Jessica Viklumd, Margareta Bergman m.fl. samt f\u00f6rs\u00e4ljning av Nicke Sj\u00f6dins b\u00f6cker\u00a0 och boken om R\u00f6\u00e5n av Jerker Sj\u00f6din.<\/p>\n<p><strong>Tipspromenaden:<\/strong><\/p>\n<p>&#8220;Grabbarna fr\u00e5n l\u00e4nsstyrelsen&#8221; sammanst\u00e4llde (p\u00e5 eget initiativ dessutom!!!!) i reservatet en tipspromenad, som bes\u00f6kare inbj\u00f6ds att g\u00e5, med start 11.30.\u00a0 Tipspromenaden inneh\u00f6ll 11 fr\u00e5gor av 1,x,2-typ. 71 svar l\u00e4mnades in. Inget svar hade alla 11 fr\u00e5gorna r\u00e4tt besvarade. 10 r\u00e4tt hade 2 deltagare, som dessutom hade samma efternamn, 9 r\u00e4tt l\u00e4mnades in av 3 personer och av dessa drogs 3:djeprisvinnaren.<\/p>\n<p>F\u00f6rsta pris, ett presentkort p\u00e5 R\u00f6\u00e5ns M\u00f6bler 1000 kr + bok fr\u00e5n l\u00e4nsstyrelsen, vanns av Ilka Heusing, Junsele<\/p>\n<p>Andra pris, ett presentkort p\u00e5 R\u00f6\u00e5ns M\u00f6bler 500 kr + bok fr\u00e5n l\u00e4nsstyrelsen, vanns av Ralph Heusing, Junsele\u00a0 \u00a0 \u00a0 \u00a0 \u00a0 \u00a0 \u00a0 \u00a0 \u00a0 \u00a0(ordningen dem emellan avgjordes med dragning)<\/p>\n<p>Tredje pris, ett presentkort p\u00e5 R\u00f6\u00e5ns M\u00f6bler 100 kr + bok fr\u00e5n l\u00e4nsstyrelsen, vanns genom dragning bland de tre, som l\u00e4mnat in\u00a0 9 r\u00e4tta svar,\u00a0 av Lars K\u00e5r\u00e9n, Resele<\/p>\n<p>Vinnarna kommer att meddelas per telefon under dagen.<\/p>\n<p>&nbsp;<\/p>\n<p>M\u00e5ndag 18\/7:<\/p>\n<p>Ilke och Ralph Heusing var glatt \u00f6verraskade \u00f6ver att ha vunnit f\u00f6rsta och andra pris i tipspromenaden. H\u00e4r ses de med sina priser.<\/p>\n<p><img loading=\"lazy\" decoding=\"async\" class=\"alignnone size-medium wp-image-3373\" src=\"http:\/\/roan.junselebyar.se\/nyheter\/wp-content\/uploads\/2022\/07\/vinnare2-440x395.jpg\" alt=\"\" width=\"440\" height=\"395\" srcset=\"http:\/\/roan.junselebyar.se\/nyheter\/wp-content\/uploads\/2022\/07\/vinnare2-440x395.jpg 440w, http:\/\/roan.junselebyar.se\/nyheter\/wp-content\/uploads\/2022\/07\/vinnare2-768x690.jpg 768w, http:\/\/roan.junselebyar.se\/nyheter\/wp-content\/uploads\/2022\/07\/vinnare2-1536x1379.jpg 1536w, http:\/\/roan.junselebyar.se\/nyheter\/wp-content\/uploads\/2022\/07\/vinnare2.jpg 1764w\" sizes=\"auto, (max-width: 440px) 100vw, 440px\" \/><\/p>\n<p>&nbsp;<\/p>\n<p>Lika glad var tredjepristagaren Lars K\u00e5r\u00e9n fr\u00e5n Resele.<\/p>\n<p><img loading=\"lazy\" decoding=\"async\" class=\"alignnone size-medium wp-image-3376\" src=\"http:\/\/roan.junselebyar.se\/nyheter\/wp-content\/uploads\/2022\/07\/3djepris2-440x521.jpg\" alt=\"\" width=\"440\" height=\"521\" srcset=\"http:\/\/roan.junselebyar.se\/nyheter\/wp-content\/uploads\/2022\/07\/3djepris2-440x521.jpg 440w, http:\/\/roan.junselebyar.se\/nyheter\/wp-content\/uploads\/2022\/07\/3djepris2-768x909.jpg 768w, http:\/\/roan.junselebyar.se\/nyheter\/wp-content\/uploads\/2022\/07\/3djepris2-1298x1536.jpg 1298w, http:\/\/roan.junselebyar.se\/nyheter\/wp-content\/uploads\/2022\/07\/3djepris2-1730x2048.jpg 1730w\" sizes=\"auto, (max-width: 440px) 100vw, 440px\" \/><\/p>\n<p>S\u00e5 roligt med glada m\u00e4nniskor!!!<\/p>\n<hr \/>\n<h4>Fr\u00e5gorna och r\u00e4tta svaren:<\/h4>\n<h4><\/h4>\n<p>&nbsp;<\/p>\n<p><img loading=\"lazy\" decoding=\"async\" class=\"alignnone size-full wp-image-3386\" src=\"http:\/\/roan.junselebyar.se\/nyheter\/wp-content\/uploads\/2022\/07\/Fraga-1.jpg\" alt=\"\" width=\"355\" height=\"363\" \/><img loading=\"lazy\" decoding=\"async\" class=\"alignnone size-full wp-image-3387\" src=\"http:\/\/roan.junselebyar.se\/nyheter\/wp-content\/uploads\/2022\/07\/fraga2.jpg\" alt=\"\" width=\"375\" height=\"441\" \/><\/p>\n<p><img loading=\"lazy\" decoding=\"async\" class=\"alignnone size-full wp-image-3388\" src=\"http:\/\/roan.junselebyar.se\/nyheter\/wp-content\/uploads\/2022\/07\/fraga3.jpg\" alt=\"\" width=\"354\" height=\"422\" \/><img loading=\"lazy\" decoding=\"async\" class=\"alignnone size-full wp-image-3389\" src=\"http:\/\/roan.junselebyar.se\/nyheter\/wp-content\/uploads\/2022\/07\/Fraga-4.jpg\" alt=\"\" width=\"348\" height=\"444\" \/><\/p>\n<p><img loading=\"lazy\" decoding=\"async\" class=\"alignnone size-full wp-image-3390\" src=\"http:\/\/roan.junselebyar.se\/nyheter\/wp-content\/uploads\/2022\/07\/Fraga-5.jpg\" alt=\"\" width=\"392\" height=\"464\" \/><img loading=\"lazy\" decoding=\"async\" class=\"alignnone size-full wp-image-3391\" src=\"http:\/\/roan.junselebyar.se\/nyheter\/wp-content\/uploads\/2022\/07\/Fraga-6.jpg\" alt=\"\" width=\"356\" height=\"488\" \/><\/p>\n<p><img loading=\"lazy\" decoding=\"async\" class=\"alignnone size-full wp-image-3393\" src=\"http:\/\/roan.junselebyar.se\/nyheter\/wp-content\/uploads\/2022\/07\/Fraga-7.jpg\" alt=\"\" width=\"411\" height=\"474\" \/><img loading=\"lazy\" decoding=\"async\" class=\"alignnone size-medium wp-image-3394\" src=\"http:\/\/roan.junselebyar.se\/nyheter\/wp-content\/uploads\/2022\/07\/Fraga-8-440x457.jpg\" alt=\"\" width=\"440\" height=\"457\" srcset=\"http:\/\/roan.junselebyar.se\/nyheter\/wp-content\/uploads\/2022\/07\/Fraga-8-440x457.jpg 440w, http:\/\/roan.junselebyar.se\/nyheter\/wp-content\/uploads\/2022\/07\/Fraga-8.jpg 465w\" sizes=\"auto, (max-width: 440px) 100vw, 440px\" \/><img loading=\"lazy\" decoding=\"async\" class=\"alignnone size-full wp-image-3397\" src=\"http:\/\/roan.junselebyar.se\/nyheter\/wp-content\/uploads\/2022\/07\/Fraga-9.jpg\" alt=\"\" width=\"423\" height=\"456\" \/><img loading=\"lazy\" decoding=\"async\" class=\"alignnone size-full wp-image-3398\" src=\"http:\/\/roan.junselebyar.se\/nyheter\/wp-content\/uploads\/2022\/07\/Fraga-10.jpg\" alt=\"\" width=\"393\" height=\"456\" \/><\/p>\n<p><img loading=\"lazy\" decoding=\"async\" class=\"alignnone size-full wp-image-3399\" src=\"http:\/\/roan.junselebyar.se\/nyheter\/wp-content\/uploads\/2022\/07\/Fraga-11.jpg\" alt=\"\" width=\"420\" height=\"462\" \/><\/p>\n<p>Sidan kommer att uppdateras om\/n\u00e4r nya bilder kommer in.<\/p>\n<p>\/Tarabrita<\/p>\n<p>&nbsp;<\/p>\n<p>&nbsp;<\/p>\n","protected":false},"excerpt":{"rendered":"<p>Landsh\u00f6vding Berit H\u00f6gman\u00a0 \u00a0 \u00a0 \u00a0 \u00a0 \u00a0 \u00a0Foto: Margareta Bergman Fredagen 15\/7 invigdes R\u00f6\u00e5forsarnas Naturreservat. Ceremonin inleddes med ett mycket fint tal av Oskar Norrgrann fr\u00e5n L\u00e4nsstyrelsens avdelning f\u00f6r skyddad natur. Han har arbetat med detta projekt sedan 2014. Det \u00e4r vi bybor v\u00e4ldigt lyckliga \u00f6ver. Den andra l\u00e4nsstyrelseanst\u00e4llda, som lika f\u00f6rtj\u00e4nstfullt deltagit i [&hellip;]<\/p>\n","protected":false},"author":2,"featured_media":0,"comment_status":"open","ping_status":"open","sticky":false,"template":"","format":"standard","meta":{"footnotes":""},"categories":[3],"tags":[],"class_list":["post-3352","post","type-post","status-publish","format-standard","hentry","category-allmant"],"_links":{"self":[{"href":"http:\/\/roan.junselebyar.se\/index.php?rest_route=\/wp\/v2\/posts\/3352","targetHints":{"allow":["GET"]}}],"collection":[{"href":"http:\/\/roan.junselebyar.se\/index.php?rest_route=\/wp\/v2\/posts"}],"about":[{"href":"http:\/\/roan.junselebyar.se\/index.php?rest_route=\/wp\/v2\/types\/post"}],"author":[{"embeddable":true,"href":"http:\/\/roan.junselebyar.se\/index.php?rest_route=\/wp\/v2\/users\/2"}],"replies":[{"embeddable":true,"href":"http:\/\/roan.junselebyar.se\/index.php?rest_route=%2Fwp%2Fv2%2Fcomments&post=3352"}],"version-history":[{"count":27,"href":"http:\/\/roan.junselebyar.se\/index.php?rest_route=\/wp\/v2\/posts\/3352\/revisions"}],"predecessor-version":[{"id":3403,"href":"http:\/\/roan.junselebyar.se\/index.php?rest_route=\/wp\/v2\/posts\/3352\/revisions\/3403"}],"wp:attachment":[{"href":"http:\/\/roan.junselebyar.se\/index.php?rest_route=%2Fwp%2Fv2%2Fmedia&parent=3352"}],"wp:term":[{"taxonomy":"category","embeddable":true,"href":"http:\/\/roan.junselebyar.se\/index.php?rest_route=%2Fwp%2Fv2%2Fcategories&post=3352"},{"taxonomy":"post_tag","embeddable":true,"href":"http:\/\/roan.junselebyar.se\/index.php?rest_route=%2Fwp%2Fv2%2Ftags&post=3352"}],"curies":[{"name":"wp","href":"https:\/\/api.w.org\/{rel}","templated":true}]}}