{"id":513,"date":"2010-12-18T19:02:44","date_gmt":"2010-12-18T18:02:44","guid":{"rendered":"http:\/\/roan.junselebyar.se\/?p=513"},"modified":"2010-12-18T23:37:09","modified_gmt":"2010-12-18T22:37:09","slug":"angermanalvens-fiskerad","status":"publish","type":"post","link":"http:\/\/roan.junselebyar.se\/?p=513","title":{"rendered":"\u00c5ngerman\u00e4lvens Fisker\u00e5d"},"content":{"rendered":"<p>I dag(18\/12 2010) togs vid ett m\u00f6te p\u00e5 Forum i Junsele de f\u00f6rsta stegen i bildandet av \u00c5ngerman\u00e4lvens Fisker\u00e5d. En inbjudan till detta m\u00f6te hade skickats till\u00a0\u00a0samtliga fiskev\u00e5rdsf\u00f6reningar l\u00e4ngs \u00c5ngerman\u00e4lven-Fax\u00e4lvens avrinningsomr\u00e5de.<\/p>\n<p>Bakgrunden \u00e4r att inom ramen f\u00f6r EU-samarbetet om vatten(vattendirektivet)har l\u00e4nsstyrelsens tj\u00e4nstem\u00e4n\u00a0( ytterst fastst\u00e4llt av Landsh\u00f6vdningen f\u00f6r V\u00e4sternorrland) f\u00f6reslagit delegater till ett <strong>Vattenr\u00e5d<\/strong> f\u00f6r \u00c5ngerman\u00e4lvens-Fax\u00e4lves avrinningsomr\u00e5de.<\/p>\n<p>&#8220;<strong><em>N\u00e5gon demokratisk nominering och val har aldrig f\u00f6reg\u00e5tt best\u00e4mningen av vem som f\u00f6r fiskeintressenternas talan.<\/em><\/strong><\/p>\n<p><em>Vi har fr\u00e5n f\u00f6reningen Vojm\u00e5ns V\u00e4nner i Vilhelmina f\u00f6rt en envis kamp f\u00f6r att f\u00e5 L\u00e4nsstyrelsen i V\u00e4sternorrland att g\u00e5 ut med en inbjudan till samtliga fiskev\u00e5rdsomr\u00e5den samt fritidsfiskarnas riksorganisation, f\u00f6r en gemensam tr\u00e4ff d\u00e4r vi f\u00e5r diskutera och ev. besluta om en samorganisation, liknande den som finns och fungerar i Vindel\u00e4lvens avrinningsomr\u00e5de.<\/em><\/p>\n<p><em>Detta f\u00f6rv\u00e4gras oss, med motiveringen att det inte ing\u00e5r i Vattenr\u00e5dets sekreterare Pontus Ekmans arbetsuppgifter!<\/em><\/p>\n<p><em>Samtliga fiskeintressenter l\u00e4ngs \u00c5ngerman\u00e4lven torde dock ha gemensamma intressen t.ex. ber\u00f6rande fria vandringsv\u00e4gar enligt 2006 \u00e5rs riksdagsbeslut, regleringsregimer f\u00f6r dammar samt restaurerings\u00e5tg\u00e4rder l\u00e4ngs vattendragen.<\/em><\/p>\n<p><em>Vi fyra ordf\u00f6randen i Vilhelminas st\u00f6rsta FVO:n har d\u00e4rf\u00f6r beslutat att sj\u00e4lva inbjuda till en ordf\u00f6randetr\u00e4ff, med f\u00f6rhoppningsvis deltagande fr\u00e5n de flesta fiskev\u00e5rdsomr\u00e5den l\u00e4ngs \u00e4lvdalen, fr\u00e5n kusten och \u00e4nda upp till upprinningsomr\u00e5det<\/em> <em>i fj\u00e4llen.&#8221;<\/em><\/p>\n<p>(Ur inbjudan till Junselem\u00f6tet).<\/p>\n<p>\u00a0<\/p>\n<p>\u00a0<strong>\u00c4rende:<br \/>\n<\/strong>&#8220;Att bilda ett fisker\u00e5d som ska samla in uppgifter om alla skador av regleringar och flottledsrensningar mm.<br \/>\nl\u00e4ngs hela \u00c5ngerman\u00e4lvens avvattningsomr\u00e5de.<br \/>\nDetta inkl. \u00e4ven Fax\u00e4lven och Vapst\u00e4lven.<\/p>\n<p>Vi vill genom detta s\u00f6ka ena alla 150 fiskeorganisationer till en gemensam kraft f\u00f6r att tvinga fram restaureringar och<br \/>\nfiskv\u00e4gar f\u00f6rbi vandringshinder.<br \/>\nVi vill l\u00e4gga grunden f\u00f6r att \u00e5terigen f\u00e5 upp vildlekande havslax till de gamla f\u00f6ryngringsplatserna.<br \/>\nVi vill \u00e5terskapa vildlekande stor\u00f6ringbest\u00e5nd i hela vattendraget.<br \/>\nVi vill ha ordning och reda inom vattenhanteringarna i vattendraget med alla dess sidofl\u00f6den och stora sj\u00f6ar.<\/p>\n<p>Vi har lagt ned ett stort arbete f\u00f6r att \u00f6verhuvud komma s\u00e5 l\u00e5ngt att vi kan inbjuda till detta m\u00f6te.<br \/>\nSlut upp till en stark organisation f\u00f6r att s\u00e4tta press p\u00e5 myndigheter och makthavare.&#8221;<\/p>\n<p>Nedre Vojmsj\u00f6ns FVO \/ G\u00f6ran Jonzon (ordf.)<br \/>\nVojm\u00e5ns FVO\u00a0\u00a0\u00a0\u00a0\u00a0\u00a0\u00a0\u00a0\u00a0\u00a0\u00a0\u00a0\u00a0 \/ Conny Olofsson (ordf.)<br \/>\nVolgsj\u00f6ns FVO\u00a0\u00a0\u00a0\u00a0\u00a0\u00a0\u00a0\u00a0\u00a0\u00a0\u00a0 \/ H\u00e5kan Gr\u00f6nlund (ordf.)<br \/>\nMalgoviks FVO\u00a0\u00a0\u00a0\u00a0\u00a0\u00a0\u00a0\u00a0\u00a0\u00a0\u00a0 \/ Birger Arvidson (ordf.)<\/p>\n<p>(Ur inbjudan)<\/p>\n<p><strong>IMPONERANDE!!!!!!!<\/strong><\/p>\n<p><strong><img loading=\"lazy\" decoding=\"async\" class=\"size-medium wp-image-515 alignnone\" title=\"fisker\u00e5d2\" src=\"http:\/\/roan.junselebyar.se\/nyheter\/wp-content\/uploads\/2010\/12\/fisker\u00e5d2-400x303.jpg\" alt=\"fisker\u00e5d2\" width=\"365\" height=\"265\" \/><\/strong><\/p>\n<p>Det var ett mycket intressant m\u00f6te, som inleddes av Christer\u00a0Borg med en\u00a0bakgrundsbeskrivning,varefter Daniel Holmqvist, Fiskekonsulent fr\u00e5n Lycksele, redogjorde\u00a0f\u00f6r deras bildande av fisker\u00e5d som samorganisation f\u00f6r Vindel\u00e4lvens fiskeintressenter. S\u00e5 intressant. Som avslutning\u00a0av denna del fick vi h\u00f6ra ber\u00e4ttas av K. L\u00f6vgren om ett sp\u00e4nnande projekt\u00a0med en fiskv\u00e4g i Fax\u00e4lven: ett liiiiitet vattendrag, mest lik ett dike, fullproppad med lekande \u00f6ring. Den illustrerande videofilmen var fascinerande.<\/p>\n<p>Efter fikat\u00a0 med mumsiga mackor vidtog alla val till m\u00f6tet och interimsstyrelse, valberedning m.m.<\/p>\n<p><img loading=\"lazy\" decoding=\"async\" class=\"size-medium wp-image-517 alignnone\" title=\"fisker\u00e5d\" src=\"http:\/\/roan.junselebyar.se\/nyheter\/wp-content\/uploads\/2010\/12\/fisker\u00e5d1-400x275.jpg\" alt=\"fisker\u00e5d\" width=\"400\" height=\"275\" srcset=\"http:\/\/roan.junselebyar.se\/nyheter\/wp-content\/uploads\/2010\/12\/fisker\u00e5d1-400x275.jpg 400w, http:\/\/roan.junselebyar.se\/nyheter\/wp-content\/uploads\/2010\/12\/fisker\u00e5d1.jpg 1698w\" sizes=\"auto, (max-width: 400px) 100vw, 400px\" \/><\/p>\n<p>M\u00f6tesordf\u00f6rande G\u00f6ran Jonzon och m\u00f6tessekreterare Christer Borg<\/p>\n<p>T\u00e4nk s\u00e5 sp\u00e4nnande. Undrar om man kommer att finnas d\u00e5&#8230;&#8230;..allts\u00e5 den dag d\u00e5 faunan via biokanaler kan komma f\u00f6rbi alla vandringshinder upp till optimala lekplatser. Detta m\u00f6te var i alla fall en inspirerande b\u00f6rjan.<\/p>\n<p>\/tarabrita<\/p>\n","protected":false},"excerpt":{"rendered":"<p>I dag(18\/12 2010) togs vid ett m\u00f6te p\u00e5 Forum i Junsele de f\u00f6rsta stegen i bildandet av \u00c5ngerman\u00e4lvens Fisker\u00e5d. En inbjudan till detta m\u00f6te hade skickats till\u00a0\u00a0samtliga fiskev\u00e5rdsf\u00f6reningar l\u00e4ngs \u00c5ngerman\u00e4lven-Fax\u00e4lvens avrinningsomr\u00e5de. Bakgrunden \u00e4r att inom ramen f\u00f6r EU-samarbetet om vatten(vattendirektivet)har l\u00e4nsstyrelsens tj\u00e4nstem\u00e4n\u00a0( ytterst fastst\u00e4llt av Landsh\u00f6vdningen f\u00f6r V\u00e4sternorrland) f\u00f6reslagit delegater till ett Vattenr\u00e5d f\u00f6r \u00c5ngerman\u00e4lvens-Fax\u00e4lves [&hellip;]<\/p>\n","protected":false},"author":2,"featured_media":0,"comment_status":"open","ping_status":"open","sticky":false,"template":"","format":"standard","meta":{"footnotes":""},"categories":[6],"tags":[],"class_list":["post-513","post","type-post","status-publish","format-standard","hentry","category-miljo"],"_links":{"self":[{"href":"http:\/\/roan.junselebyar.se\/index.php?rest_route=\/wp\/v2\/posts\/513","targetHints":{"allow":["GET"]}}],"collection":[{"href":"http:\/\/roan.junselebyar.se\/index.php?rest_route=\/wp\/v2\/posts"}],"about":[{"href":"http:\/\/roan.junselebyar.se\/index.php?rest_route=\/wp\/v2\/types\/post"}],"author":[{"embeddable":true,"href":"http:\/\/roan.junselebyar.se\/index.php?rest_route=\/wp\/v2\/users\/2"}],"replies":[{"embeddable":true,"href":"http:\/\/roan.junselebyar.se\/index.php?rest_route=%2Fwp%2Fv2%2Fcomments&post=513"}],"version-history":[{"count":4,"href":"http:\/\/roan.junselebyar.se\/index.php?rest_route=\/wp\/v2\/posts\/513\/revisions"}],"predecessor-version":[{"id":520,"href":"http:\/\/roan.junselebyar.se\/index.php?rest_route=\/wp\/v2\/posts\/513\/revisions\/520"}],"wp:attachment":[{"href":"http:\/\/roan.junselebyar.se\/index.php?rest_route=%2Fwp%2Fv2%2Fmedia&parent=513"}],"wp:term":[{"taxonomy":"category","embeddable":true,"href":"http:\/\/roan.junselebyar.se\/index.php?rest_route=%2Fwp%2Fv2%2Fcategories&post=513"},{"taxonomy":"post_tag","embeddable":true,"href":"http:\/\/roan.junselebyar.se\/index.php?rest_route=%2Fwp%2Fv2%2Ftags&post=513"}],"curies":[{"name":"wp","href":"https:\/\/api.w.org\/{rel}","templated":true}]}}