{"id":799,"date":"2011-08-29T01:08:33","date_gmt":"2011-08-28T23:08:33","guid":{"rendered":"http:\/\/roan.junselebyar.se\/?p=799"},"modified":"2011-08-30T10:44:13","modified_gmt":"2011-08-30T08:44:13","slug":"sagan-om-alggardsbacken","status":"publish","type":"post","link":"http:\/\/roan.junselebyar.se\/?p=799","title":{"rendered":"Sagan om \u00c4lgg\u00e5rdsb\u00e4cken"},"content":{"rendered":"<p><img loading=\"lazy\" decoding=\"async\" class=\"alignnone size-medium wp-image-800\" title=\"fortsatternedat\" src=\"http:\/\/roan.junselebyar.se\/nyheter\/wp-content\/uploads\/2011\/08\/fortsatternedat-440x330.jpg\" alt=\"fortsatternedat\" width=\"440\" height=\"330\" \/><\/p>\n<p>Det var en g\u00e5ng en liten b\u00e4ck, som tyckte att livet var helt underbart.\u00a0\u00a0Sprungen ur den vackra Storflotj\u00e4rnen\u00a0skv\u00e4tte den f\u00f6rsiktigt i v\u00e4g ner mot \u00c5ngerman\u00e4lven och under\u00a0f\u00e4rden\u00a0 tillkom vatten fr\u00e5n myrdrag och sm\u00e5tj\u00e4rnar.D\u00e4rmed blev den lilla b\u00e4cken\u00a0\u00a0allt st\u00f6rre. Den porlade fram genom skogen och en stor m\u00e4ngd b\u00e4ck\u00f6ring trivdes d\u00e4r &#8221; som fisken i vattnet&#8221;.<\/p>\n<p><img loading=\"lazy\" decoding=\"async\" class=\"alignnone size-medium wp-image-802\" title=\"backenforeforsvinnandet\" src=\"http:\/\/roan.junselebyar.se\/nyheter\/wp-content\/uploads\/2011\/08\/backenforeforsvinnandet-440x330.jpg\" alt=\"backenforeforsvinnandet\" width=\"440\" height=\"330\" \/><\/p>\n<p>\u00a0<\/p>\n<p>Ortsbor\u00a0fiskade dessa \u00f6ringar i f\u00f6rv\u00e5nansv\u00e4rt stora m\u00e4ngder. Allt var frid och fr\u00f6jd.<\/p>\n<p>Men s\u00e5, en dag,\u00a0fick n\u00e5got ljushuvud p\u00e5 det stora bolaget &#8220;Vattenfall&#8221; den\u00a0\u00f6desdigra id\u00e9n att den lilla b\u00e4cken inte beh\u00f6vde rinna <strong>\u00e4nda<\/strong> ut till \u00c5ngerman\u00e4lven. Man kunde begrava\u00a0sista biten\u00a0i avfall och bergkrossmassor. Detta h\u00e4nde sig p\u00e5 den tid d\u00e5 de stora kraftverken kom till<\/p>\n<p><strong>&#8220;SLURP<\/strong>&#8221;<\/p>\n<p><img loading=\"lazy\" decoding=\"async\" class=\"alignnone size-medium wp-image-803\" title=\"backenforsvinnernedstorre\" src=\"http:\/\/roan.junselebyar.se\/nyheter\/wp-content\/uploads\/2011\/08\/backenforsvinnernedstorre-440x433.jpg\" alt=\"backenforsvinnernedstorre\" width=\"440\" height=\"433\" srcset=\"http:\/\/roan.junselebyar.se\/nyheter\/wp-content\/uploads\/2011\/08\/backenforsvinnernedstorre-440x433.jpg 440w, http:\/\/roan.junselebyar.se\/nyheter\/wp-content\/uploads\/2011\/08\/backenforsvinnernedstorre.jpg 504w\" sizes=\"auto, (max-width: 440px) 100vw, 440px\" \/><\/p>\n<p>H\u00e4r f\u00f6rsvinner b\u00e4cken ned i underjorden.<\/p>\n<p>Men &#8220;oj&#8221;, t\u00e4nkte b\u00e4ck\u00f6ringarna.&#8221; Det h\u00e4r var inte bra&#8221;. Och\u00a0kompisarna i \u00c5ngerman\u00e4lven blev j\u00e4tteledsna f\u00f6r dom hade haft f\u00f6r vana att g\u00e5 upp i b\u00e4cken och leka. Och dom hade inte s\u00e5 m\u00e5nga lekst\u00e4llen att tillg\u00e5\u00a0 nu med alla kraftverk..<\/p>\n<p>&#8220;Men hur kunde Vattenfall f\u00e5 g\u00f6ra s\u00e5?&#8221; undrade sm\u00e5\u00f6ringarna.<\/p>\n<p>Jo, det fick dom g\u00f6ra om dom lovade att bygga en damm i b\u00e4cken och underh\u00e5lla den i all framtid.\u00a0Inte f\u00f6r att b\u00e4cken hade efterfr\u00e5gat\u00a0ngn damm utan jaa&#8230;.varf\u00f6r egentligen..Officiellt f\u00f6r att h\u00f6ja vattenst\u00e5ndet ngt vid den d\u00e4r dammen, vilket p\u00e5stods\u00a0kunna ha en positiv inverkan p\u00e5 fisken.<\/p>\n<p>\u00c5ren\u00a0gick. I b\u00e4cken byggde b\u00e4vrar dammar. Vattnet steg. Vattenfalldammen f\u00f6rsvann. Vattenfall, som skulle underh\u00e5lla dammen uppt\u00e4ckte pl\u00f6tsligt att deras damm var borta. Vart hade den tagit v\u00e4gen? &#8220;Sannolikt har n\u00e5gon rivit ut den&#8221;, skrev de d\u00e5 de i domstol\u00a0hemst\u00e4llde om att f\u00e5\u00a0bli befriade fr\u00e5n den d\u00e4r underh\u00e5llsplikten, som dom ju de facto \u00e4nd\u00e5 hade struntat i. Men varf\u00f6r skulle n\u00e5gon\u00a0 illbatting ha rivit dammen????<\/p>\n<p>Vattenfall befriades i Mark- och Milj\u00f6domstolen 22\/6 i \u00e5r fr\u00e5n sin underh\u00e5llningsplikt p\u00e5\u00a0dammen, som dom inte underh\u00e5llit, varf\u00f6r den f\u00f6rsvunnit.<\/p>\n<p>Och de beh\u00f6vde inte, som flera instanser f\u00f6reslagit, fixa till ett anst\u00e4ndigt utlopp f\u00f6r b\u00e4cken.<\/p>\n<p>N\u00e4s\u00e5kers FVO och \u00c4lvr\u00e4ddarnas Samorganisation \u00f6verklagade domen.<\/p>\n<p>Lasele FVO fick samtidigt 100 000 kronor av Vattenfall att anv\u00e4ndas f\u00f6r att fr\u00e4mja fisket inom Lasele FVO. \u00c4lgg\u00e5rdsb\u00e4cken tillh\u00f6r m\u00e4rkligt nog &#8220;Lasele inverkansomr\u00e5de&#8221;. Och nu&#8230;h\u00e4r&#8230;\u00a0blev \u00c4lgg\u00e5rdsb\u00e4cken \u00a0pl\u00f6tsligt\u00a0intressant \u00e4ven f\u00f6r oss R\u00f6\u00e5bor. Tar\u00e5n tillh\u00f6r Lasele FVO, som ocks\u00e5 har en styrelse av R\u00f6\u00e5bor.\u00a0<\/p>\n<p><strong>100 000 kronor\u00a0i g\u00e5va fr\u00e5n Vattenfall &#8211; om domen st\u00e5r fast-!!!!!!!!!??????<\/strong><\/p>\n<p>S\u00e5\u00a0vaknade \u00e4ven\u00a0Lasele FVO:s lust att \u00f6verklaga.\u00a0 Sj\u00e4lvklart m\u00e5ste utloppet odnas p\u00e5 ett tillfredsst\u00e4llande vis. Och \u00e4r vi inte sak\u00e4gare ocks\u00e5?<\/p>\n<p>Det skall bli oerh\u00f6rt intressant att se hur Milj\u00f6- och \u00d6verdomstolen ser p\u00e5 de nya fakta, som kommit fram\u00a0 n\u00e4mligen detta om att det f\u00f6rmodligen finns en m\u00e4ngd avfall fr\u00e5n anl\u00e4ggningssamh\u00e4llena, kraftverksbyggandet och driften av L\u00e5ngbj\u00f6rn, Lasele och Kilforsen i anslutning till \u00c4lgg\u00e5rdsb\u00e4ckens begravningsplats. Kanske kan ocks\u00e5 sagan f\u00e5 ett lyckligt slut.<\/p>\n<p>\/Brita<\/p>\n","protected":false},"excerpt":{"rendered":"<p>Det var en g\u00e5ng en liten b\u00e4ck, som tyckte att livet var helt underbart.\u00a0\u00a0Sprungen ur den vackra Storflotj\u00e4rnen\u00a0skv\u00e4tte den f\u00f6rsiktigt i v\u00e4g ner mot \u00c5ngerman\u00e4lven och under\u00a0f\u00e4rden\u00a0 tillkom vatten fr\u00e5n myrdrag och sm\u00e5tj\u00e4rnar.D\u00e4rmed blev den lilla b\u00e4cken\u00a0\u00a0allt st\u00f6rre. Den porlade fram genom skogen och en stor m\u00e4ngd b\u00e4ck\u00f6ring trivdes d\u00e4r &#8221; som fisken i vattnet&#8221;. [&hellip;]<\/p>\n","protected":false},"author":2,"featured_media":0,"comment_status":"open","ping_status":"open","sticky":false,"template":"","format":"standard","meta":{"footnotes":""},"categories":[3],"tags":[],"class_list":["post-799","post","type-post","status-publish","format-standard","hentry","category-allmant"],"_links":{"self":[{"href":"http:\/\/roan.junselebyar.se\/index.php?rest_route=\/wp\/v2\/posts\/799","targetHints":{"allow":["GET"]}}],"collection":[{"href":"http:\/\/roan.junselebyar.se\/index.php?rest_route=\/wp\/v2\/posts"}],"about":[{"href":"http:\/\/roan.junselebyar.se\/index.php?rest_route=\/wp\/v2\/types\/post"}],"author":[{"embeddable":true,"href":"http:\/\/roan.junselebyar.se\/index.php?rest_route=\/wp\/v2\/users\/2"}],"replies":[{"embeddable":true,"href":"http:\/\/roan.junselebyar.se\/index.php?rest_route=%2Fwp%2Fv2%2Fcomments&post=799"}],"version-history":[{"count":7,"href":"http:\/\/roan.junselebyar.se\/index.php?rest_route=\/wp\/v2\/posts\/799\/revisions"}],"predecessor-version":[{"id":814,"href":"http:\/\/roan.junselebyar.se\/index.php?rest_route=\/wp\/v2\/posts\/799\/revisions\/814"}],"wp:attachment":[{"href":"http:\/\/roan.junselebyar.se\/index.php?rest_route=%2Fwp%2Fv2%2Fmedia&parent=799"}],"wp:term":[{"taxonomy":"category","embeddable":true,"href":"http:\/\/roan.junselebyar.se\/index.php?rest_route=%2Fwp%2Fv2%2Fcategories&post=799"},{"taxonomy":"post_tag","embeddable":true,"href":"http:\/\/roan.junselebyar.se\/index.php?rest_route=%2Fwp%2Fv2%2Ftags&post=799"}],"curies":[{"name":"wp","href":"https:\/\/api.w.org\/{rel}","templated":true}]}}