{"id":1009,"date":"2012-04-03T19:09:01","date_gmt":"2012-04-03T17:09:01","guid":{"rendered":"http:\/\/roan.junselebyar.se\/?p=1009"},"modified":"2012-04-04T09:17:54","modified_gmt":"2012-04-04T07:17:54","slug":"glad-pask","status":"publish","type":"post","link":"https:\/\/roan.junselebyar.se\/?p=1009","title":{"rendered":"GLAD P\u00c5SK!"},"content":{"rendered":"<div id=\"attachment_1010\" style=\"width: 450px\" class=\"wp-caption alignnone\"><img loading=\"lazy\" decoding=\"async\" aria-describedby=\"caption-attachment-1010\" class=\"size-medium wp-image-1010\" title=\"Glad P\u00e5sk!\" src=\"http:\/\/roan.junselebyar.se\/nyheter\/wp-content\/uploads\/2012\/04\/12taranksparkpask-440x374.jpg\" alt=\"Glad P\u00e5sk!\" width=\"440\" height=\"374\" srcset=\"https:\/\/roan.junselebyar.se\/nyheter\/wp-content\/uploads\/2012\/04\/12taranksparkpask-440x374.jpg 440w, https:\/\/roan.junselebyar.se\/nyheter\/wp-content\/uploads\/2012\/04\/12taranksparkpask.jpg 1884w\" sizes=\"auto, (max-width: 440px) 100vw, 440px\" \/><p id=\"caption-attachment-1010\" class=\"wp-caption-text\">Glad P\u00e5sk!<\/p><\/div>\n<p>Nu b\u00e4r det snart i v\u00e4g till Storfl\u00f6je. Det kan vara sk\u00f6nt att vila sig p\u00e5 sparken ett tag nere vid Tar\u00e5n.<\/p>\n<div id=\"attachment_1011\" style=\"width: 323px\" class=\"wp-caption alignnone\"><img loading=\"lazy\" decoding=\"async\" aria-describedby=\"caption-attachment-1011\" class=\"size-medium wp-image-1011\" title=\"Tar\u00e5n\" src=\"http:\/\/roan.junselebyar.se\/nyheter\/wp-content\/uploads\/2012\/04\/12taran2-440x539.jpg\" alt=\"Tar\u00e5n\" width=\"313\" height=\"374\" \/><p id=\"caption-attachment-1011\" class=\"wp-caption-text\">Tar\u00e5n<\/p><\/div>\n<p>\u00a0V\u00e4gen f\u00f6ljer Tar\u00e5n, som nu ligger isfri.<\/p>\n<div id=\"attachment_1012\" style=\"width: 450px\" class=\"wp-caption alignnone\"><img loading=\"lazy\" decoding=\"async\" aria-describedby=\"caption-attachment-1012\" class=\"size-medium wp-image-1012\" title=\"Tar\u00e5n\" src=\"http:\/\/roan.junselebyar.se\/nyheter\/wp-content\/uploads\/2012\/04\/12taran3-440x325.jpg\" alt=\"Tar\u00e5n\" width=\"440\" height=\"325\" srcset=\"https:\/\/roan.junselebyar.se\/nyheter\/wp-content\/uploads\/2012\/04\/12taran3-440x325.jpg 440w, https:\/\/roan.junselebyar.se\/nyheter\/wp-content\/uploads\/2012\/04\/12taran3.jpg 1440w\" sizes=\"auto, (max-width: 440px) 100vw, 440px\" \/><p id=\"caption-attachment-1012\" class=\"wp-caption-text\">Tar\u00e5n<\/p><\/div>\n<p>\u00a0<\/p>\n<div id=\"attachment_1013\" style=\"width: 353px\" class=\"wp-caption alignnone\"><img loading=\"lazy\" decoding=\"async\" aria-describedby=\"caption-attachment-1013\" class=\"size-medium wp-image-1013\" title=\"V\u00e5rb\u00e4ck\" src=\"http:\/\/roan.junselebyar.se\/nyheter\/wp-content\/uploads\/2012\/04\/12taranback-440x353.jpg\" alt=\"V\u00e5rb\u00e4ck\" width=\"343\" height=\"291\" \/><p id=\"caption-attachment-1013\" class=\"wp-caption-text\">V\u00e5rb\u00e4ck<\/p><\/div>\n<p>Oj,\u00a0h\u00e4r kommer man inte fram p\u00e5 sparken. En liten yster v\u00e5rb\u00e4ck har skurit av v\u00e4gen. Nu \u00e4r det kvasten, som g\u00e4ller f\u00f6r resten av f\u00e4rden.<\/p>\n<div id=\"attachment_1014\" style=\"width: 450px\" class=\"wp-caption alignnone\"><img loading=\"lazy\" decoding=\"async\" aria-describedby=\"caption-attachment-1014\" class=\"size-medium wp-image-1014\" title=\"Sparken p\u00e5 v\u00e4g hem\u00e5t\" src=\"http:\/\/roan.junselebyar.se\/nyheter\/wp-content\/uploads\/2012\/04\/12tarankspark-440x405.jpg\" alt=\"Sparken p\u00e5 v\u00e4g hem\u00e5t\" width=\"440\" height=\"405\" srcset=\"https:\/\/roan.junselebyar.se\/nyheter\/wp-content\/uploads\/2012\/04\/12tarankspark-440x405.jpg 440w, https:\/\/roan.junselebyar.se\/nyheter\/wp-content\/uploads\/2012\/04\/12tarankspark.jpg 864w\" sizes=\"auto, (max-width: 440px) 100vw, 440px\" \/><p id=\"caption-attachment-1014\" class=\"wp-caption-text\">Sparken p\u00e5 v\u00e4g hem\u00e5t<\/p><\/div>\n<p>\/Tarabrita<\/p>\n","protected":false},"excerpt":{"rendered":"<p>Nu b\u00e4r det snart i v\u00e4g till Storfl\u00f6je. Det kan vara sk\u00f6nt att vila sig p\u00e5 sparken ett tag nere vid Tar\u00e5n. \u00a0V\u00e4gen f\u00f6ljer Tar\u00e5n, som nu ligger isfri. \u00a0 Oj,\u00a0h\u00e4r kommer man inte fram p\u00e5 sparken. En liten yster v\u00e5rb\u00e4ck har skurit av v\u00e4gen. Nu \u00e4r det kvasten, som g\u00e4ller f\u00f6r resten av f\u00e4rden. [&hellip;]<\/p>\n","protected":false},"author":2,"featured_media":0,"comment_status":"open","ping_status":"open","sticky":false,"template":"","format":"standard","meta":{"footnotes":""},"categories":[3],"tags":[],"class_list":["post-1009","post","type-post","status-publish","format-standard","hentry","category-allmant"],"_links":{"self":[{"href":"https:\/\/roan.junselebyar.se\/index.php?rest_route=\/wp\/v2\/posts\/1009","targetHints":{"allow":["GET"]}}],"collection":[{"href":"https:\/\/roan.junselebyar.se\/index.php?rest_route=\/wp\/v2\/posts"}],"about":[{"href":"https:\/\/roan.junselebyar.se\/index.php?rest_route=\/wp\/v2\/types\/post"}],"author":[{"embeddable":true,"href":"https:\/\/roan.junselebyar.se\/index.php?rest_route=\/wp\/v2\/users\/2"}],"replies":[{"embeddable":true,"href":"https:\/\/roan.junselebyar.se\/index.php?rest_route=%2Fwp%2Fv2%2Fcomments&post=1009"}],"version-history":[{"count":4,"href":"https:\/\/roan.junselebyar.se\/index.php?rest_route=\/wp\/v2\/posts\/1009\/revisions"}],"predecessor-version":[{"id":1017,"href":"https:\/\/roan.junselebyar.se\/index.php?rest_route=\/wp\/v2\/posts\/1009\/revisions\/1017"}],"wp:attachment":[{"href":"https:\/\/roan.junselebyar.se\/index.php?rest_route=%2Fwp%2Fv2%2Fmedia&parent=1009"}],"wp:term":[{"taxonomy":"category","embeddable":true,"href":"https:\/\/roan.junselebyar.se\/index.php?rest_route=%2Fwp%2Fv2%2Fcategories&post=1009"},{"taxonomy":"post_tag","embeddable":true,"href":"https:\/\/roan.junselebyar.se\/index.php?rest_route=%2Fwp%2Fv2%2Ftags&post=1009"}],"curies":[{"name":"wp","href":"https:\/\/api.w.org\/{rel}","templated":true}]}}