{"id":1019,"date":"2012-04-17T13:05:48","date_gmt":"2012-04-17T11:05:48","guid":{"rendered":"http:\/\/roan.junselebyar.se\/?p=1019"},"modified":"2012-04-17T17:33:34","modified_gmt":"2012-04-17T15:33:34","slug":"en-paskkarrings-vindkraftsreflektioner","status":"publish","type":"post","link":"https:\/\/roan.junselebyar.se\/?p=1019","title":{"rendered":"En p\u00e5skk\u00e4rrings vindkraftsreflektioner"},"content":{"rendered":"<p>Hemma igen! Allt gick bra. Beh\u00f6vde inte kryssa mellan vindkraftsvingar. Men framtiden kan bli tuff.<\/p>\n<p>Tyv\u00e4rr \u00e4r det ju s\u00e5 att man m\u00e5ste vara kl\u00e4rvoajant eller tillh\u00f6ra en Facebook- grupp med tillg\u00e5ng till inside information f\u00f6r att f\u00e5 veta ngt. om de vindkraftsplaner, som g\u00f6rs upp p\u00e5 Sollefte\u00e5 kommuns tekniska kontor.<\/p>\n<div class=\"mceTemp\">\n<dl id=\"attachment_1020\" class=\"wp-caption alignnone\" style=\"width: 450px;\">\n<dt class=\"wp-caption-dt\"><img loading=\"lazy\" decoding=\"async\" class=\"size-medium wp-image-1020\" title=\"Byttpasset mot Tar\u00e5berg\" src=\"http:\/\/roan.junselebyar.se\/nyheter\/wp-content\/uploads\/2012\/04\/taraberg-byttpasset-Kurt-440x297.jpg\" alt=\"Byttpasset mot Tar\u00e5berg\" width=\"440\" height=\"297\" srcset=\"https:\/\/roan.junselebyar.se\/nyheter\/wp-content\/uploads\/2012\/04\/taraberg-byttpasset-Kurt-440x297.jpg 440w, https:\/\/roan.junselebyar.se\/nyheter\/wp-content\/uploads\/2012\/04\/taraberg-byttpasset-Kurt.jpg 648w\" sizes=\"auto, (max-width: 440px) 100vw, 440px\" \/><\/dt>\n<dd class=\"wp-caption-dd\">Byttpasset mot Tar\u00e5berg<\/dd>\n<\/dl>\n<p>\u00a0\u00a0\u00a0\u00a0\u00a0\u00a0\u00a0\u00a0\u00a0\u00a0\u00a0\u00a0\u00a0\u00a0\u00a0\u00a0\u00a0\u00a0\u00a0\u00a0\u00a0\u00a0\u00a0\u00a0\u00a0\u00a0\u00a0\u00a0\u00a0\u00a0\u00a0\u00a0\u00a0\u00a0\u00a0\u00a0\u00a0\u00a0\u00a0\u00a0\u00a0\u00a0\u00a0\u00a0\u00a0\u00a0\u00a0\u00a0\u00a0\u00a0\u00a0\u00a0\u00a0\u00a0\u00a0\u00a0\u00a0\u00a0\u00a0\u00a0\u00a0\u00a0\u00a0\u00a0\u00a0\u00a0\u00a0\u00a0\u00a0\u00a0\u00a0\u00a0\u00a0\u00a0\u00a0\u00a0\u00a0\u00a0\u00a0\u00a0\u00a0\u00a0\u00a0\u00a0\u00a0\u00a0\u00a0\u00a0\u00a0\u00a0\u00a0\u00a0\u00a0\u00a0\u00a0\u00a0\u00a0\u00a0\u00a0\u00a0\u00a0\u00a0\u00a0\u00a0\u00a0\u00a0\u00a0\u00a0\u00a0\u00a0\u00a0\u00a0 FotoKurt Tarander\u00a0<\/p><\/div>\n<p class=\"mceTemp\">Det \u00e4r h\u00f6jdl\u00e4gena, som exploateras nu. \u00c4lvarna, skogarna \u2026.nu \u00e4r det bergens tur. Och det \u00e4r h\u00e4r vi samlas, vi h\u00e4xor och p\u00e5skk\u00e4rringar. Men vi \u00e4r l\u00e5ngt ifr\u00e5n ensamma om att uppskatta dessa gynnsamma l\u00e4gen. Det \u00e4r h\u00e4r b\u00e4ren finns, n\u00e4r det har varit frost l\u00e4ngre ner och det var pga detta fenomen, denna temperaturgradient, som familjen Nilsson b\u00f6rjade bruka Tar\u00e5berg i slutet av 1800-talet. Bl\u00e5b\u00e4ren fr\u00f6s inte allts\u00e5 kunde man odla. Och Tar\u00e5berg \u00e4r endast ett av m\u00e5nga exempel. Se \u00e4ven dikten nedan!<\/p>\n<p class=\"mceTemp\">\u00c4ven v\u00e5ra bevingade v\u00e4nner s\u00f6ker sig hit f\u00f6r att mumsa p\u00e5 b\u00e4ren. Det h\u00e4r \u00e4r i m\u00e5nga fall helt unika biotoper. Hur fullst\u00e4ndigt \u00e4r de inventerade med avseende p\u00e5 biologisk m\u00e5ngfald m.m????<\/p>\n<p class=\"mceTemp\">Denna\u00a0hysteriska vindkraftssatsningen g\u00f6rs ju f\u00f6r att r\u00e4dda klimatet och d\u00e4rmed milj\u00f6n.<\/p>\n<p class=\"mceTemp\">\u00a0Men det kan v\u00e4l vara n\u00e5gon sans och m\u00e5tta och vi kan v\u00e4l f\u00e5 veta vad som \u00e4r p\u00e5 g\u00e5ng. Eller \u00e4r det som i dikten nedan att:<\/p>\n<p class=\"mceTemp\">\u00a0<strong>Vad stort sker, det sker tyst.<\/strong><\/p>\n<p class=\"mceTemp\">N\u00e4rmast i tur i v\u00e5r n\u00e4rhet st\u00e5r Bodvallberget, K\u00e4rmsj\u00f6berget och Stuguvattenk\u00e4len, Ranasj\u00f6h\u00f6jden, Gr\u00f6nb\u00e4cksklippen och Kufloberget. Men det st\u00e5r m\u00e5nga fler p\u00e5 k\u00f6.<\/p>\n<p class=\"mceTemp\"><strong>Odalbonden<\/strong><br \/>\nav Erik Gustaf Geijer<\/p>\n<div class=\"mceTemp\"><strong>\u00c5 bergig \u00e5s, d\u00e4r st\u00e5r mitt hus,<br \/>\nH\u00f6gt \u00f6ver skog och sj\u00f6.<br \/>\nD\u00e4r s\u00e5g jag f\u00f6rsta dagens ljus,<br \/>\nOch d\u00e4r vill jag ock d\u00f6.<\/strong><\/div>\n<p>M\u00e5 ho, som vill, g\u00e5 kring v\u00e4rldens rund:<br \/>\nvare herre och dr\u00e4ng den det kan!<br \/>\nMen jag st\u00e5r helst p\u00e5 min egen grund<br \/>\noch \u00e4r helst min egen man.<\/p>\n<p>Mig lockar icke \u00e4rans namn.<br \/>\nHon bor dock i mitt br\u00f6st.<br \/>\nMin sk\u00f6rd ej gror i ryktets famn.<br \/>\nJag sk\u00e4r den lugn var h\u00f6st.<\/p>\n<p>Den jorden beh\u00e4rskar har tusende ben<br \/>\noch v\u00e4l tusende armar d\u00e4rtill.<br \/>\nMen sv\u00e5rt \u00e4r dem r\u00f6ra \u2014 min arm \u00e4r ej sen<br \/>\natt f\u00f6ra ut, vad jag vill.<\/p>\n<p>Jag tror ej b\u00f6ljans falska lopp,<br \/>\nsom far f\u00f6rutan ro.<br \/>\nDen fasta jord, hon \u00e4r mitt hopp,<br \/>\nhon visar evig tro.<\/p>\n<p>Hon n\u00e4rer mig ur sin hulda barm<br \/>\nden tid, som mig \u00f6det gav.<br \/>\nHon fattar mig s\u00e4kert, hon h\u00e5ller mig varm,<br \/>\nd\u00e5 jag d\u00f6r, uti djupan grav.<\/p>\n<p>Ej buller \u00e4lskar jag och b\u00e5ng.<br \/>\n<strong>Vad stort sker, det sker tyst.<br \/>\n<\/strong>Snart m\u00e4rks ej sp\u00e5r av stormens g\u00e5ng,<br \/>\nav blixten, sen den lyst.<\/p>\n<p>Men tyst l\u00e4gger tiden stund till stund,<br \/>\noch du t\u00e4ljer dock icke hans dar.<br \/>\nOch tyst flyter b\u00f6ljan i havets grund;<br \/>\nfast regnb\u00e4cken skr\u00e5lande far.<\/p>\n<p>S\u00e5 g\u00e5r ock jag en stilla stig:<br \/>\nman sp\u00f6r om mig ej stort.<br \/>\nOch mina br\u00f6der likna mig,<br \/>\nvar en upp\u00e5 sin ort.<\/p>\n<p>Vi reda f\u00f6r landet den n\u00e4rande saft.<br \/>\nVi f\u00f6da det \u2014 br\u00f6det \u00e4r v\u00e5rt.<br \/>\nAv oss har det h\u00e4lsa, av oss har det kraft,<br \/>\noch bl\u00f6der det \u2014 blodet \u00e4r v\u00e5rt.<\/p>\n<p>Var pl\u00e5ga har sitt skri f\u00f6r sig,<br \/>\nmen h\u00e4lsan tiger still;<br \/>\nd\u00e4rf\u00f6r man talar ej om mig,<br \/>\nsom vore jag ej till.<\/p>\n<p>De v\u00e4ldige h\u00e4rar med skri och med d\u00e5n<br \/>\nsl\u00e5 riken och byar omkull;<br \/>\ntyst bygga dem bonden och hans son,<br \/>\nsom s\u00e5 i blodbest\u00e4nkt mull.<\/p>\n<p>Mig mycken l\u00e4rdom ej \u00e4r tung,<br \/>\njag vet blott, var \u00e4r mitt.<br \/>\nVad r\u00e4tt \u00e4r, ger jag Gud och kung<br \/>\noch njuter resten fritt.<\/p>\n<p>De l\u00e4rde, de rike, de br\u00e5ka sitt vett<br \/>\natt r\u00f6na, vars r\u00e4tt som \u00e4r god.<br \/>\nMig ren \u00e4r den r\u00e4tt, som man v\u00e4rvt med sin svett<br \/>\noch som man v\u00e4rjt med sitt blod.<\/p>\n<p>Jag g\u00e5r ej stadigt stugan kring;<br \/>\nty blir mig h\u00e5gen varm,<br \/>\njag vandrar upp till Svea ting<br \/>\nmed sk\u00f6lden p\u00e5 min arm.<\/p>\n<p>Med m\u00e5ng&#8217; ord talar v\u00e5r lagman ej<br \/>\nf\u00f6r kungen i allm\u00e4n sak.<br \/>\nMen kraftigt \u00e4r allmogens ja eller nej<br \/>\nunder vapnens skallande brak.<\/p>\n<p>Och om till krig man uppb\u00e5d ger,<br \/>\ns\u00e5 g\u00e5 vi man ur g\u00e5rd:<br \/>\nd\u00e4r kungen st\u00e4ller sitt ban\u00e9r,<br \/>\nd\u00e4r drabbar striden h\u00e5rd.<\/p>\n<p>F\u00f6r \u00e4lskade panten i moders famn,<br \/>\nf\u00f6r f\u00e4der, f\u00f6r hem vi sl\u00e5ss.<br \/>\nOch k\u00e4nner ej ryktet v\u00e5rt dunkla namn,<br \/>\nSveakonungar k\u00e4nna oss.<\/p>\n<p>\u2014 \u2014 \u2014<\/p>\n<p>S\u00e5 sjunger glatt vid sprakande spis<br \/>\ni den kalla vinterkv\u00e4ll<br \/>\nden gamle man upp\u00e5 bondevis<br \/>\nmed s\u00f6ner sin&#8217; i sitt tj\u00e4ll.<\/p>\n<p>Han sitter och t\u00e4ljer sin \u00e5lders stav.<br \/>\nM\u00e5 hans \u00e4tt ej i Sverige se slut!<br \/>\nV\u00e4l bondens minne s\u00e4nks uti grav;<br \/>\nmen hans verk varar tiden ut.<\/p>\n<p>\u00a0<strong>Vilken underbar dikt! Och l\u00e5ng!<\/strong><\/p>\n<p>\u00a0Jag \u00e5terkommer snarast med en ny vindkraftsreflektion med anledning av att SCA-Statkraft anv\u00e4nder Siemens v\u00e4xell\u00e5dsl\u00f6sa kraftverk p\u00e5 en del st\u00e4llen och har ett stort ramavtal g\u00e4llande dessa.\u00a0\u00a0Mer om detta och de aktuella protesterna i Malaysia mot den nu planerade neodymbrytningen f\u00f6ljer.<\/p>\n<p>\/Tarabrita<\/p>\n<div><strong><\/strong><\/div>\n<p>\u00a0<\/p>\n<p><strong>\u00a0<\/p>\n<p><\/strong><\/p>\n","protected":false},"excerpt":{"rendered":"<p>Hemma igen! Allt gick bra. Beh\u00f6vde inte kryssa mellan vindkraftsvingar. Men framtiden kan bli tuff. Tyv\u00e4rr \u00e4r det ju s\u00e5 att man m\u00e5ste vara kl\u00e4rvoajant eller tillh\u00f6ra en Facebook- grupp med tillg\u00e5ng till inside information f\u00f6r att f\u00e5 veta ngt. om de vindkraftsplaner, som g\u00f6rs upp p\u00e5 Sollefte\u00e5 kommuns tekniska kontor. Byttpasset mot Tar\u00e5berg \u00a0\u00a0\u00a0\u00a0\u00a0\u00a0\u00a0\u00a0\u00a0\u00a0\u00a0\u00a0\u00a0\u00a0\u00a0\u00a0\u00a0\u00a0\u00a0\u00a0\u00a0\u00a0\u00a0\u00a0\u00a0\u00a0\u00a0\u00a0\u00a0\u00a0\u00a0\u00a0\u00a0\u00a0\u00a0\u00a0\u00a0\u00a0\u00a0\u00a0\u00a0\u00a0\u00a0\u00a0\u00a0\u00a0\u00a0\u00a0\u00a0\u00a0\u00a0\u00a0\u00a0\u00a0\u00a0\u00a0\u00a0\u00a0\u00a0\u00a0\u00a0\u00a0\u00a0\u00a0\u00a0\u00a0\u00a0\u00a0\u00a0\u00a0\u00a0\u00a0\u00a0\u00a0\u00a0\u00a0\u00a0\u00a0\u00a0\u00a0\u00a0\u00a0\u00a0\u00a0\u00a0\u00a0\u00a0\u00a0\u00a0\u00a0\u00a0\u00a0\u00a0\u00a0\u00a0\u00a0\u00a0\u00a0\u00a0\u00a0\u00a0\u00a0\u00a0\u00a0\u00a0\u00a0\u00a0\u00a0\u00a0\u00a0\u00a0\u00a0 [&hellip;]<\/p>\n","protected":false},"author":2,"featured_media":0,"comment_status":"open","ping_status":"open","sticky":false,"template":"","format":"standard","meta":{"footnotes":""},"categories":[3],"tags":[],"class_list":["post-1019","post","type-post","status-publish","format-standard","hentry","category-allmant"],"_links":{"self":[{"href":"https:\/\/roan.junselebyar.se\/index.php?rest_route=\/wp\/v2\/posts\/1019","targetHints":{"allow":["GET"]}}],"collection":[{"href":"https:\/\/roan.junselebyar.se\/index.php?rest_route=\/wp\/v2\/posts"}],"about":[{"href":"https:\/\/roan.junselebyar.se\/index.php?rest_route=\/wp\/v2\/types\/post"}],"author":[{"embeddable":true,"href":"https:\/\/roan.junselebyar.se\/index.php?rest_route=\/wp\/v2\/users\/2"}],"replies":[{"embeddable":true,"href":"https:\/\/roan.junselebyar.se\/index.php?rest_route=%2Fwp%2Fv2%2Fcomments&post=1019"}],"version-history":[{"count":4,"href":"https:\/\/roan.junselebyar.se\/index.php?rest_route=\/wp\/v2\/posts\/1019\/revisions"}],"predecessor-version":[{"id":1023,"href":"https:\/\/roan.junselebyar.se\/index.php?rest_route=\/wp\/v2\/posts\/1019\/revisions\/1023"}],"wp:attachment":[{"href":"https:\/\/roan.junselebyar.se\/index.php?rest_route=%2Fwp%2Fv2%2Fmedia&parent=1019"}],"wp:term":[{"taxonomy":"category","embeddable":true,"href":"https:\/\/roan.junselebyar.se\/index.php?rest_route=%2Fwp%2Fv2%2Fcategories&post=1019"},{"taxonomy":"post_tag","embeddable":true,"href":"https:\/\/roan.junselebyar.se\/index.php?rest_route=%2Fwp%2Fv2%2Ftags&post=1019"}],"curies":[{"name":"wp","href":"https:\/\/api.w.org\/{rel}","templated":true}]}}