{"id":1052,"date":"2012-05-05T10:55:24","date_gmt":"2012-05-05T08:55:24","guid":{"rendered":"http:\/\/roan.junselebyar.se\/?p=1052"},"modified":"2012-05-05T10:55:24","modified_gmt":"2012-05-05T08:55:24","slug":"nytt-vindkraftprojekt-i-angermanland-till-salu","status":"publish","type":"post","link":"https:\/\/roan.junselebyar.se\/?p=1052","title":{"rendered":"Nytt vindkraftprojekt i \u00c5ngermanland till salu!"},"content":{"rendered":"<p>Fy, vilket bakslag. Tur att man bor mitt i naturen s\u00e5 man slipper g\u00e5 ut;<\/p>\n<div id=\"attachment_1053\" style=\"width: 379px\" class=\"wp-caption alignnone\"><img loading=\"lazy\" decoding=\"async\" aria-describedby=\"caption-attachment-1053\" class=\"size-medium wp-image-1053\" title=\"Tranor i sn\u00f6n\" src=\"http:\/\/roan.junselebyar.se\/nyheter\/wp-content\/uploads\/2012\/05\/2012tranor-440x443.jpg\" alt=\"Tranor i sn\u00f6n\" width=\"369\" height=\"354\" \/><p id=\"caption-attachment-1053\" class=\"wp-caption-text\">Tranor i sn\u00f6n<\/p><\/div>\n<p>Nedanst\u00e5ende annons \u00e4r h\u00e4mtad fr\u00e5n Nordanvind vind AB\/ V\u00e4ktaren Vind AB:s hemsidas arkiv<\/p>\n<p><a href=\"http:\/\/nordanvind.eu\/?cat=31\">http:\/\/nordanvind.eu\/?cat=31<\/a><\/p>\n<p><strong>\u201dNordanVind vindkraft AB och V\u00e4ktaren Vind AB<\/strong><\/p>\n<p><strong>Nytt vindkraftprojekt i \u00c5ngermanland till salu.<\/strong><\/p>\n<p><strong>Bygglov finns f\u00f6r fem vindkraftverk, total effekt 10MW<\/strong><\/p>\n<p><strong>Bygganm\u00e4lan inl\u00e4mnad; klart f\u00f6r byggnation.<\/strong><\/p>\n<p><strong>Fritt att v\u00e4lja tillverkare av verken.<\/strong><\/p>\n<p><strong>F\u00f6r n\u00e4rmare platsbeskrivning och \u00f6vriga upplysningar var v\u00e4nlig fyll i kontaktformul\u00e4ret nedan.<\/strong><\/p>\n<p><strong>N\u00e4r du har fyllt i dina uppgifter, Klicka p\u00e5 skicka\u201d<\/strong><\/p>\n<p>\u00a0Det \u00e4r liksom inte ett konkurslager av f\u00f6rsvarets l\u00e5ngkalsonger det g\u00e4ller. Det \u00e4r allas v\u00e5r r\u00e4tt till det \u00c5ngermanl\u00e4ndska (i detta fall) landskapet. Det \u00e4r i grunden allemansr\u00e4tten. Jag har sv\u00e5rt att t\u00e4nka mig tydligare praktexempel p\u00e5 kapitalistisk utsugning \u00e4n detta, som helt ogenerat p\u00e5g\u00e5r framf\u00f6r v\u00e5ra \u00f6gon. Vad s\u00e4ger de politiska partierna? Var \u00e4r demokratin? Var \u00e4r medbest\u00e4mmander\u00e4tten f\u00f6r oss som bor h\u00e4r? Var \u00e4r insynen?<\/p>\n<div id=\"attachment_1054\" style=\"width: 450px\" class=\"wp-caption alignnone\"><img loading=\"lazy\" decoding=\"async\" aria-describedby=\"caption-attachment-1054\" class=\"size-medium wp-image-1054\" title=\"R\u00e4ven raskar \u00f6ver sn\u00f6n\" src=\"http:\/\/roan.junselebyar.se\/nyheter\/wp-content\/uploads\/2012\/05\/2012majrav-440x360.jpg\" alt=\"R\u00e4ven raskar \u00f6ver sn\u00f6n\" width=\"440\" height=\"360\" srcset=\"https:\/\/roan.junselebyar.se\/nyheter\/wp-content\/uploads\/2012\/05\/2012majrav-440x360.jpg 440w, https:\/\/roan.junselebyar.se\/nyheter\/wp-content\/uploads\/2012\/05\/2012majrav.jpg 566w\" sizes=\"auto, (max-width: 440px) 100vw, 440px\" \/><p id=\"caption-attachment-1054\" class=\"wp-caption-text\">R\u00e4ven raskar \u00f6ver sn\u00f6n<\/p><\/div>\n<p>\u00a0Jag \u00e4r fullst\u00e4ndigt \u00f6vertygad om att r\u00e4ven h\u00e5ller med mig.<\/p>\n<p>\/Tarabrita<\/p>\n","protected":false},"excerpt":{"rendered":"<p>Fy, vilket bakslag. Tur att man bor mitt i naturen s\u00e5 man slipper g\u00e5 ut; Nedanst\u00e5ende annons \u00e4r h\u00e4mtad fr\u00e5n Nordanvind vind AB\/ V\u00e4ktaren Vind AB:s hemsidas arkiv http:\/\/nordanvind.eu\/?cat=31 \u201dNordanVind vindkraft AB och V\u00e4ktaren Vind AB Nytt vindkraftprojekt i \u00c5ngermanland till salu. Bygglov finns f\u00f6r fem vindkraftverk, total effekt 10MW Bygganm\u00e4lan inl\u00e4mnad; klart f\u00f6r byggnation. [&hellip;]<\/p>\n","protected":false},"author":2,"featured_media":0,"comment_status":"open","ping_status":"open","sticky":false,"template":"","format":"standard","meta":{"footnotes":""},"categories":[3],"tags":[],"class_list":["post-1052","post","type-post","status-publish","format-standard","hentry","category-allmant"],"_links":{"self":[{"href":"https:\/\/roan.junselebyar.se\/index.php?rest_route=\/wp\/v2\/posts\/1052","targetHints":{"allow":["GET"]}}],"collection":[{"href":"https:\/\/roan.junselebyar.se\/index.php?rest_route=\/wp\/v2\/posts"}],"about":[{"href":"https:\/\/roan.junselebyar.se\/index.php?rest_route=\/wp\/v2\/types\/post"}],"author":[{"embeddable":true,"href":"https:\/\/roan.junselebyar.se\/index.php?rest_route=\/wp\/v2\/users\/2"}],"replies":[{"embeddable":true,"href":"https:\/\/roan.junselebyar.se\/index.php?rest_route=%2Fwp%2Fv2%2Fcomments&post=1052"}],"version-history":[{"count":3,"href":"https:\/\/roan.junselebyar.se\/index.php?rest_route=\/wp\/v2\/posts\/1052\/revisions"}],"predecessor-version":[{"id":1057,"href":"https:\/\/roan.junselebyar.se\/index.php?rest_route=\/wp\/v2\/posts\/1052\/revisions\/1057"}],"wp:attachment":[{"href":"https:\/\/roan.junselebyar.se\/index.php?rest_route=%2Fwp%2Fv2%2Fmedia&parent=1052"}],"wp:term":[{"taxonomy":"category","embeddable":true,"href":"https:\/\/roan.junselebyar.se\/index.php?rest_route=%2Fwp%2Fv2%2Fcategories&post=1052"},{"taxonomy":"post_tag","embeddable":true,"href":"https:\/\/roan.junselebyar.se\/index.php?rest_route=%2Fwp%2Fv2%2Ftags&post=1052"}],"curies":[{"name":"wp","href":"https:\/\/api.w.org\/{rel}","templated":true}]}}