{"id":1081,"date":"2012-05-25T22:12:28","date_gmt":"2012-05-25T20:12:28","guid":{"rendered":"http:\/\/roan.junselebyar.se\/?p=1081"},"modified":"2012-05-25T22:12:28","modified_gmt":"2012-05-25T20:12:28","slug":"hur-mar-an","status":"publish","type":"post","link":"https:\/\/roan.junselebyar.se\/?p=1081","title":{"rendered":"Hur m\u00e5r \u00e5n?"},"content":{"rendered":"<div id=\"attachment_1082\" style=\"width: 450px\" class=\"wp-caption alignnone\"><img loading=\"lazy\" decoding=\"async\" aria-describedby=\"caption-attachment-1082\" class=\"size-medium wp-image-1082\" title=\"R\u00f6\u00e5\u00f6ring\" src=\"http:\/\/roan.junselebyar.se\/nyheter\/wp-content\/uploads\/2012\/05\/R\u00f6\u00e5\u00f6ring1-440x236.jpg\" alt=\"R\u00f6\u00e5\u00f6ring\" width=\"440\" height=\"236\" srcset=\"https:\/\/roan.junselebyar.se\/nyheter\/wp-content\/uploads\/2012\/05\/R\u00f6\u00e5\u00f6ring1-440x236.jpg 440w, https:\/\/roan.junselebyar.se\/nyheter\/wp-content\/uploads\/2012\/05\/R\u00f6\u00e5\u00f6ring1.jpg 806w\" sizes=\"auto, (max-width: 440px) 100vw, 440px\" \/><p id=\"caption-attachment-1082\" class=\"wp-caption-text\">R\u00f6\u00e5\u00f6ring<\/p><\/div>\n<p>R\u00f6\u00e5ns FVO har av L\u00e4nsstyrelsen beviljats bidrag f\u00f6r att inventera R\u00f6\u00e5n och d\u00e4refter, med resultatet av denna inventering som grund, utarbeta \u00e5tg\u00e4rder f\u00f6r att fr\u00e4mja fisket i \u00e5n. R\u00f6\u00e5n har en lokal \u00f6ringstam, som tyv\u00e4rr verkar ha minskat bet\u00e4nkligt i s\u00e5v\u00e4l antal som storlek. Det \u00e4r f\u00f6r att om m\u00f6jligt f\u00e5 svar p\u00e5 fr\u00e5gan om varf\u00f6r detta sker och om n\u00e5gonting kan g\u00f6ras f\u00f6r att f\u00f6rb\u00e4ttra situationen, som R\u00f6\u00e5ns FVO s\u00f6kt bidrag.<\/p>\n<p>Erik Sj\u00f6lander (Fisk och Vattenv\u00e5rd i Norrland AB) har tillfr\u00e5gats och\u00a0\u00a0f\u00f6rklarat sig villig att utf\u00f6ra detta arbete. Tillst\u00e5nd f\u00f6r elfiske har erh\u00e5llits och f\u00e4ltarbetet planeras prelimin\u00e4rt till 6-10 augusti. Erik Sj\u00f6lander har ett gediget CV och har bl.a. utrett nedre \u00c5ngerman\u00e4lvens f\u00f6ruts\u00e4ttningar \u00a0f\u00f6r fiskvandringar och naturlig reproduktion, som utf\u00f6rdes under 2011 och nyligen presenterades p\u00e5 seminarium i Sollefte\u00e5.<\/p>\n<p>\u00a0Tack Mikael (Viklund) f\u00f6r den fina bilden!<\/p>\n<p>\/Tarabrita<\/p>\n","protected":false},"excerpt":{"rendered":"<p>R\u00f6\u00e5ns FVO har av L\u00e4nsstyrelsen beviljats bidrag f\u00f6r att inventera R\u00f6\u00e5n och d\u00e4refter, med resultatet av denna inventering som grund, utarbeta \u00e5tg\u00e4rder f\u00f6r att fr\u00e4mja fisket i \u00e5n. R\u00f6\u00e5n har en lokal \u00f6ringstam, som tyv\u00e4rr verkar ha minskat bet\u00e4nkligt i s\u00e5v\u00e4l antal som storlek. Det \u00e4r f\u00f6r att om m\u00f6jligt f\u00e5 svar p\u00e5 fr\u00e5gan om [&hellip;]<\/p>\n","protected":false},"author":2,"featured_media":0,"comment_status":"open","ping_status":"open","sticky":false,"template":"","format":"standard","meta":{"footnotes":""},"categories":[3],"tags":[],"class_list":["post-1081","post","type-post","status-publish","format-standard","hentry","category-allmant"],"_links":{"self":[{"href":"https:\/\/roan.junselebyar.se\/index.php?rest_route=\/wp\/v2\/posts\/1081","targetHints":{"allow":["GET"]}}],"collection":[{"href":"https:\/\/roan.junselebyar.se\/index.php?rest_route=\/wp\/v2\/posts"}],"about":[{"href":"https:\/\/roan.junselebyar.se\/index.php?rest_route=\/wp\/v2\/types\/post"}],"author":[{"embeddable":true,"href":"https:\/\/roan.junselebyar.se\/index.php?rest_route=\/wp\/v2\/users\/2"}],"replies":[{"embeddable":true,"href":"https:\/\/roan.junselebyar.se\/index.php?rest_route=%2Fwp%2Fv2%2Fcomments&post=1081"}],"version-history":[{"count":2,"href":"https:\/\/roan.junselebyar.se\/index.php?rest_route=\/wp\/v2\/posts\/1081\/revisions"}],"predecessor-version":[{"id":1084,"href":"https:\/\/roan.junselebyar.se\/index.php?rest_route=\/wp\/v2\/posts\/1081\/revisions\/1084"}],"wp:attachment":[{"href":"https:\/\/roan.junselebyar.se\/index.php?rest_route=%2Fwp%2Fv2%2Fmedia&parent=1081"}],"wp:term":[{"taxonomy":"category","embeddable":true,"href":"https:\/\/roan.junselebyar.se\/index.php?rest_route=%2Fwp%2Fv2%2Fcategories&post=1081"},{"taxonomy":"post_tag","embeddable":true,"href":"https:\/\/roan.junselebyar.se\/index.php?rest_route=%2Fwp%2Fv2%2Ftags&post=1081"}],"curies":[{"name":"wp","href":"https:\/\/api.w.org\/{rel}","templated":true}]}}