{"id":1085,"date":"2012-06-10T21:00:24","date_gmt":"2012-06-10T19:00:24","guid":{"rendered":"http:\/\/roan.junselebyar.se\/?p=1085"},"modified":"2012-06-10T21:00:24","modified_gmt":"2012-06-10T19:00:24","slug":"oppet-hus-i-junsele-byar-sommaren-2012","status":"publish","type":"post","link":"https:\/\/roan.junselebyar.se\/?p=1085","title":{"rendered":"&#8220;\u00d6ppet hus&#8221; i Junsele byar sommaren 2012"},"content":{"rendered":"<p>Det h\u00e4nder mycket\u00a0i Junsele byar \u00e4ven denna sommar. Monica p\u00e5 Vallen st\u00e5r som vanligt f\u00f6r sammanst\u00e4llningen:<\/p>\n<p style=\"TEXT-ALIGN: left\" align=\"center\"><strong>BYALAGEN i\u00a0 JUNSELE \u2013 SOMMAREN\u00a0 2012 <\/strong><strong>inbjuder \u00a0till \u201d\u00d6PPET HUS\u201d\u00a0<\/strong><\/p>\n<p style=\"TEXT-ALIGN: left\"><strong>\u00a0\u00a0\u00a0*<span style=\"TEXT-DECORATION: underline\">MO by<\/span> \u00a0Torsdag 14\/6 kl.<\/strong><strong>17.00-20.00<\/strong><strong> MO BYSTUGA,<span style=\"TEXT-DECORATION: underline\">\u201d\u00d6ppet Hus\u201d<\/span> kvastbindning, kolbullar,fika.<\/strong><\/p>\n<p style=\"TEXT-ALIGN: left\"><strong>* <span style=\"TEXT-DECORATION: underline\">JUNSELE<\/span> \u00a0L\u00f6rd. 16\/6 kl.11.00<span style=\"TEXT-DECORATION: underline\">\u201dDe vilda blommornas dag\u201d<br \/>\n<\/span>samling hos Gunnel Malmqvist<\/strong><strong>\u00a0<\/strong><\/p>\n<p style=\"TEXT-ALIGN: left\" align=\"center\"><strong>* <span style=\"TEXT-DECORATION: underline\">KVARN\u00c5 Tr\u00e4dg\u00e5rd<\/span> S\u00f6ndag\u00a0 17\/6 \u00a0kl.11-14.00 <span style=\"TEXT-DECORATION: underline\">Rabarberfestival<br \/>\n<\/span><\/strong><strong>Kl.11.00 Gudstj\u00e4nst\u00a0 \u00a0Kl.12.00- Marknadsf\u00f6rs\u00e4ljning, f\u00f6rel\u00e4sning, fikaf\u00f6rs\u00e4ljning<\/strong><\/p>\n<p style=\"TEXT-ALIGN: left\" align=\"center\"><strong>* <span style=\"TEXT-DECORATION: underline\">JUNSELEVALLEN<\/span> \u00a0\u00a0\u00a0<span style=\"TEXT-DECORATION: underline\">Midsommarafton <\/span>22\/6\u00a0 kl.13.00 VALLENCIA<br \/>\n<\/strong><strong>-traditionellt midsommarfirande, servering, loppis.<\/strong><\/p>\n<p style=\"TEXT-ALIGN: left\" align=\"center\"><strong>* <span style=\"TEXT-DECORATION: underline\">MO by<\/span>\u00a0 S\u00f6ndag 24\/6 \u00a0kl.11.00 <span style=\"TEXT-DECORATION: underline\">Gudstj\u00e4nst<\/span> vid Mo gamla kyrkplats.<\/strong><\/p>\n<p style=\"TEXT-ALIGN: left\" align=\"center\"><strong>* <span style=\"TEXT-DECORATION: underline\">JUNSELE<\/span> \u00a0\u00a0den 29-30\/6, 1\/7 \u00a0<span style=\"TEXT-DECORATION: underline\">Kul Tur- festival,<\/span> \u00a0musikupptr\u00e4dande, konstutst\u00e4llningar, <\/strong><strong>The Real Group, torghandel, guidade turer, samisk kultur, tatueringskonst m m.<\/strong><\/p>\n<p style=\"TEXT-ALIGN: left\" align=\"center\"><strong><span style=\"color: #27862f;\">* <span style=\"text-decoration: underline;\">R\u00d6\u00c5N\u00a0 <\/span>L\u00f6rd. 30\/6, S\u00f6nd.1\/7 \u00a0kl.11.00-17.00 &#8220;Till \u00c5minnelse&#8221; <\/span><\/strong><strong><span style=\"color: #27862f;\"><span style=\"text-decoration: underline;\">Konst och Hantverksutst\u00e4llning ute i det gr\u00f6na\u00a0 (Inst\u00e4llt vid d\u00e5ligt v\u00e4der) <\/span>med\u00a0Meta, Kola, Lilly o Brita. V\u00e4lkomna till Tara Naturprodukter och till kaffeservering\u00a0 i Stures T. Tr\u00e4dg\u00e5rd, R\u00f6\u00e5n (vid d\u00e5ligt v\u00e4der inst\u00e4llt). S\u00f6ndag 14.00 medverkar <\/span><span style=\"text-decoration: underline;\"><span style=\"color: #e8164c;\">Hervor Sj\u00f6din<span style=\"color: #27862f;\">.(<\/span><\/span><\/span><span style=\"color: #27862f;\">om v\u00e4dret inbjuder till utomhusvistelse<\/span><span style=\"color: #27862f;\">)<\/span> <\/strong><\/p>\n<p style=\"TEXT-ALIGN: left\" align=\"center\"><strong>* <span style=\"TEXT-DECORATION: underline\">KVARN\u00c5 Tr\u00e4dg\u00e5rd<\/span> \u00a0L\u00f6rd. 30\/6 kl. 10-17.00, S\u00f6nd. 1\/7 kl.11 -15.00 <\/strong><strong>Konstutst\u00e4llningar, kaffeservering.<\/strong><\/p>\n<p style=\"TEXT-ALIGN: left\" align=\"center\"><strong>*<span style=\"TEXT-DECORATION: underline\"> EDEN<\/span>\u00a0 \u00a0L\u00f6rdag 7\/7\u00a0 kl.12.00-16.00 <span style=\"TEXT-DECORATION: underline\">\u201d\u00d6ppet hus\u201d<\/span> i EDENS SKOLA<br \/>\n<\/strong><strong>Tunnbr\u00f6dbak, servering, skolmuseet \u00f6ppet, fotoutst\u00e4llning av gamla skolkort.<\/strong><\/p>\n<p style=\"TEXT-ALIGN: left\" align=\"center\"><strong>* <span style=\"TEXT-DECORATION: underline\">JUNSELEVALLEN<\/span>\u00a0 S\u00f6ndag 8\/7 kl.18.00 VALLENCIA\u00a0 <span style=\"TEXT-DECORATION: underline\">Sommartr\u00e4ff, musikcaf\u00e9 <\/span><\/strong><strong>med \u00a0Kent Ingelsson och v\u00e4nner. Fika, lotterier, musikkryss mm. Intr\u00e4de.<\/strong><\/p>\n<p style=\"TEXT-ALIGN: left\" align=\"center\"><strong>* <span style=\"TEXT-DECORATION: underline\">BYSJ\u00d6 by <\/span>\u00a0S\u00f6ndag\u00a0 15\/7\u00a0 kl.14.00-17.00 <span style=\"TEXT-DECORATION: underline\">Gudstj\u00e4nst och Sommarcaf\u00e9<br \/>\n<\/span><\/strong><strong>Musikunderh\u00e5llning, servering med \u201dabborrkl\u00e4mmor\u201d<br \/>\n<\/strong><strong><span style=\"TEXT-DECORATION: underline\">Plats:<\/span><\/strong><strong> skyltat ner till <span style=\"TEXT-DECORATION: underline\">stranden vid Bysj\u00f6n.<\/span><\/strong><\/p>\n<p style=\"TEXT-ALIGN: left\" align=\"center\"><strong>* <span style=\"TEXT-DECORATION: underline\">JUNSELEVALLEN <\/span>Torsd. 19\/7 kl.18.00 <span style=\"TEXT-DECORATION: underline\">Vandring<\/span> upp p\u00e5 BASTUBERGET <\/strong><strong>samling Vallencia \u2013 medtag egen mats\u00e4ck!<\/strong><\/p>\n<p style=\"TEXT-ALIGN: left\" align=\"center\"><strong>* <span style=\"TEXT-DECORATION: underline\">GULSELE<\/span> Fredag 27\/7 kl.1900 Bygdeg\u00e5rden \u201dKul kultur i gles glesbygd\u201d <\/strong><strong><span style=\"TEXT-DECORATION: underline\">Konsert och alls\u00e5ng<\/span><\/strong><strong> \u2013 Sara Karlsson sjunger och spelar. Servering.<\/strong><\/p>\n<p style=\"TEXT-ALIGN: left\" align=\"center\"><strong>*<span style=\"TEXT-DECORATION: underline\">JUNSELEVALLEN<\/span>\u00a0 L\u00f6rd. 28\/7 kl.12.00 samling vid Vallencia<br \/>\n<\/strong><strong><span style=\"TEXT-DECORATION: underline\">Vandring<\/span><\/strong><strong> till Gruv -och Tj\u00e4lsbodarna (medtag \u00a0eget fika).<\/strong><\/p>\n<p style=\"TEXT-ALIGN: left\" align=\"center\"><strong>* <span style=\"TEXT-DECORATION: underline\">JUNSELEVALLEN<\/span> S\u00f6nd. 12\/8 kl.11.00 <span style=\"TEXT-DECORATION: underline\">Gudstj\u00e4nst<\/span> vid Vallencia, kyrkkaffe<\/strong><\/p>\n<p style=\"TEXT-ALIGN: left\" align=\"center\"><strong>* <span style=\"TEXT-DECORATION: underline\">KVARN\u00c5 Tr\u00e4dg\u00e5rd<\/span> L\u00f6rd.6\/10 <span style=\"TEXT-DECORATION: underline\">Sk\u00f6rdemarknad<\/span><\/strong><\/p>\n<p style=\"TEXT-ALIGN: left\" align=\"center\">\u00a0\u00a0<strong>Mer info om Junseles byar: <a href=\"http:\/\/www.junselebyar.se\/\">www.junselebyar.se<\/a><\/strong><\/p>\n<p style=\"TEXT-ALIGN: left\" align=\"center\">\u00a0<strong><span style=\"TEXT-DECORATION: underline\">L\u00d6RDAGAR -Torgdagar\u00a0 i\u00a0 Junsele<br \/>\n<\/span><\/strong><strong>med start<\/strong><strong> <\/strong><strong>den<\/strong><strong> 7\/7 <\/strong><strong>mellan kl.<\/strong><strong> 11.00-14.00 <\/strong><strong>med \u00a0lokalt producerade varor fr\u00e5n bygden.<\/strong><\/p>\n<p style=\"TEXT-ALIGN: left\" align=\"center\"><strong><span style=\"TEXT-DECORATION: underline\">Vandra\u00a0 i\u00a0 Junsele<\/span><\/strong><strong>\u00a0<\/strong><\/p>\n<p style=\"TEXT-ALIGN: left\" align=\"center\"><strong>Vandra utefter n\u00e5gra av Junsele sockens gamla uppm\u00e4rkta kyrkv.\/pilgrimsleder !<\/strong><\/p>\n<p style=\"TEXT-ALIGN: left\" align=\"center\"><strong>* Ridv\u00e4gen\/pilgrimsleden Mo by-Frans\u00e5sen ca19 km<br \/>\n*<span style=\"TEXT-DECORATION: underline\">INFO: <\/span>Junsele Turistbyr\u00e5 tfn.0621-10155<\/strong><\/p>\n<p style=\"TEXT-ALIGN: left\" align=\"center\"><strong>* Kyrk.\/pilgrimsleden Eden- Mo ca 6,5 km<br \/>\nInfoplatser: Mo, Eden, Kl\u00e4ppsj\u00f6: kartor o foldrar<\/strong><\/p>\n<p style=\"TEXT-ALIGN: left\" align=\"center\"><strong>* Kyrk.\/pilgrimsleden Kl\u00e4ppsj\u00f6 \u2013 Eden ca 12 km<br \/>\nBokning +grupper:WILD WEST ADVENTURE 070- 6986062<\/strong><\/p>\n<p style=\"TEXT-ALIGN: left\" align=\"center\"><strong>\u00a0<\/strong><strong><span style=\"TEXT-DECORATION: underline\">Junsele Hembygdsg\u00e5rd \u00f6ppet sommaren \u00a02012<\/span><\/strong><strong>\u00a0<\/strong><\/p>\n<p style=\"TEXT-ALIGN: left\" align=\"center\"><strong>Midsommarafton 22\/6 Servering kl.12.00 -16.00.\u00a0 Mids.-dagen 23\/6 kl. 12-16, S\u00f6nd.24\/6 kl.12-16.<\/strong><\/p>\n<p style=\"TEXT-ALIGN: left\"><strong>\u00a0D\u00e4refter servering o guidning Alla dagar fr.o.m S\u00f6nd.1\/7\u00a0 kl.12-16 t o m\u00a0 s\u00f6nd. 29\/7<\/strong><strong>.( ej 28\/7-abbonerad).<\/strong><\/p>\n<p style=\"TEXT-ALIGN: left\" align=\"center\"><strong>*<span style=\"TEXT-DECORATION: underline\">S\u00f6ndag 22\/7 kl.12.00 Hembygdsf\u00f6reningen firar 80 \u00e5r.\u00a0 KL.18.00 i Junsele kyrka bjuder Hembygdsf\u00f6reningen<\/span><\/strong><strong><span style=\"TEXT-DECORATION: underline\">\u00a0in till att lyssna p\u00e5 Ulrika Bod\u00e9n, som sjunger psalmer med texter \u00f6versatta av Nicke Sj\u00f6din.<\/span><\/strong><strong>\u00a0<\/strong><\/p>\n<p style=\"TEXT-ALIGN: left\" align=\"center\"><strong>\u00a0<\/strong><a href=\"http:\/\/byalagsforum.junselebyar.se\/?p=332\">http:\/\/byalagsforum.junselebyar.se\/?p=332<\/a><\/p>\n","protected":false},"excerpt":{"rendered":"<p>Det h\u00e4nder mycket\u00a0i Junsele byar \u00e4ven denna sommar. Monica p\u00e5 Vallen st\u00e5r som vanligt f\u00f6r sammanst\u00e4llningen: BYALAGEN i\u00a0 JUNSELE \u2013 SOMMAREN\u00a0 2012 inbjuder \u00a0till \u201d\u00d6PPET HUS\u201d\u00a0 \u00a0\u00a0\u00a0*MO by \u00a0Torsdag 14\/6 kl.17.00-20.00 MO BYSTUGA,\u201d\u00d6ppet Hus\u201d kvastbindning, kolbullar,fika. * JUNSELE \u00a0L\u00f6rd. 16\/6 kl.11.00\u201dDe vilda blommornas dag\u201d samling hos Gunnel Malmqvist\u00a0 * KVARN\u00c5 Tr\u00e4dg\u00e5rd S\u00f6ndag\u00a0 17\/6 \u00a0kl.11-14.00 Rabarberfestival [&hellip;]<\/p>\n","protected":false},"author":2,"featured_media":0,"comment_status":"open","ping_status":"open","sticky":false,"template":"","format":"standard","meta":{"footnotes":""},"categories":[3],"tags":[],"class_list":["post-1085","post","type-post","status-publish","format-standard","hentry","category-allmant"],"_links":{"self":[{"href":"https:\/\/roan.junselebyar.se\/index.php?rest_route=\/wp\/v2\/posts\/1085","targetHints":{"allow":["GET"]}}],"collection":[{"href":"https:\/\/roan.junselebyar.se\/index.php?rest_route=\/wp\/v2\/posts"}],"about":[{"href":"https:\/\/roan.junselebyar.se\/index.php?rest_route=\/wp\/v2\/types\/post"}],"author":[{"embeddable":true,"href":"https:\/\/roan.junselebyar.se\/index.php?rest_route=\/wp\/v2\/users\/2"}],"replies":[{"embeddable":true,"href":"https:\/\/roan.junselebyar.se\/index.php?rest_route=%2Fwp%2Fv2%2Fcomments&post=1085"}],"version-history":[{"count":3,"href":"https:\/\/roan.junselebyar.se\/index.php?rest_route=\/wp\/v2\/posts\/1085\/revisions"}],"predecessor-version":[{"id":1088,"href":"https:\/\/roan.junselebyar.se\/index.php?rest_route=\/wp\/v2\/posts\/1085\/revisions\/1088"}],"wp:attachment":[{"href":"https:\/\/roan.junselebyar.se\/index.php?rest_route=%2Fwp%2Fv2%2Fmedia&parent=1085"}],"wp:term":[{"taxonomy":"category","embeddable":true,"href":"https:\/\/roan.junselebyar.se\/index.php?rest_route=%2Fwp%2Fv2%2Fcategories&post=1085"},{"taxonomy":"post_tag","embeddable":true,"href":"https:\/\/roan.junselebyar.se\/index.php?rest_route=%2Fwp%2Fv2%2Ftags&post=1085"}],"curies":[{"name":"wp","href":"https:\/\/api.w.org\/{rel}","templated":true}]}}