{"id":1091,"date":"2012-06-10T21:58:22","date_gmt":"2012-06-10T19:58:22","guid":{"rendered":"http:\/\/roan.junselebyar.se\/?p=1091"},"modified":"2012-06-10T21:58:22","modified_gmt":"2012-06-10T19:58:22","slug":"hervor-sjodin-till-konstutstallningen-i-roan","status":"publish","type":"post","link":"https:\/\/roan.junselebyar.se\/?p=1091","title":{"rendered":"Hervor Sj\u00f6din till konstutst\u00e4llningen i R\u00f6\u00e5n"},"content":{"rendered":"<p>Under Junsele kulturfestival st\u00e4ller Meta, Kola, Lilly och Brita ut konst och hantverk i det gr\u00f6na. Platsen \u00e4r Tara Naturprodukters tr\u00e4dg\u00e5rd i\u00a0R\u00f6\u00e5n.\u00a0Utst\u00e4llningen har f\u00e5tt namnet: &#8220;Till \u00c5minnelse&#8221; och p\u00e5g\u00e5r l\u00f6rdag 30\/6 och s\u00f6ndag 1\/7\u00a0 11.00-17.00. <strong>Vid d\u00e5ligt v\u00e4der st\u00e4lls allt in<\/strong>. Tavlorna m\u00e5r inte bra av att vara ute i regn. Till v\u00e5r stora gl\u00e4dje kommer s\u00f6ndag 14.00 om v\u00e4dret till\u00e5ter\u00a0Hervor Sj\u00f6din hit\u00a0och ber\u00e4ttar om Nicke och hans \u00a0relation till R\u00f6\u00e5n under rubriken: \u201c<strong>Nicke Sj\u00f6din och R\u00f6\u00e5n \u2013 en k\u00e4rlekshistoria<\/strong>\u201d<\/p>\n<p><img loading=\"lazy\" decoding=\"async\" class=\"alignnone size-medium wp-image-1092\" title=\"hervor\" src=\"http:\/\/roan.junselebyar.se\/nyheter\/wp-content\/uploads\/2012\/06\/hervor1-440x530.jpg\" alt=\"hervor\" width=\"313\" height=\"398\" \/><\/p>\n<p>Vi kommer att st\u00e4lla ut allt m\u00f6jligt; oljem\u00e5lningar, akvareller, m\u00e5lade glas, tovat m.m. och vi h\u00e4lsar alla <strong>VARMT V\u00c4LKOMNA<\/strong> till kultur i det fria!<\/p>\n<p>Fika kommer att serveras uppe i Sture Taranders vackra tr\u00e4dg\u00e5rd. (\u00c4ven detta st\u00e4lls in vid regn,\u00a0 sn\u00f6\u00a0eller storm.)<\/p>\n<p>\/Tarabrita<\/p>\n","protected":false},"excerpt":{"rendered":"<p>Under Junsele kulturfestival st\u00e4ller Meta, Kola, Lilly och Brita ut konst och hantverk i det gr\u00f6na. Platsen \u00e4r Tara Naturprodukters tr\u00e4dg\u00e5rd i\u00a0R\u00f6\u00e5n.\u00a0Utst\u00e4llningen har f\u00e5tt namnet: &#8220;Till \u00c5minnelse&#8221; och p\u00e5g\u00e5r l\u00f6rdag 30\/6 och s\u00f6ndag 1\/7\u00a0 11.00-17.00. Vid d\u00e5ligt v\u00e4der st\u00e4lls allt in. Tavlorna m\u00e5r inte bra av att vara ute i regn. Till v\u00e5r stora gl\u00e4dje [&hellip;]<\/p>\n","protected":false},"author":2,"featured_media":0,"comment_status":"open","ping_status":"open","sticky":false,"template":"","format":"standard","meta":{"footnotes":""},"categories":[3],"tags":[],"class_list":["post-1091","post","type-post","status-publish","format-standard","hentry","category-allmant"],"_links":{"self":[{"href":"https:\/\/roan.junselebyar.se\/index.php?rest_route=\/wp\/v2\/posts\/1091","targetHints":{"allow":["GET"]}}],"collection":[{"href":"https:\/\/roan.junselebyar.se\/index.php?rest_route=\/wp\/v2\/posts"}],"about":[{"href":"https:\/\/roan.junselebyar.se\/index.php?rest_route=\/wp\/v2\/types\/post"}],"author":[{"embeddable":true,"href":"https:\/\/roan.junselebyar.se\/index.php?rest_route=\/wp\/v2\/users\/2"}],"replies":[{"embeddable":true,"href":"https:\/\/roan.junselebyar.se\/index.php?rest_route=%2Fwp%2Fv2%2Fcomments&post=1091"}],"version-history":[{"count":2,"href":"https:\/\/roan.junselebyar.se\/index.php?rest_route=\/wp\/v2\/posts\/1091\/revisions"}],"predecessor-version":[{"id":1094,"href":"https:\/\/roan.junselebyar.se\/index.php?rest_route=\/wp\/v2\/posts\/1091\/revisions\/1094"}],"wp:attachment":[{"href":"https:\/\/roan.junselebyar.se\/index.php?rest_route=%2Fwp%2Fv2%2Fmedia&parent=1091"}],"wp:term":[{"taxonomy":"category","embeddable":true,"href":"https:\/\/roan.junselebyar.se\/index.php?rest_route=%2Fwp%2Fv2%2Fcategories&post=1091"},{"taxonomy":"post_tag","embeddable":true,"href":"https:\/\/roan.junselebyar.se\/index.php?rest_route=%2Fwp%2Fv2%2Ftags&post=1091"}],"curies":[{"name":"wp","href":"https:\/\/api.w.org\/{rel}","templated":true}]}}