{"id":1098,"date":"2012-06-21T23:14:13","date_gmt":"2012-06-21T21:14:13","guid":{"rendered":"http:\/\/roan.junselebyar.se\/?p=1098"},"modified":"2012-06-21T23:14:13","modified_gmt":"2012-06-21T21:14:13","slug":"till-aminnelse-konstutstallningen-i-roan","status":"publish","type":"post","link":"https:\/\/roan.junselebyar.se\/?p=1098","title":{"rendered":"&#8220;Till \u00c5minnelse&#8221;, konstutst\u00e4llningen i R\u00f6\u00e5n"},"content":{"rendered":"<p><img loading=\"lazy\" decoding=\"async\" class=\"alignnone size-medium wp-image-1100\" title=\"utstallning\" src=\"http:\/\/roan.junselebyar.se\/nyheter\/wp-content\/uploads\/2012\/06\/utstallning1-440x411.jpg\" alt=\"utstallning\" width=\"370\" height=\"362\" \/><\/p>\n<p>\u00a029\/6-1\/7 arrangeras KulTur-helg i Junsele med en m\u00e4ngd begivenheter bl.a. The Real Group, konstutst\u00e4llningar och hantverksmarknad. V\u00e5r\u00a0lilla konstutst\u00e4llning\u00a0i R\u00f6\u00e5n ing\u00e5r ocks\u00e5. Vi lockades av tanken p\u00e5 att st\u00e4lla ut i det fria, i det sommargr\u00f6na.\u00a0M\u00e5nga kommer\u00a0nog ih\u00e5g &#8220;Tv\u00e5 da\u00b4r i Skogen&#8221;, som Ulf Andersson arrangerade i Gulsele. Nu ville vi h\u00e5lla till i en tr\u00e4dg\u00e5rd eller p\u00e5 en g\u00e5rd. Platsen blev Tara Naturprodukter i Tara, R\u00f6\u00e5n. \u00a0Att st\u00e4lla ut i det fria \u00e4r en utmaning. Tavlor m\u00e5r inte bra under bar himmel om det regnar.\u00a0 S\u00e5 om v\u00e4dret \u00e4r d\u00e5ligt blir det ingen utst\u00e4llning. \u00a0Att flytta in allting under tak \u00e4r inget alternativ. D\u00e5 har sj\u00e4lva grundtanken fallit bort.<\/p>\n<p><span style=\"color: #171ce7;\"><strong>En kort presentation av oss utst\u00e4llare:<\/strong><\/span><\/p>\n<p><strong>Margareta Bergman<\/strong>, R\u00f6\u00e5n.\u00a0Oljem\u00e5lningar. Utbildad p\u00e5 Kyrkeruds estetiska folkh\u00f6gskola. Utst\u00e4lld bl.a. Anundsj\u00f6 konstrunda.<br \/>\n<strong>Kola Bj\u00f6rk<\/strong>, Leksand.\u00a0Lekfullt skapande.\u00a0Utbildad p\u00e5 Kyrkeruds estetiska folkh\u00f6gskola.<br \/>\n<strong>Lilly Berglund<\/strong>, B\u00f6len.\u00a0\u00a0Akvareller (naturmystik) med ett flertal utst\u00e4llningar bl.a. K\u00e5tabyn 2001 och 2005, Ramsele Hantverkshus\u00a0och Anundsj\u00f6 konstrunda.<br \/>\n<strong>Brita Isaksson<\/strong>, Tara.\u00a0Ojem\u00e5lningar,\u00a0m\u00e5lade glas, tovade saker, keramik,\u00a0med n\u00e5gra utst\u00e4llningar bl.a. K\u00e5tabyn 2001 och 2005 0ch Anundsj\u00f6 konstrunda.\u00a0<\/p>\n<p><span style=\"color: #ed1146;\">Vi \u00e4r s\u00e5 lyckliga \u00f6ver att Hervor Sj\u00f6din medverkar och ber\u00e4ttar om Nickes relation till R\u00f6\u00e5n: \u201c<strong>Nicke Sj\u00f6din och R\u00f6\u00e5n \u2013 en k\u00e4rlekshistoria<\/strong>\u201d\u00a0 Detta sker 14.00 s\u00f6ndag 1\/7. \u00a0Tag g\u00e4rna med n\u00e5gonting att sitta p\u00e5!<\/span><\/p>\n<p><strong>Utst\u00e4llningstid:<br \/>\n<\/strong>L\u00f6rdag: 11.00-17.00\u00a0\u00a0\u00a0\u00a0\u00a0\u00a0S\u00f6ndag: 11.00-17.00\u00a0\u00a0\u00a0\u00a0\u00a0\u00a0\u00a0\u00a0\u00a0\u00a0\u00a0\u00a0\u00a0\u00a0\u00a0\u00a0\u00a0\u00a0\u00a0\u00a0\u00a0\u00a0\u00a0<\/p>\n<p><strong>Hervor Sj\u00f6din: s\u00f6ndag 14.00\u00a0<\/strong>\u00a0\u00a0<\/p>\n<p>\u00a0\u00a0\u00a0\u00a0\u00a0\u00a0\u00a0\u00a0\u00a0\u00a0\u00a0\u00a0\u00a0\u00a0\u00a0\u00a0\u00a0\u00a0\u00a0\u00a0\u00a0\u00a0\u00a0\u00a0\u00a0\u00a0\u00a0\u00a0\u00a0\u00a0\u00a0\u00a0<br \/>\n<strong>Vid d\u00e5ligt v\u00e4der \u00e4r ALLT INST\u00c4LLT!!!!!\u00a0\u00a0\u00a0 Det finns ingen PLAN B.<\/strong><\/p>\n<p><strong>\u00a0<\/strong><br \/>\n<strong>Plats: Tara Naturprodukter, Tara, R\u00f6\u00e5n. F\u00f6lj ballongerna!<\/strong><\/p>\n<p>\u00a0<br \/>\n<strong>Fika: I Stures Taranders\u00a0fina tr\u00e4dg\u00e5rds erbjuds fika. Samma tider. \u00c4ven detta st\u00e4lls in vid d\u00e5ligt v\u00e4der.<br \/>\n<\/strong>\/Tarabrita<\/p>\n","protected":false},"excerpt":{"rendered":"<p>\u00a029\/6-1\/7 arrangeras KulTur-helg i Junsele med en m\u00e4ngd begivenheter bl.a. The Real Group, konstutst\u00e4llningar och hantverksmarknad. V\u00e5r\u00a0lilla konstutst\u00e4llning\u00a0i R\u00f6\u00e5n ing\u00e5r ocks\u00e5. Vi lockades av tanken p\u00e5 att st\u00e4lla ut i det fria, i det sommargr\u00f6na.\u00a0M\u00e5nga kommer\u00a0nog ih\u00e5g &#8220;Tv\u00e5 da\u00b4r i Skogen&#8221;, som Ulf Andersson arrangerade i Gulsele. Nu ville vi h\u00e5lla till i en tr\u00e4dg\u00e5rd [&hellip;]<\/p>\n","protected":false},"author":2,"featured_media":0,"comment_status":"open","ping_status":"open","sticky":false,"template":"","format":"standard","meta":{"footnotes":""},"categories":[3],"tags":[],"class_list":["post-1098","post","type-post","status-publish","format-standard","hentry","category-allmant"],"_links":{"self":[{"href":"https:\/\/roan.junselebyar.se\/index.php?rest_route=\/wp\/v2\/posts\/1098","targetHints":{"allow":["GET"]}}],"collection":[{"href":"https:\/\/roan.junselebyar.se\/index.php?rest_route=\/wp\/v2\/posts"}],"about":[{"href":"https:\/\/roan.junselebyar.se\/index.php?rest_route=\/wp\/v2\/types\/post"}],"author":[{"embeddable":true,"href":"https:\/\/roan.junselebyar.se\/index.php?rest_route=\/wp\/v2\/users\/2"}],"replies":[{"embeddable":true,"href":"https:\/\/roan.junselebyar.se\/index.php?rest_route=%2Fwp%2Fv2%2Fcomments&post=1098"}],"version-history":[{"count":11,"href":"https:\/\/roan.junselebyar.se\/index.php?rest_route=\/wp\/v2\/posts\/1098\/revisions"}],"predecessor-version":[{"id":1111,"href":"https:\/\/roan.junselebyar.se\/index.php?rest_route=\/wp\/v2\/posts\/1098\/revisions\/1111"}],"wp:attachment":[{"href":"https:\/\/roan.junselebyar.se\/index.php?rest_route=%2Fwp%2Fv2%2Fmedia&parent=1098"}],"wp:term":[{"taxonomy":"category","embeddable":true,"href":"https:\/\/roan.junselebyar.se\/index.php?rest_route=%2Fwp%2Fv2%2Fcategories&post=1098"},{"taxonomy":"post_tag","embeddable":true,"href":"https:\/\/roan.junselebyar.se\/index.php?rest_route=%2Fwp%2Fv2%2Ftags&post=1098"}],"curies":[{"name":"wp","href":"https:\/\/api.w.org\/{rel}","templated":true}]}}