{"id":1118,"date":"2012-08-05T12:14:47","date_gmt":"2012-08-05T10:14:47","guid":{"rendered":"http:\/\/roan.junselebyar.se\/?p=1118"},"modified":"2012-08-05T12:14:47","modified_gmt":"2012-08-05T10:14:47","slug":"roans-miljopris-2012-2","status":"publish","type":"post","link":"https:\/\/roan.junselebyar.se\/?p=1118","title":{"rendered":"R\u00f6\u00e5ns Milj\u00f6pris 2012"},"content":{"rendered":"<p><strong>R\u00f6\u00e5ns Milj\u00f6pris<\/strong><\/p>\n<p><img loading=\"lazy\" decoding=\"async\" class=\"alignnone size-medium wp-image-1119\" title=\"2012miljopris1\" src=\"http:\/\/roan.junselebyar.se\/nyheter\/wp-content\/uploads\/2012\/08\/2012miljopris1-440x330.jpg\" alt=\"2012miljopris1\" width=\"440\" height=\"330\" srcset=\"https:\/\/roan.junselebyar.se\/nyheter\/wp-content\/uploads\/2012\/08\/2012miljopris1-440x330.jpg 440w, https:\/\/roan.junselebyar.se\/nyheter\/wp-content\/uploads\/2012\/08\/2012miljopris1.jpg 1500w\" sizes=\"auto, (max-width: 440px) 100vw, 440px\" \/><\/p>\n<p>Bild: Fr\u00e5n v\u00e4nster: Christer Borg, hedersmedlem i R\u00f6\u00e5ns Byalag och ordf\u00f6rande i \u00c4lvr\u00e4ddarnas Samorganisation, Linda Ellegaard Nordstr\u00f6m, vinnare av R\u00f6\u00e5ns milj\u00f6pris 2012, samt Brita Isaksson fr\u00e5n R\u00f6\u00e5ns byalag.<\/p>\n<p>N\u00e4r\u00a0R\u00f6\u00e5n\u00a0 Byalag\u00a0efter den lyckade kampen f\u00f6r att bevara R\u00f6\u00e5n fr\u00e5n vattenkraftsutbyggnad 2008 summerade alla intryck och erfarenheter, f\u00f6ddes tanken p\u00e5 att instifta ett milj\u00f6pris som ska delas ut \u00e5rligen. Detta f\u00f6r att p\u00e5minna om v\u00e5r kamp och v\u00e5rt motst\u00e5nd som vi hoppas och tror kan vara inspirerande f\u00f6r andra m\u00e4nniskor och organisationer.<\/p>\n<p>R\u00f6\u00e5ns Byalag har insett betydelsen av att engagemang, kunskap och helhetssyn g\u00e5r hand i hand\u00a0i ett bra milj\u00f6arbete och vill med detta pris uppm\u00e4rksamma person eller organisation, som genom sitt arbete med h\u00e5llbar utveckling som ledstj\u00e4rna verkat i en positiv riktning f\u00f6r den norrl\u00e4ndska naturmilj\u00f6n som helhet. <em><\/em><\/p>\n<p><strong>2012 \u00e5rs nominerade var:<\/strong><\/p>\n<p>G\u00f6ran Jonzon, ordf\u00f6rande i\u00a0 \u00c5FF-fisker\u00e5d<\/p>\n<p>Ren\u00e9 Mortensen, med sitt arbete inom Omst\u00e4llningsr\u00f6relsen<\/p>\n<p>Linda Ellegaard Nordstr\u00f6m, f\u00f6r sitt arbete i f\u00f6reningen Skydda Skogen<\/p>\n<p>Mats Hagner, professor skogssk\u00f6tsel<\/p>\n<p><strong>Vinnare \u00e5r 2012 \u00e4r Linda Ellegaard Nordstr\u00f6m och priset delades ut p\u00e5 Stora scenen under Urkultsfestivalen under l\u00f6rdag 4 augusti.<\/strong><\/p>\n<p><strong>Motivering och tal p\u00e5 stora scenen:\u00a0<\/strong><strong><br \/>\n<\/strong>\u201dLinda Ellegaard Nordstr\u00f6m har under m\u00e5nga \u00e5r varit djupt engagerad i skydd av gammelskog, detta som aktiv i F\u00e4ltbiologernas skogsn\u00e4tverk, en f\u00f6rening som Linda ocks\u00e5 var riksordf\u00f6rande \u00e5ren 2007-2008. Sedan en tid bor hon i N\u00e4s\u00e5ker och \u00e4r idag ledamot i f\u00f6reningen Skydda Skogen, en ideell naturv\u00e5rdsorganisation som bildades 2009 av skogsengagerade fr\u00e5n hela landet, med anledning av det kritiska l\u00e4get f\u00f6r skogen och hotet mot den biologiska m\u00e5ngfalden.<\/p>\n<p>F\u00f6rlust av biologisk m\u00e5ngfald \u00e4r ett lika stort problem som klimatf\u00f6r\u00e4ndringarna och det uppst\u00e5r p\u00e5 liknande s\u00e4tt, genom tiotusentals punktvisa f\u00f6rluster av arter och ekosystem skapas en global m\u00e5ngfaldskris. F\u00f6r att kunna bevara ett levande skogslandskap i Sverige kr\u00e4vs att alla kvarvarande natur- och gammelskogar och andra skogar med h\u00f6ga naturv\u00e4rden skyddas. En stor andel av de \u00f6ver 1 800 skogslevande v\u00e4xt- och djurarter som finns upptagna p\u00e5 den svenska r\u00f6dlistan \u00f6ver missgynnade och hotade arter \u00e4r knutna till dessa skogar.<\/p>\n<p>Som traditionen kr\u00e4ver \u00f6verl\u00e4mnar vi nu R\u00f6\u00e5ns Milj\u00f6pris 2012 i form av ett keramikfat tillverkat av de lokala keramikerna i LillTerrsj\u00f6, Birgitta och Niklas Lind till Linda Ellegaard Nordstr\u00f6m.<\/p>\n<p><strong>Tack f\u00f6r ditt engagemang i skyddet av gammelskogar och lycka till \u00e4ven i forts\u00e4ttningen med ditt viktiga arbete i Skydda Skogen!\u201d<\/strong><\/p>\n<p>Christer Borg l\u00e4ste upp motivationen och efter appl\u00e5der h\u00f6ll Linda ett litet tacktal. I handen p\u00e5 bilden ovan har hon\u00a0keramikfatet,\u00a0som \u00e4r den g\u00e4ngse g\u00e5van.<\/p>\n<p>\/Tarabrita<\/p>\n","protected":false},"excerpt":{"rendered":"<p>R\u00f6\u00e5ns Milj\u00f6pris Bild: Fr\u00e5n v\u00e4nster: Christer Borg, hedersmedlem i R\u00f6\u00e5ns Byalag och ordf\u00f6rande i \u00c4lvr\u00e4ddarnas Samorganisation, Linda Ellegaard Nordstr\u00f6m, vinnare av R\u00f6\u00e5ns milj\u00f6pris 2012, samt Brita Isaksson fr\u00e5n R\u00f6\u00e5ns byalag. N\u00e4r\u00a0R\u00f6\u00e5n\u00a0 Byalag\u00a0efter den lyckade kampen f\u00f6r att bevara R\u00f6\u00e5n fr\u00e5n vattenkraftsutbyggnad 2008 summerade alla intryck och erfarenheter, f\u00f6ddes tanken p\u00e5 att instifta ett milj\u00f6pris som [&hellip;]<\/p>\n","protected":false},"author":2,"featured_media":0,"comment_status":"open","ping_status":"open","sticky":false,"template":"","format":"standard","meta":{"footnotes":""},"categories":[3],"tags":[],"class_list":["post-1118","post","type-post","status-publish","format-standard","hentry","category-allmant"],"_links":{"self":[{"href":"https:\/\/roan.junselebyar.se\/index.php?rest_route=\/wp\/v2\/posts\/1118","targetHints":{"allow":["GET"]}}],"collection":[{"href":"https:\/\/roan.junselebyar.se\/index.php?rest_route=\/wp\/v2\/posts"}],"about":[{"href":"https:\/\/roan.junselebyar.se\/index.php?rest_route=\/wp\/v2\/types\/post"}],"author":[{"embeddable":true,"href":"https:\/\/roan.junselebyar.se\/index.php?rest_route=\/wp\/v2\/users\/2"}],"replies":[{"embeddable":true,"href":"https:\/\/roan.junselebyar.se\/index.php?rest_route=%2Fwp%2Fv2%2Fcomments&post=1118"}],"version-history":[{"count":3,"href":"https:\/\/roan.junselebyar.se\/index.php?rest_route=\/wp\/v2\/posts\/1118\/revisions"}],"predecessor-version":[{"id":1122,"href":"https:\/\/roan.junselebyar.se\/index.php?rest_route=\/wp\/v2\/posts\/1118\/revisions\/1122"}],"wp:attachment":[{"href":"https:\/\/roan.junselebyar.se\/index.php?rest_route=%2Fwp%2Fv2%2Fmedia&parent=1118"}],"wp:term":[{"taxonomy":"category","embeddable":true,"href":"https:\/\/roan.junselebyar.se\/index.php?rest_route=%2Fwp%2Fv2%2Fcategories&post=1118"},{"taxonomy":"post_tag","embeddable":true,"href":"https:\/\/roan.junselebyar.se\/index.php?rest_route=%2Fwp%2Fv2%2Ftags&post=1118"}],"curies":[{"name":"wp","href":"https:\/\/api.w.org\/{rel}","templated":true}]}}