{"id":1125,"date":"2012-08-20T20:07:33","date_gmt":"2012-08-20T18:07:33","guid":{"rendered":"http:\/\/roan.junselebyar.se\/?p=1125"},"modified":"2012-08-20T20:07:33","modified_gmt":"2012-08-20T18:07:33","slug":"sensommarromantik","status":"publish","type":"post","link":"https:\/\/roan.junselebyar.se\/?p=1125","title":{"rendered":"Sensommarromantik"},"content":{"rendered":"<p><span style=\"font-family: Comic Sans MS;\"><\/p>\n<div class=\"mceTemp\">Tv\u00e5 br\u00f6llop med R\u00f6\u00e5anknytning har nyligen \u00e4gt rum. Jonny fick sin Jessica i Junsele\u00a0och i Sj\u00e4levad vigdes Liv och Ola. Livet g\u00e5r vidare fast h\u00f6sten \u00e4r i ant\u00e5gande. Bilder som denna v\u00e4rmer.<\/div>\n<div id=\"attachment_1126\" style=\"width: 385px\" class=\"wp-caption alignnone\"><img loading=\"lazy\" decoding=\"async\" aria-describedby=\"caption-attachment-1126\" class=\"size-medium wp-image-1126\" title=\"Liv &amp; Ola Wiodahl 2012-08-18\" src=\"http:\/\/roan.junselebyar.se\/nyheter\/wp-content\/uploads\/2012\/08\/Liv-Ola-Wiodahl-2012-08-18a-440x421.jpg\" alt=\"Liv &amp; Ola Wiodahl 2012-08-18\" width=\"375\" height=\"369\" \/><p id=\"caption-attachment-1126\" class=\"wp-caption-text\">Liv &amp; Ola Wiodahl 2012-08-18<\/p><\/div>\n<p><\/span><\/p>\n<p><span style=\"font-family: Comic Sans MS;\">En bild p\u00e5 Liv och Ola Wiodahl. Sj\u00e4levads kyrka 2012-08-18<br \/>\nLiv \u00e4r dotter till Ami och Torbj\u00f6rn Bergstedt, R\u00f6\u00e5n<\/span><\/p>\n<p><span style=\"font-family: Comic Sans MS;\">Nu v\u00e4ntar vi ivrigt p\u00e5 Jonny och Jessicas bild.<\/span><\/p>\n<p><span style=\"font-family: Comic Sans MS;\"><strong>B\u00e5da paren till\u00f6nskas\u00a0den\u00a0lyckligaste och ljusaste framtid\u00a0!!!!!!!<\/strong><\/span><\/p>\n<p><span style=\"font-family: Comic Sans MS;\">\/Tarabrita<\/span><\/p>\n","protected":false},"excerpt":{"rendered":"<p>Tv\u00e5 br\u00f6llop med R\u00f6\u00e5anknytning har nyligen \u00e4gt rum. Jonny fick sin Jessica i Junsele\u00a0och i Sj\u00e4levad vigdes Liv och Ola. Livet g\u00e5r vidare fast h\u00f6sten \u00e4r i ant\u00e5gande. Bilder som denna v\u00e4rmer. En bild p\u00e5 Liv och Ola Wiodahl. Sj\u00e4levads kyrka 2012-08-18 Liv \u00e4r dotter till Ami och Torbj\u00f6rn Bergstedt, R\u00f6\u00e5n Nu v\u00e4ntar vi ivrigt [&hellip;]<\/p>\n","protected":false},"author":2,"featured_media":0,"comment_status":"open","ping_status":"open","sticky":false,"template":"","format":"standard","meta":{"footnotes":""},"categories":[3],"tags":[],"class_list":["post-1125","post","type-post","status-publish","format-standard","hentry","category-allmant"],"_links":{"self":[{"href":"https:\/\/roan.junselebyar.se\/index.php?rest_route=\/wp\/v2\/posts\/1125","targetHints":{"allow":["GET"]}}],"collection":[{"href":"https:\/\/roan.junselebyar.se\/index.php?rest_route=\/wp\/v2\/posts"}],"about":[{"href":"https:\/\/roan.junselebyar.se\/index.php?rest_route=\/wp\/v2\/types\/post"}],"author":[{"embeddable":true,"href":"https:\/\/roan.junselebyar.se\/index.php?rest_route=\/wp\/v2\/users\/2"}],"replies":[{"embeddable":true,"href":"https:\/\/roan.junselebyar.se\/index.php?rest_route=%2Fwp%2Fv2%2Fcomments&post=1125"}],"version-history":[{"count":6,"href":"https:\/\/roan.junselebyar.se\/index.php?rest_route=\/wp\/v2\/posts\/1125\/revisions"}],"predecessor-version":[{"id":1132,"href":"https:\/\/roan.junselebyar.se\/index.php?rest_route=\/wp\/v2\/posts\/1125\/revisions\/1132"}],"wp:attachment":[{"href":"https:\/\/roan.junselebyar.se\/index.php?rest_route=%2Fwp%2Fv2%2Fmedia&parent=1125"}],"wp:term":[{"taxonomy":"category","embeddable":true,"href":"https:\/\/roan.junselebyar.se\/index.php?rest_route=%2Fwp%2Fv2%2Fcategories&post=1125"},{"taxonomy":"post_tag","embeddable":true,"href":"https:\/\/roan.junselebyar.se\/index.php?rest_route=%2Fwp%2Fv2%2Ftags&post=1125"}],"curies":[{"name":"wp","href":"https:\/\/api.w.org\/{rel}","templated":true}]}}