{"id":1160,"date":"2012-10-28T00:06:55","date_gmt":"2012-10-27T22:06:55","guid":{"rendered":"http:\/\/roan.junselebyar.se\/?p=1160"},"modified":"2012-10-28T00:55:17","modified_gmt":"2012-10-27T22:55:17","slug":"mote-kring-forskrackande-vindkraftsplaner","status":"publish","type":"post","link":"https:\/\/roan.junselebyar.se\/?p=1160","title":{"rendered":"M\u00f6te om f\u00f6rskr\u00e4ckande vindkraftsplaner"},"content":{"rendered":"<h4><span style=\"color: #ff0000;\">Nu har ans\u00f6kan om att att f\u00e5\u00a0uppf\u00f6ra de 22 vindkraftverken norr om Betarsj\u00f6n l\u00e4mnats in till L\u00e4nsstyrelsen.\u00a0\u00a0Yttranden ska vara inne senast 12\/11,\u00a0varf\u00f6r Lokala R\u00e5det i Junsele nu bjuder in till ett diskussions- och informationsm\u00f6te\u00a0 med \u00a0fika i Toppenstugan s\u00f6ndag 4\/11\u00a0 13.30.\u00a0<\/span><\/h4>\n<h4><span style=\"color: #ff0000;\"><img loading=\"lazy\" decoding=\"async\" class=\"alignnone size-medium wp-image-1176\" title=\"facktorn\" src=\"http:\/\/roan.junselebyar.se\/nyheter\/wp-content\/uploads\/2012\/10\/facktorn-440x610.jpg\" alt=\"facktorn\" width=\"370\" height=\"364\" \/><\/span><\/h4>\n<h4><span style=\"color: #000000;\">Bakgrund: P\u00e5 nedanst\u00e5ende l\u00e4nk finns mer information om detta vindkraftsprojekt <\/span><span style=\"color: #ff0000;\"><a href=\"http:\/\/roan.junselebyar.se\/?p=1042\">http:\/\/roan.junselebyar.se\/?p=1042<\/a>\u00a0\u00a0<span style=\"color: #000000;\">Anm<\/span>. <span style=\"color: #000000;\">Inf\u00f6r utformningen av den sidan l\u00e4mnade Flodin uppgiften att de planerade tornen skulle vara av fackverkstyp. I den nu inl\u00e4mnade ans\u00f6kan preciseras ej\u00a0 typ av torn (pga. av att utvecklingen g\u00e5r snabbt och fortsatta vindm\u00e4tningar kan \u00e4ndra beslutsunderlaget?!) Dock ing\u00e5r ovanst\u00e5ende facktornsbild i den inl\u00e4mnade ans\u00f6kningen.<\/span><\/span><\/h4>\n<p><span style=\"color: #ff0000;\">\u00a0<\/span><\/p>\n<h4><span style=\"color: #000000;\">P\u00e5 L\u00e4nsstyrelsens hemsida kan man l\u00e4sa:<\/span><\/h4>\n<h4><span style=\"color: #ff0000;\"><span style=\"color: #000000;\">&#8220;Ans\u00f6kan om uppf\u00f6rande och drift av 22 vindkraftverk vid K\u00e4rmsj\u00f6, Sollefte\u00e5 kommun, NordanVind vindkraft AB\u00a0<\/span><\/span><\/h4>\n<p id=\"ctl00_PlaceHolderMain_EditModePanel10\"><strong><span style=\"color: #000000;\">\u00a0<\/span><\/strong><span style=\"color: #000000;\">NordanVind vindkraft AB, organisationsnummer 556574-0403, har hos milj\u00f6pr\u00f6vningsdelegationen vid L\u00e4nsstyrelsen V\u00e4sternorrland inl\u00e4mnat ans\u00f6kan om tillst\u00e5nd enligt milj\u00f6balken f\u00f6r uppf\u00f6rande och drift av maximalt 22\u00a0vindkraftsverk vid K\u00e4rmsj\u00f6, Sollefte\u00e5 kommun.<\/span><\/p>\n<p id=\"1\" style=\"CLEAR: both\"><span style=\"color: #000000;\">Bolagets handlingar enligt ovanst\u00e5ende finns tillg\u00e4ngliga f\u00f6r allm\u00e4nheten p\u00e5 Kommunstyrelsef\u00f6rvaltningen, 881 80 Sollefte\u00e5, p\u00e5 L\u00e4nsstyrelsens Diarium, Pumpbacksgatan 19, H\u00e4rn\u00f6sand samt p\u00e5 denna sida.<\/span><\/p>\n<p><span style=\"color: #000000;\">Den som vill yttra sig i \u00e4rendet kan g\u00f6ra det skriftligen till milj\u00f6pr\u00f6vningsdelegationen vid L\u00e4nsstyrelsen V\u00e4sternorrland, 871 86 H\u00e4rn\u00f6sand, alternativt via e-post\u00a0<\/span><a tabindex=\"200\" href=\"mailto:vasternorrland@lansstyrelsen.se\"><span style=\"color: #000000;\">vasternorrland@lansstyrelsen.se<\/span><\/a><span style=\"color: #000000;\"> senast den\u00a0<strong>12 november\u00a02012<\/strong>. Diarienummer 551-4785-12 b\u00f6r anges.&#8221;<\/span><\/p>\n<p><span style=\"color: #000000;\"><strong>Den som vill komma till denna sida och studera alla ans\u00f6kningshandlingar kan klicka<\/strong> <strong>h\u00e4r:<\/strong> <a href=\"http:\/\/www.lansstyrelsen.se\/vasternorrland\/Sv\/miljo-och-klimat\/verksamheter-med-miljopaverkan\/aktuella-miljoprovningsarenden\/vindkraftsprovningar\/Pages\/ansokan-om-22-vindkraftverk-vid-karmsjo,-solleftea-kommun.aspx\">http:\/\/www.lansstyrelsen.se\/vasternorrland\/Sv\/miljo-och-klimat\/verksamheter-med-miljopaverkan\/aktuella-miljoprovningsarenden\/vindkraftsprovningar\/Pages\/ansokan-om-22-vindkraftverk-vid-karmsjo,-solleftea-kommun.aspx<\/a><\/span><\/p>\n<p><span style=\"color: #000000;\">Vad kan man d\u00e5 g\u00f6ra f\u00f6r att skydda v\u00e5rt landskap mot den f\u00f6rest\u00e5ende aggresiva vindkraftsetableringen? F\u00f6rutom att hoppas p\u00e5 att\u00a0vindkraften blir ol\u00f6nsam och att samerna\u00a0 kan skydda renbetesland s\u00e5 kan vi ju m\u00f6tas p\u00e5 toppenstugan och kanske f\u00e5 mer information och hj\u00e4lpas \u00e5t att formera ett motst\u00e5nd&#8212;-i argument och strategi.<\/span><\/p>\n<h4><span style=\"color: #000000;\">\u00a0V\u00e4l m\u00f6tt allts\u00e5 p\u00e5 Toppenstugan s\u00f6ndag 4\/11\u00a0\u00a0 13.30!!!!!!!!!!!!<\/span><\/h4>\n<p><span style=\"color: #000000;\">\/Tarabrita<\/span><\/p>\n<ul style=\"display: none; height: auto;\">\u00a0\u00a0<\/ul>\n","protected":false},"excerpt":{"rendered":"<p>Nu har ans\u00f6kan om att att f\u00e5\u00a0uppf\u00f6ra de 22 vindkraftverken norr om Betarsj\u00f6n l\u00e4mnats in till L\u00e4nsstyrelsen.\u00a0\u00a0Yttranden ska vara inne senast 12\/11,\u00a0varf\u00f6r Lokala R\u00e5det i Junsele nu bjuder in till ett diskussions- och informationsm\u00f6te\u00a0 med \u00a0fika i Toppenstugan s\u00f6ndag 4\/11\u00a0 13.30.\u00a0 Bakgrund: P\u00e5 nedanst\u00e5ende l\u00e4nk finns mer information om detta vindkraftsprojekt http:\/\/roan.junselebyar.se\/?p=1042\u00a0\u00a0Anm. Inf\u00f6r utformningen av [&hellip;]<\/p>\n","protected":false},"author":2,"featured_media":0,"comment_status":"open","ping_status":"open","sticky":false,"template":"","format":"standard","meta":{"footnotes":""},"categories":[3],"tags":[],"class_list":["post-1160","post","type-post","status-publish","format-standard","hentry","category-allmant"],"_links":{"self":[{"href":"https:\/\/roan.junselebyar.se\/index.php?rest_route=\/wp\/v2\/posts\/1160","targetHints":{"allow":["GET"]}}],"collection":[{"href":"https:\/\/roan.junselebyar.se\/index.php?rest_route=\/wp\/v2\/posts"}],"about":[{"href":"https:\/\/roan.junselebyar.se\/index.php?rest_route=\/wp\/v2\/types\/post"}],"author":[{"embeddable":true,"href":"https:\/\/roan.junselebyar.se\/index.php?rest_route=\/wp\/v2\/users\/2"}],"replies":[{"embeddable":true,"href":"https:\/\/roan.junselebyar.se\/index.php?rest_route=%2Fwp%2Fv2%2Fcomments&post=1160"}],"version-history":[{"count":18,"href":"https:\/\/roan.junselebyar.se\/index.php?rest_route=\/wp\/v2\/posts\/1160\/revisions"}],"predecessor-version":[{"id":1175,"href":"https:\/\/roan.junselebyar.se\/index.php?rest_route=\/wp\/v2\/posts\/1160\/revisions\/1175"}],"wp:attachment":[{"href":"https:\/\/roan.junselebyar.se\/index.php?rest_route=%2Fwp%2Fv2%2Fmedia&parent=1160"}],"wp:term":[{"taxonomy":"category","embeddable":true,"href":"https:\/\/roan.junselebyar.se\/index.php?rest_route=%2Fwp%2Fv2%2Fcategories&post=1160"},{"taxonomy":"post_tag","embeddable":true,"href":"https:\/\/roan.junselebyar.se\/index.php?rest_route=%2Fwp%2Fv2%2Ftags&post=1160"}],"curies":[{"name":"wp","href":"https:\/\/api.w.org\/{rel}","templated":true}]}}