{"id":1191,"date":"2012-12-13T13:54:57","date_gmt":"2012-12-13T12:54:57","guid":{"rendered":"http:\/\/roan.junselebyar.se\/?p=1191"},"modified":"2012-12-13T13:54:57","modified_gmt":"2012-12-13T12:54:57","slug":"julgransminnen-fran-byn","status":"publish","type":"post","link":"https:\/\/roan.junselebyar.se\/?p=1191","title":{"rendered":"Julgransminnen fr\u00e5n byn"},"content":{"rendered":"<p><img loading=\"lazy\" decoding=\"async\" class=\"alignnone size-medium wp-image-1192\" title=\"julgran\" src=\"http:\/\/roan.junselebyar.se\/nyheter\/wp-content\/uploads\/2012\/12\/julgranjulbra-440x358.jpg\" alt=\"julgran\" width=\"440\" height=\"358\" srcset=\"https:\/\/roan.junselebyar.se\/nyheter\/wp-content\/uploads\/2012\/12\/julgranjulbra-440x358.jpg 440w, https:\/\/roan.junselebyar.se\/nyheter\/wp-content\/uploads\/2012\/12\/julgranjulbra.jpg 1450w\" sizes=\"auto, (max-width: 440px) 100vw, 440px\" \/><\/p>\n<p>Bygranen december 2001<\/p>\n<p>Detta \u00e4r\u00a0min tidigaste bild p\u00e5 Granen med belysning.\u00a02001 var nog premi\u00e4r\u00e5ret.\u00a0 Och d\u00e5 var alla lampor \u00e4nnu hela! Det var en m\u00e4ktig syn.\u00a0<\/p>\n<div id=\"attachment_1194\" style=\"width: 427px\" class=\"wp-caption alignnone\"><img loading=\"lazy\" decoding=\"async\" aria-describedby=\"caption-attachment-1194\" class=\"size-medium wp-image-1194\" title=\"Julgransplundring\" src=\"http:\/\/roan.junselebyar.se\/nyheter\/wp-content\/uploads\/2012\/12\/plundring1a1-440x541.jpg\" alt=\"Julgransplundring\" width=\"417\" height=\"508\" \/><p id=\"caption-attachment-1194\" class=\"wp-caption-text\">Julgransplundring<\/p><\/div>\n<p>Detta minne \u00e4r fr\u00e5n januari 2003 &#8211; allts\u00e5 10 \u00e5r sedan. 20 Knut hade vi en riktigt rej\u00e4l julgransplundring med gl\u00f6gg och godisp\u00e5sar. Det var j\u00e4tte-j\u00e4tteroligt. N\u00e5gra av oss finns inte mer i denna v\u00e4rld och vi andra har blivit 10 \u00e5r \u00e4ldre och det k\u00e4nns och m\u00e4rks. Men det kommer lyckligtvis nya.<\/p>\n<div id=\"attachment_1196\" style=\"width: 450px\" class=\"wp-caption alignnone\"><img loading=\"lazy\" decoding=\"async\" aria-describedby=\"caption-attachment-1196\" class=\"size-medium wp-image-1196\" title=\"Godisp\u00e5sar i granen\" src=\"http:\/\/roan.junselebyar.se\/nyheter\/wp-content\/uploads\/2012\/12\/plundring2-440x225.jpg\" alt=\"Godisp\u00e5sar i granen\" width=\"440\" height=\"225\" srcset=\"https:\/\/roan.junselebyar.se\/nyheter\/wp-content\/uploads\/2012\/12\/plundring2-440x225.jpg 440w, https:\/\/roan.junselebyar.se\/nyheter\/wp-content\/uploads\/2012\/12\/plundring2.jpg 944w\" sizes=\"auto, (max-width: 440px) 100vw, 440px\" \/><p id=\"caption-attachment-1196\" class=\"wp-caption-text\">Godisp\u00e5sar i granen<\/p><\/div>\n<p>En n\u00e5got \u00f6vertydlig pilf\u00f6rsedd bild visar godisp\u00e5sarnas placering. Som jag minns det var vi r\u00e4tt s\u00e5 n\u00f6jda med s\u00e5v\u00e4l inneh\u00e5ll som placering.<\/p>\n<p>\/Tarabrita<\/p>\n","protected":false},"excerpt":{"rendered":"<p>Bygranen december 2001 Detta \u00e4r\u00a0min tidigaste bild p\u00e5 Granen med belysning.\u00a02001 var nog premi\u00e4r\u00e5ret.\u00a0 Och d\u00e5 var alla lampor \u00e4nnu hela! Det var en m\u00e4ktig syn.\u00a0 Detta minne \u00e4r fr\u00e5n januari 2003 &#8211; allts\u00e5 10 \u00e5r sedan. 20 Knut hade vi en riktigt rej\u00e4l julgransplundring med gl\u00f6gg och godisp\u00e5sar. Det var j\u00e4tte-j\u00e4tteroligt. N\u00e5gra av oss [&hellip;]<\/p>\n","protected":false},"author":2,"featured_media":0,"comment_status":"open","ping_status":"open","sticky":false,"template":"","format":"standard","meta":{"footnotes":""},"categories":[3],"tags":[],"class_list":["post-1191","post","type-post","status-publish","format-standard","hentry","category-allmant"],"_links":{"self":[{"href":"https:\/\/roan.junselebyar.se\/index.php?rest_route=\/wp\/v2\/posts\/1191","targetHints":{"allow":["GET"]}}],"collection":[{"href":"https:\/\/roan.junselebyar.se\/index.php?rest_route=\/wp\/v2\/posts"}],"about":[{"href":"https:\/\/roan.junselebyar.se\/index.php?rest_route=\/wp\/v2\/types\/post"}],"author":[{"embeddable":true,"href":"https:\/\/roan.junselebyar.se\/index.php?rest_route=\/wp\/v2\/users\/2"}],"replies":[{"embeddable":true,"href":"https:\/\/roan.junselebyar.se\/index.php?rest_route=%2Fwp%2Fv2%2Fcomments&post=1191"}],"version-history":[{"count":4,"href":"https:\/\/roan.junselebyar.se\/index.php?rest_route=\/wp\/v2\/posts\/1191\/revisions"}],"predecessor-version":[{"id":1199,"href":"https:\/\/roan.junselebyar.se\/index.php?rest_route=\/wp\/v2\/posts\/1191\/revisions\/1199"}],"wp:attachment":[{"href":"https:\/\/roan.junselebyar.se\/index.php?rest_route=%2Fwp%2Fv2%2Fmedia&parent=1191"}],"wp:term":[{"taxonomy":"category","embeddable":true,"href":"https:\/\/roan.junselebyar.se\/index.php?rest_route=%2Fwp%2Fv2%2Fcategories&post=1191"},{"taxonomy":"post_tag","embeddable":true,"href":"https:\/\/roan.junselebyar.se\/index.php?rest_route=%2Fwp%2Fv2%2Ftags&post=1191"}],"curies":[{"name":"wp","href":"https:\/\/api.w.org\/{rel}","templated":true}]}}