{"id":1294,"date":"2013-05-11T20:31:30","date_gmt":"2013-05-11T18:31:30","guid":{"rendered":"http:\/\/roan.junselebyar.se\/?p=1294"},"modified":"2013-05-11T20:32:40","modified_gmt":"2013-05-11T18:32:40","slug":"nimby","status":"publish","type":"post","link":"https:\/\/roan.junselebyar.se\/?p=1294","title":{"rendered":"NIMBY"},"content":{"rendered":"<p><strong>I <\/strong>Sollefte\u00e5 kommunfullm\u00e4ktigesammantr\u00e4de\u00a029\/4 anv\u00e4nde moderatdamen Lena Asplund begreppet &#8220;Nimby&#8221; f\u00f6r att\u00a0 f\u00f6rringande etikettera\u00a0en \u00e5siktsmotst\u00e5ndares uppfattning om vindkraftsindustrin Storsj\u00f6n-F\u00e4ngsj\u00f6n. (<strong>NIMBY<\/strong> eller <strong>Nimby<\/strong> \u00e4r en akronym f\u00f6r frasen <em>not in my back yard<\/em> (inte p\u00e5 min bakg\u00e5rd).))<\/p>\n<p>Denna moderatdams f\u00f6rh\u00e5llningss\u00e4tt finnar jag helt obegripligt. \u00c4r det fel att vilja skydda sitt\u00a0n\u00e4romr\u00e5de? Att inte vilja se det nedlusat med abnorma vindkraftsmonster? Vem skall f\u00f6rsvara n\u00e4rmilj\u00f6n om inte just de som bor d\u00e4r och som k\u00e4nner och \u00e4lskar sin bygd. Hur menar egentligen Lena Asplund? Det \u00e4r v\u00e4ldigt l\u00e4tt att litet slarvigt anamma ett uttryck och \u00f6verl\u00e4gset kasta iv\u00e4g det: \u201dDet \u00e4r NIMBY\u201d. Ja, \u00e4n se\u00b4n d\u00e5. S\u00e5 klart det \u00e4r NIMBY. Och det \u00e4r BRA. T\u00e4nk om alla kunde st\u00e5 upp f\u00f6r och f\u00f6rsvarara sin n\u00e4rmilj\u00f6. \u00a0N\u00e4r K\u00e4rmsj\u00f6n kommer upp p\u00e5 kommunfullm\u00e4ktige hoppas jag att Junselepolitikerna f\u00f6rsvarar sin bygd, att de till\u00e4mpar NIMBY. Undrar just om \u00e4ven de i s\u00e5 fall kommer att h\u00e4cklas f\u00f6r detta.<\/p>\n<p>Tarabrita<\/p>\n","protected":false},"excerpt":{"rendered":"<p>I Sollefte\u00e5 kommunfullm\u00e4ktigesammantr\u00e4de\u00a029\/4 anv\u00e4nde moderatdamen Lena Asplund begreppet &#8220;Nimby&#8221; f\u00f6r att\u00a0 f\u00f6rringande etikettera\u00a0en \u00e5siktsmotst\u00e5ndares uppfattning om vindkraftsindustrin Storsj\u00f6n-F\u00e4ngsj\u00f6n. (NIMBY eller Nimby \u00e4r en akronym f\u00f6r frasen not in my back yard (inte p\u00e5 min bakg\u00e5rd).)) Denna moderatdams f\u00f6rh\u00e5llningss\u00e4tt finnar jag helt obegripligt. \u00c4r det fel att vilja skydda sitt\u00a0n\u00e4romr\u00e5de? Att inte vilja se det nedlusat [&hellip;]<\/p>\n","protected":false},"author":2,"featured_media":0,"comment_status":"open","ping_status":"open","sticky":false,"template":"","format":"standard","meta":{"footnotes":""},"categories":[3],"tags":[],"class_list":["post-1294","post","type-post","status-publish","format-standard","hentry","category-allmant"],"_links":{"self":[{"href":"https:\/\/roan.junselebyar.se\/index.php?rest_route=\/wp\/v2\/posts\/1294","targetHints":{"allow":["GET"]}}],"collection":[{"href":"https:\/\/roan.junselebyar.se\/index.php?rest_route=\/wp\/v2\/posts"}],"about":[{"href":"https:\/\/roan.junselebyar.se\/index.php?rest_route=\/wp\/v2\/types\/post"}],"author":[{"embeddable":true,"href":"https:\/\/roan.junselebyar.se\/index.php?rest_route=\/wp\/v2\/users\/2"}],"replies":[{"embeddable":true,"href":"https:\/\/roan.junselebyar.se\/index.php?rest_route=%2Fwp%2Fv2%2Fcomments&post=1294"}],"version-history":[{"count":3,"href":"https:\/\/roan.junselebyar.se\/index.php?rest_route=\/wp\/v2\/posts\/1294\/revisions"}],"predecessor-version":[{"id":1296,"href":"https:\/\/roan.junselebyar.se\/index.php?rest_route=\/wp\/v2\/posts\/1294\/revisions\/1296"}],"wp:attachment":[{"href":"https:\/\/roan.junselebyar.se\/index.php?rest_route=%2Fwp%2Fv2%2Fmedia&parent=1294"}],"wp:term":[{"taxonomy":"category","embeddable":true,"href":"https:\/\/roan.junselebyar.se\/index.php?rest_route=%2Fwp%2Fv2%2Fcategories&post=1294"},{"taxonomy":"post_tag","embeddable":true,"href":"https:\/\/roan.junselebyar.se\/index.php?rest_route=%2Fwp%2Fv2%2Ftags&post=1294"}],"curies":[{"name":"wp","href":"https:\/\/api.w.org\/{rel}","templated":true}]}}