{"id":1298,"date":"2013-05-13T20:05:53","date_gmt":"2013-05-13T18:05:53","guid":{"rendered":"http:\/\/roan.junselebyar.se\/?p=1298"},"modified":"2013-05-13T21:36:43","modified_gmt":"2013-05-13T19:36:43","slug":"vart-tog-%e2%80%9dklimatet%e2%80%9d-vagen","status":"publish","type":"post","link":"https:\/\/roan.junselebyar.se\/?p=1298","title":{"rendered":"Vart tog \u201dklimatet\u201d v\u00e4gen?"},"content":{"rendered":"<p>Hela den h\u00e4r vindkraftcirkusen har ju sin upprinnelse i att f\u00f6rnyelsebar energiproduktion skulle \u201dr\u00e4dda klimatet\u201d. Tron (och h\u00e4r r\u00f6r det sig faktiskt om \u201dtro\u201d) att <strong>storskalig, n\u00e4tansluten vindkraft i Norrland<\/strong> har n\u00e5gon som helst inverkan p\u00e5 planetens klimat \u00e4r direkt stollig. Det blir inte ens en darrning p\u00e5 en statistisk linje. Men s\u00e5 klart kan vindkraft vara bra p\u00e5 andra vis t.ex. mot fj\u00e4rrv\u00e4rme eller att ladda bilbatterier\u00a0eller att till viss del ers\u00e4tta k\u00e4rnkraften m.m.\u00a0 Solkraft har en v\u00e4ldigt stor potential i framtida f\u00f6rnyelsebar energialstring\u00a0<\/p>\n<p>S\u00e5ledes har nu \u00e4ven politikerna slutat tala om klimatet i samband med vindkraft h\u00e4r uppe.<\/p>\n<p>\u00a0Nu g\u00e4ller det <strong>JOBB<\/strong>: \u00a0\u00a0\u00a0\u00a0\u00a0<\/p>\n<p>\u00a0&#8211;<em>\u201dDet h\u00e4r leder till <strong>jobb<\/strong> och \u00e4r n\u00e5got v\u00e4ldigt v\u00e4rdefullt f\u00f6r Sollefte\u00e5 kommun,<\/em> s\u00e4ger Elisabet Lassen (S), kommunstyrelsens ordf\u00f6rande i T\u00c5 efter kommunfullm\u00e4ktigem\u00f6tet 7\/5, d\u00e5 klartecken gavs f\u00f6r F\u00e4ngsj\u00f6\/Storsj\u00f6projektet. I hela artikeln finns inte orden \u201dklimat\u201d eller \u201dmilj\u00f6\u201d en enda g\u00e5ng<\/p>\n<p><em>-\u201dVi tycker att f\u00f6rdelarna \u00f6verv\u00e4ger nackdelarna. S\u00e4rkilt eftersom det leder till <strong>jobb<\/strong> i delar av kommunen d\u00e4r utflyttningen varit stor<\/em>\u201d, s\u00e4ger Elisabet Lassen.<em><\/em><\/p>\n<p>Att vindkraftsindustrier inp\u00e5 knuten knappast kommer att locka hit fler boende efter de som flytt undan\u00a0har tydligen inte f\u00f6resv\u00e4vat Lassen.<\/p>\n<p>&#8211; <em>&#8220;Allt beror ju p\u00e5 vad man har f\u00f6r inst\u00e4llning, men nu f\u00e5r vi f\u00f6rhoppningsvis en satsning i kommunen som leder till <strong>jobb<\/strong><\/em>&#8220;, s\u00e4ger Elisabet Lassen. Och t\u00e4nker d\u00e5 uppenbarligen inte p\u00e5 ex. turismjobb.<\/p>\n<p>\u00a0Men bra! D\u00e5 vet vi vad vi talar om. Det diffusa \u201dklimatet\u201d \u00e4r ju alltid sv\u00e5rt att sakligt bem\u00f6ta. Vem vill inte r\u00e4dda klimatet? S\u00e5 klart det blir jobb i den h\u00e4r cirkusen. Men hur m\u00e5nga och f\u00f6r vem och hur l\u00e4nge? Vad kommer efter det att V\u00e4stra transformerats till ett tivoliliknande industriomr\u00e5de?\u00a0S\u00e4tt antalet jobb i relation till f\u00f6r\u00f6delsen? Kanske \u00e4r det en fr\u00e5ga, som V\u00e4strapolitiker skulle beh\u00f6va fundera litet \u00f6ver snarast innan det \u00e4r f\u00f6r sent.<\/p>\n<p>En som d\u00e4remot har fattat galoppen att klimat och milj\u00f6argument \u00e4r sv\u00e5ra att bem\u00f6ta \u00e4r Flodin, som st\u00e5r bakom ett flertal kommande vindkrafthot h\u00e4r i V\u00e4stra. Om alla hans bolag hoppas jag kunna skriva en del fram\u00f6ver.<\/p>\n<p>\/Tarabrita<\/p>\n","protected":false},"excerpt":{"rendered":"<p>Hela den h\u00e4r vindkraftcirkusen har ju sin upprinnelse i att f\u00f6rnyelsebar energiproduktion skulle \u201dr\u00e4dda klimatet\u201d. Tron (och h\u00e4r r\u00f6r det sig faktiskt om \u201dtro\u201d) att storskalig, n\u00e4tansluten vindkraft i Norrland har n\u00e5gon som helst inverkan p\u00e5 planetens klimat \u00e4r direkt stollig. Det blir inte ens en darrning p\u00e5 en statistisk linje. Men s\u00e5 klart kan [&hellip;]<\/p>\n","protected":false},"author":2,"featured_media":0,"comment_status":"open","ping_status":"open","sticky":false,"template":"","format":"standard","meta":{"footnotes":""},"categories":[3],"tags":[],"class_list":["post-1298","post","type-post","status-publish","format-standard","hentry","category-allmant"],"_links":{"self":[{"href":"https:\/\/roan.junselebyar.se\/index.php?rest_route=\/wp\/v2\/posts\/1298","targetHints":{"allow":["GET"]}}],"collection":[{"href":"https:\/\/roan.junselebyar.se\/index.php?rest_route=\/wp\/v2\/posts"}],"about":[{"href":"https:\/\/roan.junselebyar.se\/index.php?rest_route=\/wp\/v2\/types\/post"}],"author":[{"embeddable":true,"href":"https:\/\/roan.junselebyar.se\/index.php?rest_route=\/wp\/v2\/users\/2"}],"replies":[{"embeddable":true,"href":"https:\/\/roan.junselebyar.se\/index.php?rest_route=%2Fwp%2Fv2%2Fcomments&post=1298"}],"version-history":[{"count":5,"href":"https:\/\/roan.junselebyar.se\/index.php?rest_route=\/wp\/v2\/posts\/1298\/revisions"}],"predecessor-version":[{"id":1300,"href":"https:\/\/roan.junselebyar.se\/index.php?rest_route=\/wp\/v2\/posts\/1298\/revisions\/1300"}],"wp:attachment":[{"href":"https:\/\/roan.junselebyar.se\/index.php?rest_route=%2Fwp%2Fv2%2Fmedia&parent=1298"}],"wp:term":[{"taxonomy":"category","embeddable":true,"href":"https:\/\/roan.junselebyar.se\/index.php?rest_route=%2Fwp%2Fv2%2Fcategories&post=1298"},{"taxonomy":"post_tag","embeddable":true,"href":"https:\/\/roan.junselebyar.se\/index.php?rest_route=%2Fwp%2Fv2%2Ftags&post=1298"}],"curies":[{"name":"wp","href":"https:\/\/api.w.org\/{rel}","templated":true}]}}