{"id":1314,"date":"2013-05-29T23:06:07","date_gmt":"2013-05-29T21:06:07","guid":{"rendered":"http:\/\/roan.junselebyar.se\/?p=1314"},"modified":"2013-05-29T23:06:07","modified_gmt":"2013-05-29T21:06:07","slug":"roans-fvo","status":"publish","type":"post","link":"https:\/\/roan.junselebyar.se\/?p=1314","title":{"rendered":"R\u00f6\u00e5ns FVO"},"content":{"rendered":"<p>I dag var det dags f\u00f6r en arbetsinsats f\u00f6r R\u00f6\u00e5ns FVO. Sammankallande var Sten-Erik och vi samlades vid Svarttj\u00e4rn f\u00f6r att ordna ved. V\u00e4dret kunde inte ha varit b\u00e4ttre denna soliga morgon och veden var snabbt ordnad. D\u00e4refter for &#8220;gubbarna&#8221; vidare till ett annat st\u00e4lle.<\/p>\n<div id=\"attachment_1315\" style=\"width: 341px\" class=\"wp-caption alignnone\"><img loading=\"lazy\" decoding=\"async\" aria-describedby=\"caption-attachment-1315\" class=\"size-medium wp-image-1315\" title=\"Sten-Erik\" src=\"http:\/\/roan.junselebyar.se\/nyheter\/wp-content\/uploads\/2013\/05\/13fvo4-436x640.jpg\" alt=\"Sten-Erik\" width=\"331\" height=\"499\" \/><p id=\"caption-attachment-1315\" class=\"wp-caption-text\">Sten-Erik<\/p><\/div>\n<p>Sten-Erik var flink med motors\u00e5gen och Sven-Erik jobbade effektivt mot den vackra bakgrunden<\/p>\n<div id=\"attachment_1316\" style=\"width: 450px\" class=\"wp-caption alignnone\"><img loading=\"lazy\" decoding=\"async\" aria-describedby=\"caption-attachment-1316\" class=\"size-medium wp-image-1316\" title=\"Sven-Erik\" src=\"http:\/\/roan.junselebyar.se\/nyheter\/wp-content\/uploads\/2013\/05\/13fvo1-440x612.jpg\" alt=\"Sven-Erik\" width=\"440\" height=\"612\" srcset=\"https:\/\/roan.junselebyar.se\/nyheter\/wp-content\/uploads\/2013\/05\/13fvo1-440x612.jpg 440w, https:\/\/roan.junselebyar.se\/nyheter\/wp-content\/uploads\/2013\/05\/13fvo1.jpg 1359w\" sizes=\"auto, (max-width: 440px) 100vw, 440px\" \/><p id=\"caption-attachment-1316\" class=\"wp-caption-text\">Sven-Erik<\/p><\/div>\n<p>Torbj\u00f6rn staplade sedan veden.<\/p>\n<p><img loading=\"lazy\" decoding=\"async\" class=\"alignnone size-medium wp-image-1317\" title=\"13fvo5\" src=\"http:\/\/roan.junselebyar.se\/nyheter\/wp-content\/uploads\/2013\/05\/13fvo5-440x525.jpg\" alt=\"13fvo5\" width=\"440\" height=\"525\" srcset=\"https:\/\/roan.junselebyar.se\/nyheter\/wp-content\/uploads\/2013\/05\/13fvo5-440x525.jpg 440w, https:\/\/roan.junselebyar.se\/nyheter\/wp-content\/uploads\/2013\/05\/13fvo5.jpg 1743w\" sizes=\"auto, (max-width: 440px) 100vw, 440px\" \/><\/p>\n<p>Sedan fick de vila sig.<\/p>\n<div id=\"attachment_1318\" style=\"width: 450px\" class=\"wp-caption alignnone\"><img loading=\"lazy\" decoding=\"async\" aria-describedby=\"caption-attachment-1318\" class=\"size-medium wp-image-1318\" title=\"Rast\" src=\"http:\/\/roan.junselebyar.se\/nyheter\/wp-content\/uploads\/2013\/05\/13fvo6-440x376.jpg\" alt=\"Rast\" width=\"440\" height=\"376\" \/><p id=\"caption-attachment-1318\" class=\"wp-caption-text\">Rast<\/p><\/div>\n<p>\u00a0<\/p>\n<p>Just nu g\u00e5r vi i v\u00e4ntans tider i R\u00f6\u00e5ns FVO.<\/p>\n<p>F\u00f6rst ans\u00f6kte vi om och beviljades efter hand anslag f\u00f6r att\u00a0unders\u00f6ka\u00a0vilka \u00e5tg\u00e4rder, som skulle kunna genomf\u00f6ras f\u00f6r att f\u00f6rb\u00e4ttra R\u00f6\u00e5\u00f6ringens reproduktions- och \u00f6verlevnadsbetingelser. Erik Sj\u00f6lander anlitades och utf\u00f6rde\u00a0detta. D\u00e4refter s\u00f6ktes bygdemedel och tillst\u00e5nd f\u00f6r vattenverksamhet. Sollefte\u00e5 kommun beviljade oss gl\u00e4djande\u00a0nog \u00a0250 000 kr. Tv\u00e5 och ett halvt \u00e5r\u00a0av m\u00e5lmedvetet arbete med ans\u00f6kningar och annan byr\u00e5krati har vi bakom oss,\u00a0n\u00e4r\u00a0projektet nu dessv\u00e4rre\u00a0fastnat\u00a0i L\u00e4nsstyrelsen, som ALDRIG annars brukar \u00e4ndra kommunens beslut g\u00e4llande bygdemedel. Vi vet i skrivande stund inte om vi f\u00e5r pengarna. D\u00e4rmed vet vi ej om vi kan genomf\u00f6ra projektet och d\u00e4rmed vet vi inte heller om vi skall inf\u00f6ra fiskef\u00f6rbud. F\u00f6r s\u00e4kerhets skull har f\u00f6rs\u00e4ljning av \u00e5rskort upph\u00f6rt f\u00f6r det blir s\u00e5 kr\u00e5ngligt OM vi skulle f\u00e5 L\u00e4nsstyrelsens godk\u00e4nnande.<\/p>\n<p>Likas\u00e5 \u00e4r det v\u00e4ldigt sv\u00e5rt att planera f\u00f6r r\u00f6jningar och andra \u00e5tg\u00e4rder l\u00e4ngs \u00e5n. I n\u00e4sta vecka har L\u00e4nsstyrelsen lovat komma hit och sj\u00e4lva bilda sig en uppfattning om projektet. Det \u00e4r bara att h\u00e5lla tummarna. Och OM\u00a0vi inte f\u00e5r godk\u00e4nt fr\u00e5n L\u00e4nsstyrelsen s\u00e5 \u00e4r det inget mer med det. D\u00e5 f\u00e5r vi k\u00f6ra p\u00e5 som vanligt och n\u00f6ja oss med att vi i alla fall har gjort precis allt vi kan.\u00a0Men det vore synd f\u00f6r \u00f6ringen.<\/p>\n<p>\/Tarabrita<\/p>\n","protected":false},"excerpt":{"rendered":"<p>I dag var det dags f\u00f6r en arbetsinsats f\u00f6r R\u00f6\u00e5ns FVO. Sammankallande var Sten-Erik och vi samlades vid Svarttj\u00e4rn f\u00f6r att ordna ved. V\u00e4dret kunde inte ha varit b\u00e4ttre denna soliga morgon och veden var snabbt ordnad. D\u00e4refter for &#8220;gubbarna&#8221; vidare till ett annat st\u00e4lle. Sten-Erik var flink med motors\u00e5gen och Sven-Erik jobbade effektivt mot [&hellip;]<\/p>\n","protected":false},"author":2,"featured_media":0,"comment_status":"open","ping_status":"open","sticky":false,"template":"","format":"standard","meta":{"footnotes":""},"categories":[3],"tags":[],"class_list":["post-1314","post","type-post","status-publish","format-standard","hentry","category-allmant"],"_links":{"self":[{"href":"https:\/\/roan.junselebyar.se\/index.php?rest_route=\/wp\/v2\/posts\/1314","targetHints":{"allow":["GET"]}}],"collection":[{"href":"https:\/\/roan.junselebyar.se\/index.php?rest_route=\/wp\/v2\/posts"}],"about":[{"href":"https:\/\/roan.junselebyar.se\/index.php?rest_route=\/wp\/v2\/types\/post"}],"author":[{"embeddable":true,"href":"https:\/\/roan.junselebyar.se\/index.php?rest_route=\/wp\/v2\/users\/2"}],"replies":[{"embeddable":true,"href":"https:\/\/roan.junselebyar.se\/index.php?rest_route=%2Fwp%2Fv2%2Fcomments&post=1314"}],"version-history":[{"count":2,"href":"https:\/\/roan.junselebyar.se\/index.php?rest_route=\/wp\/v2\/posts\/1314\/revisions"}],"predecessor-version":[{"id":1320,"href":"https:\/\/roan.junselebyar.se\/index.php?rest_route=\/wp\/v2\/posts\/1314\/revisions\/1320"}],"wp:attachment":[{"href":"https:\/\/roan.junselebyar.se\/index.php?rest_route=%2Fwp%2Fv2%2Fmedia&parent=1314"}],"wp:term":[{"taxonomy":"category","embeddable":true,"href":"https:\/\/roan.junselebyar.se\/index.php?rest_route=%2Fwp%2Fv2%2Fcategories&post=1314"},{"taxonomy":"post_tag","embeddable":true,"href":"https:\/\/roan.junselebyar.se\/index.php?rest_route=%2Fwp%2Fv2%2Ftags&post=1314"}],"curies":[{"name":"wp","href":"https:\/\/api.w.org\/{rel}","templated":true}]}}