{"id":1446,"date":"2014-02-03T23:53:22","date_gmt":"2014-02-03T22:53:22","guid":{"rendered":"http:\/\/roan.junselebyar.se\/?p=1446"},"modified":"2014-02-03T23:53:22","modified_gmt":"2014-02-03T22:53:22","slug":"stralande-sol-over-byn","status":"publish","type":"post","link":"https:\/\/roan.junselebyar.se\/?p=1446","title":{"rendered":"Str\u00e5lande sol \u00f6ver byn"},"content":{"rendered":"<p>I dag k\u00e4ndes det som om v\u00e5rvintern b\u00f6rjade-den b\u00e4sta av \u00e5rstider. Solen v\u00e4rmde gott och det var\u00a0vindstilla och tyst.<\/p>\n<p><img loading=\"lazy\" decoding=\"async\" class=\"alignnone size-medium wp-image-1447\" title=\"140203byn2\" src=\"http:\/\/roan.junselebyar.se\/nyheter\/wp-content\/uploads\/2014\/02\/140203byn2-440x392.jpg\" alt=\"140203byn2\" width=\"440\" height=\"392\" srcset=\"https:\/\/roan.junselebyar.se\/nyheter\/wp-content\/uploads\/2014\/02\/140203byn2-440x392.jpg 440w, https:\/\/roan.junselebyar.se\/nyheter\/wp-content\/uploads\/2014\/02\/140203byn2.jpg 1440w\" sizes=\"auto, (max-width: 440px) 100vw, 440px\" \/><\/p>\n<p>Bina tyckte ocks\u00e5 att det var fint och n\u00e5gra nyfikna sm\u00e5 rackare gav sig ut p\u00e5 uppt\u00e4cksf\u00e4rd. Litet f\u00f6r tidigt!<\/p>\n<p><img loading=\"lazy\" decoding=\"async\" class=\"alignnone size-medium wp-image-1448\" title=\"140203bin3\" src=\"http:\/\/roan.junselebyar.se\/nyheter\/wp-content\/uploads\/2014\/02\/140203bin3-440x386.jpg\" alt=\"140203bin3\" width=\"440\" height=\"386\" srcset=\"https:\/\/roan.junselebyar.se\/nyheter\/wp-content\/uploads\/2014\/02\/140203bin3-440x386.jpg 440w, https:\/\/roan.junselebyar.se\/nyheter\/wp-content\/uploads\/2014\/02\/140203bin3.jpg 565w\" sizes=\"auto, (max-width: 440px) 100vw, 440px\" \/><\/p>\n<p>Planeringsarbetet\u00a0inf\u00f6r f\u00f6rs\u00f6ket att iordningst\u00e4lla den gamla vinterv\u00e4gen mellan R\u00f6\u00e5n och Lillterrsj\u00f6 fortskrider. F\u00f6r Lasele FVO \u00e4r det s\u00e5 klart av vikt att ha en framkomlig v\u00e4g utmed Tar\u00e5n, som ju ing\u00e5r i Lasele FVO. Det \u00e4r ocks\u00e5 trevligt f\u00f6r promenader, spark- och skid\u00e5kning. \u00c4ven j\u00e4garna skulle uppskatta en uppr\u00f6jd v\u00e4g. \u00c4r det n\u00e5gon, som har en rastkoja att l\u00e5na ut s\u00e5 kontakta <a href=\"mailto:tarabrita@hotmail.com\">tarabrita@hotmail.com<\/a><\/p>\n","protected":false},"excerpt":{"rendered":"<p>I dag k\u00e4ndes det som om v\u00e5rvintern b\u00f6rjade-den b\u00e4sta av \u00e5rstider. Solen v\u00e4rmde gott och det var\u00a0vindstilla och tyst. Bina tyckte ocks\u00e5 att det var fint och n\u00e5gra nyfikna sm\u00e5 rackare gav sig ut p\u00e5 uppt\u00e4cksf\u00e4rd. Litet f\u00f6r tidigt! Planeringsarbetet\u00a0inf\u00f6r f\u00f6rs\u00f6ket att iordningst\u00e4lla den gamla vinterv\u00e4gen mellan R\u00f6\u00e5n och Lillterrsj\u00f6 fortskrider. F\u00f6r Lasele FVO \u00e4r [&hellip;]<\/p>\n","protected":false},"author":2,"featured_media":0,"comment_status":"open","ping_status":"open","sticky":false,"template":"","format":"standard","meta":{"footnotes":""},"categories":[3],"tags":[],"class_list":["post-1446","post","type-post","status-publish","format-standard","hentry","category-allmant"],"_links":{"self":[{"href":"https:\/\/roan.junselebyar.se\/index.php?rest_route=\/wp\/v2\/posts\/1446","targetHints":{"allow":["GET"]}}],"collection":[{"href":"https:\/\/roan.junselebyar.se\/index.php?rest_route=\/wp\/v2\/posts"}],"about":[{"href":"https:\/\/roan.junselebyar.se\/index.php?rest_route=\/wp\/v2\/types\/post"}],"author":[{"embeddable":true,"href":"https:\/\/roan.junselebyar.se\/index.php?rest_route=\/wp\/v2\/users\/2"}],"replies":[{"embeddable":true,"href":"https:\/\/roan.junselebyar.se\/index.php?rest_route=%2Fwp%2Fv2%2Fcomments&post=1446"}],"version-history":[{"count":3,"href":"https:\/\/roan.junselebyar.se\/index.php?rest_route=\/wp\/v2\/posts\/1446\/revisions"}],"predecessor-version":[{"id":1451,"href":"https:\/\/roan.junselebyar.se\/index.php?rest_route=\/wp\/v2\/posts\/1446\/revisions\/1451"}],"wp:attachment":[{"href":"https:\/\/roan.junselebyar.se\/index.php?rest_route=%2Fwp%2Fv2%2Fmedia&parent=1446"}],"wp:term":[{"taxonomy":"category","embeddable":true,"href":"https:\/\/roan.junselebyar.se\/index.php?rest_route=%2Fwp%2Fv2%2Fcategories&post=1446"},{"taxonomy":"post_tag","embeddable":true,"href":"https:\/\/roan.junselebyar.se\/index.php?rest_route=%2Fwp%2Fv2%2Ftags&post=1446"}],"curies":[{"name":"wp","href":"https:\/\/api.w.org\/{rel}","templated":true}]}}