{"id":1490,"date":"2014-02-18T21:31:55","date_gmt":"2014-02-18T20:31:55","guid":{"rendered":"http:\/\/roan.junselebyar.se\/?p=1490"},"modified":"2014-02-19T09:58:45","modified_gmt":"2014-02-19T08:58:45","slug":"selma-selma","status":"publish","type":"post","link":"https:\/\/roan.junselebyar.se\/?p=1490","title":{"rendered":"Selma, Selma&#8230;&#8230;."},"content":{"rendered":"<div id=\"attachment_1491\" style=\"width: 372px\" class=\"wp-caption alignnone\"><img loading=\"lazy\" decoding=\"async\" aria-describedby=\"caption-attachment-1491\" class=\"size-full wp-image-1491\" title=\"Helmer Osslund, H\u00f6stdag Ramsele\" src=\"http:\/\/roan.junselebyar.se\/nyheter\/wp-content\/uploads\/2014\/02\/14-h\u00f6stdag-ramsele1.jpg\" alt=\"Helmer Osslund, H\u00f6stdag Ramsele\" width=\"362\" height=\"235\" \/><p id=\"caption-attachment-1491\" class=\"wp-caption-text\">Helmer Osslund, H\u00f6stdag Ramsele<\/p><\/div>\n<p>\u00a0I NordanVind Vindkraft AB s MILJ\u00d6KONSEKVENSBESKRIVNING \u00a0avseende VINDKRAFTSANL\u00c4GGNING RANASJ\u00d6 beskrivs terr\u00e4ngen i det aktuella omr\u00e5det som f\u00f6ljer:<\/p>\n<p>\u201dTerr\u00e4ngen i omr\u00e5det \u00e4r kuperad med berg och kullar och utg\u00f6r ett f\u00f6r s\u00f6dra Norrlands inland typiskt landskap med milsvida barrskogar.\u201d<\/p>\n<p><strong>&#8221;\u00a0Milsvida barrskogar!\u201d \u00a0\u201d Typiskt f\u00f6r s\u00f6dra norrlands inland!\u201d.<\/strong> Man funderar om Flodin har varit d\u00e4r ngn.g\u00e5ng. Detta omr\u00e5de k\u00e4nnetecknas av stor dramatik liksom hela landskapet mellan \u00c5ngerman\u00e4lven\/Fj\u00e4llsj\u00f6\u00e4lven \/Fax\u00e4lven. F\u00e5gelv\u00e4gen Fax\u00e4lven-Fj\u00e4llsj\u00f6\u00e4lven \u00f6ver det planerade industriomr\u00e5det \u00e4r det ca 1 mil. P\u00e5 den str\u00e4ckan skall man upp fr\u00e5n ca 150 m\u00f6h passera maxh\u00f6jden 451 m.\u00f6.h och slutligen komma ner p\u00e5 ca 150 m.\u00f6.h\u00a0 En niv\u00e5skillnad p\u00e5 300 m. D\u00e4ruppe p\u00e5 h\u00f6jderna finns dessutom myrar, myrstr\u00e5k och tj\u00e4rnar.<\/p>\n<div id=\"attachment_1493\" style=\"width: 450px\" class=\"wp-caption alignnone\"><img loading=\"lazy\" decoding=\"async\" aria-describedby=\"caption-attachment-1493\" class=\"size-medium wp-image-1493\" title=\" Helmer Osslund,  Fax\u00e4lven\" src=\"http:\/\/roan.junselebyar.se\/nyheter\/wp-content\/uploads\/2014\/02\/14-helmer-Osslund-fax\u00e4lven-440x242.jpg\" alt=\" Helmer Osslund,  Fax\u00e4lven\" width=\"440\" height=\"242\" \/><p id=\"caption-attachment-1493\" class=\"wp-caption-text\">Helmer Osslund, Fax\u00e4lven<\/p><\/div>\n<p>Nils Holgersson\u00a0 upplevde det v\u00e4xlingsrika \u00c5ngermanl\u00e4ndska landskapet i s\u00e4llskap med kungs\u00f6rnen Gorgo. Det hade kunnat ta en \u00e4nde med f\u00f6rskr\u00e4ckelse \u00a0p\u00e5 den ber\u00e4ttelsen l\u00e5ngt innan de kommit upp och \u00e5terf\u00f6renats med Akka i Kebnekajse, om historien hade utspelats i nutid. \u00d6rnar \u00e4r tyv\u00e4rr inte r\u00e4dda f\u00f6r vindkraftvingar.\u00a0<\/p>\n<div id=\"attachment_1495\" style=\"width: 450px\" class=\"wp-caption alignnone\"><img loading=\"lazy\" decoding=\"async\" aria-describedby=\"caption-attachment-1495\" class=\"size-medium wp-image-1495\" title=\"Hugo Zuhr, \u00c5smon\" src=\"http:\/\/roan.junselebyar.se\/nyheter\/wp-content\/uploads\/2014\/02\/14zuhr_-asmonI-sp\u00e5ren-efter-Hugo-Zuhr.-Margareta-Klingberg1-440x290.jpg\" alt=\"Hugo Zuhr, \u00c5smon\" width=\"440\" height=\"290\" srcset=\"https:\/\/roan.junselebyar.se\/nyheter\/wp-content\/uploads\/2014\/02\/14zuhr_-asmonI-sp\u00e5ren-efter-Hugo-Zuhr.-Margareta-Klingberg1-440x290.jpg 440w, https:\/\/roan.junselebyar.se\/nyheter\/wp-content\/uploads\/2014\/02\/14zuhr_-asmonI-sp\u00e5ren-efter-Hugo-Zuhr.-Margareta-Klingberg1.jpg 496w\" sizes=\"auto, (max-width: 440px) 100vw, 440px\" \/><p id=\"caption-attachment-1495\" class=\"wp-caption-text\">Hugo Zuhr, \u00c5smon<\/p><\/div>\n<p>Vad tyckte d\u00e5 Nils Holgersson om \u00c5ngermanland?<\/p>\n<p><strong>&#8220;Pojken fann en god sittplats i en grenklyka och satt d\u00e4r och s\u00e5g ner \u00f6ver \u00c5ngermanland. Det var en vacker morgon, solskenet f\u00f6rgyllde tr\u00e4dtopparna, en svag vind for spelande genom barren, den sk\u00f6naste doft slog upp ur skogen, ett storst\u00e5tligt landskap l\u00e5g utbrett framf\u00f6r honom, och sj\u00e4lv k\u00e4nde han sig sorgl\u00f6s och glad. Han tyckte, att ingen kunde ha det b\u00e4ttre. <\/strong><\/p>\n<div class=\"mceTemp\"><strong>Han hade fri utsikt \u00e5t alla h\u00e5ll. Landet v\u00e4ster om honom var uppfyllt av \u00e5sar och bergtoppar, som blevo h\u00f6gre och vildare, ju l\u00e4ngre bort de stodo. \u00d6ster om honom funnos ocks\u00e5 en m\u00e4ngd \u00e5sar, men de sj\u00f6nko och blevo l\u00e4gre, tills landet l\u00e5g alldeles sl\u00e4tt nere vid havet. \u00d6verallt bl\u00e4nkte \u00e5ar och \u00e4lvar, som hade en besv\u00e4rlig f\u00e4rd med forsar och fall, s\u00e5 l\u00e4nge som de gingo fram mellan bergen, men bredde ut sig blanka och breda, n\u00e4r de n\u00e4rmade sig kusten. Bottniska viken s\u00e5g han ocks\u00e5, Inemot land var den prickig av \u00f6ar och tandad av uddar, men l\u00e4ngre ut l\u00e5g den klar och j\u00e4mnbl\u00e5 som en sommarhimmel. &#8220;<\/strong><\/div>\n<div class=\"mceTemp\">\n<div id=\"attachment_1498\" style=\"width: 450px\" class=\"wp-caption alignnone\"><img loading=\"lazy\" decoding=\"async\" aria-describedby=\"caption-attachment-1498\" class=\"size-medium wp-image-1498\" title=\"Helmer Osslund, N\u00e4mforsen\" src=\"http:\/\/roan.junselebyar.se\/nyheter\/wp-content\/uploads\/2014\/02\/14-helmer-osslund-N\u00e4mforsen-440x343.jpg\" alt=\"Helmer Osslund, N\u00e4mforsen\" width=\"440\" height=\"343\" \/><p id=\"caption-attachment-1498\" class=\"wp-caption-text\">Helmer Osslund, N\u00e4mforsen<\/p><\/div>\n<\/div>\n<p><strong>&#8220;Det h\u00e4r landet \u00e4r likt en \u00e5br\u00e4dd, n\u00e4r det nyss har regnat och en m\u00e4ngd r\u00e4nnilar str\u00f6mmar utf\u00f6r den och gr\u00e4ver opp f\u00e5ror, som slingrar och kr\u00f6ker och l\u00f6per samman,&#8221; t\u00e4nkte pojken. &#8220;Och bra vackert \u00e4r det att se p\u00e5&#8221;<\/strong><\/p>\n<div class=\"mceTemp\">\n<dl id=\"attachment_1499\" class=\"wp-caption alignnone\" style=\"width: 266px;\">\n<dt class=\"wp-caption-dt\"><img loading=\"lazy\" decoding=\"async\" class=\"size-full wp-image-1499\" title=\" Johan Eriksson, M\u00e5lning av \u00e4lgar\" src=\"http:\/\/roan.junselebyar.se\/nyheter\/wp-content\/uploads\/2014\/02\/14-Johan-Eriksson-m\u00e5lning-av-\u00e4lgar.jpg\" alt=\" Johan Eriksson, M\u00e5lning av \u00e4lgar\" width=\"256\" height=\"202\" \/><\/dt>\n<dd class=\"wp-caption-dd\">Johan Eriksson, M\u00e5lning av \u00e4lgar<\/dd>\n<\/dl>\n<p><strong>Och s\u00e5 bortom allt detta, uppe p\u00e5 de skogbev\u00e4xta \u00e5sarna, s\u00e5g han den tredje v\u00e4rlden. D\u00e4r l\u00e5go tj\u00e4derh\u00f6nor p\u00e5 \u00e4gg, d\u00e4r stodo \u00e4lgarna g\u00f6mda i de t\u00e4ta sn\u00e5ren, d\u00e4r lurade lodjuren, d\u00e4r knaprade ekorrarna, d\u00e4r doftade barren, d\u00e4r stod bl\u00e5b\u00e4rsriset i blom, d\u00e4r slogo trastarna<\/strong>.<\/p>\n<p><a href=\"http:\/\/runeberg.org\/nilsholg\/k42a.html\" target=\"_blank\">H\u00e4r kan Du l\u00e4sa mer om Nils Holgerssons och Gorgos upplevelser i \u00c5ngermanland<\/a><\/p>\n<p><strong>Jaa Du Selma!\u00a0\u00a0\u00a0 \u00a0Jag tror Du v\u00e4nder Dig i Din grav \u2026.<\/strong><\/p>\n<p>\/Tarabrita<\/p><\/div>\n","protected":false},"excerpt":{"rendered":"<p>\u00a0I NordanVind Vindkraft AB s MILJ\u00d6KONSEKVENSBESKRIVNING \u00a0avseende VINDKRAFTSANL\u00c4GGNING RANASJ\u00d6 beskrivs terr\u00e4ngen i det aktuella omr\u00e5det som f\u00f6ljer: \u201dTerr\u00e4ngen i omr\u00e5det \u00e4r kuperad med berg och kullar och utg\u00f6r ett f\u00f6r s\u00f6dra Norrlands inland typiskt landskap med milsvida barrskogar.\u201d &#8221;\u00a0Milsvida barrskogar!\u201d \u00a0\u201d Typiskt f\u00f6r s\u00f6dra norrlands inland!\u201d. Man funderar om Flodin har varit d\u00e4r ngn.g\u00e5ng. Detta [&hellip;]<\/p>\n","protected":false},"author":2,"featured_media":0,"comment_status":"open","ping_status":"open","sticky":false,"template":"","format":"standard","meta":{"footnotes":""},"categories":[3],"tags":[],"class_list":["post-1490","post","type-post","status-publish","format-standard","hentry","category-allmant"],"_links":{"self":[{"href":"https:\/\/roan.junselebyar.se\/index.php?rest_route=\/wp\/v2\/posts\/1490","targetHints":{"allow":["GET"]}}],"collection":[{"href":"https:\/\/roan.junselebyar.se\/index.php?rest_route=\/wp\/v2\/posts"}],"about":[{"href":"https:\/\/roan.junselebyar.se\/index.php?rest_route=\/wp\/v2\/types\/post"}],"author":[{"embeddable":true,"href":"https:\/\/roan.junselebyar.se\/index.php?rest_route=\/wp\/v2\/users\/2"}],"replies":[{"embeddable":true,"href":"https:\/\/roan.junselebyar.se\/index.php?rest_route=%2Fwp%2Fv2%2Fcomments&post=1490"}],"version-history":[{"count":7,"href":"https:\/\/roan.junselebyar.se\/index.php?rest_route=\/wp\/v2\/posts\/1490\/revisions"}],"predecessor-version":[{"id":1502,"href":"https:\/\/roan.junselebyar.se\/index.php?rest_route=\/wp\/v2\/posts\/1490\/revisions\/1502"}],"wp:attachment":[{"href":"https:\/\/roan.junselebyar.se\/index.php?rest_route=%2Fwp%2Fv2%2Fmedia&parent=1490"}],"wp:term":[{"taxonomy":"category","embeddable":true,"href":"https:\/\/roan.junselebyar.se\/index.php?rest_route=%2Fwp%2Fv2%2Fcategories&post=1490"},{"taxonomy":"post_tag","embeddable":true,"href":"https:\/\/roan.junselebyar.se\/index.php?rest_route=%2Fwp%2Fv2%2Ftags&post=1490"}],"curies":[{"name":"wp","href":"https:\/\/api.w.org\/{rel}","templated":true}]}}