{"id":1515,"date":"2014-03-06T09:58:42","date_gmt":"2014-03-06T08:58:42","guid":{"rendered":"http:\/\/roan.junselebyar.se\/?p=1515"},"modified":"2014-03-06T09:58:42","modified_gmt":"2014-03-06T08:58:42","slug":"mittnytts-vindkraftreportage","status":"publish","type":"post","link":"https:\/\/roan.junselebyar.se\/?p=1515","title":{"rendered":"Mittnytts vindkraftreportage"},"content":{"rendered":"<p>&#8220;<strong>Mittnytt&#8221;<\/strong> har denna vecka haft fyra v\u00e4ldigt bra inslag om vindkraften. Gl\u00e4djande nog har \u00e4ven farh\u00e5gor betr\u00e4ffande den storskaliga vindsatsningen och dess konsekvenser f\u00f6r oss\u00a0boende och naturen belysts. Vi har ju h\u00e4r, i Sollefte\u00e5 kommun,\u00a0en situation, d\u00e4r kommunledningen &#8220;trixat&#8221; \u00a0med behandlingen av vindkraft\u00e4renden\u00a0 p\u00e5 ett s\u00e4tt, som\u00a0saknar motstycke. Kanske (men antagligen tyv\u00e4rr inte) kan dessa inslag\u00a0f\u00e5 de, som best\u00e4mmer, att \u00e4ndra inst\u00e4llning. Kanske i alla fall n\u00e5gra b\u00f6rjar t\u00e4nka sj\u00e4lvst\u00e4ndigt.<\/p>\n<p><strong>Vindkraft en d\u00e5lig aff\u00e4r?<\/strong><\/p>\n<p><a href=\"http:\/\/www.svt.se\/nyheter\/regionalt\/mittnytt\/#.\/vindkraft-en-dalig-affar?&amp;_suid=139409520454608132657362043746\">http:\/\/www.svt.se\/nyheter\/regionalt\/mittnytt\/#.\/vindkraft-en-dalig-affar?&amp;_suid=139409520454608132657362043746<\/a><\/p>\n<p>\u00a0<\/p>\n<p><strong>Vindkraften f\u00f6r\u00e4ndrar landskapet?<\/strong><\/p>\n<p><a href=\"http:\/\/www.svt.se\/nyheter\/regionalt\/mittnytt\/#.\/vindkraften-forandrar-lanskapet?&amp;_suid=1394095257515046602076250593366\">http:\/\/www.svt.se\/nyheter\/regionalt\/mittnytt\/#.\/vindkraften-forandrar-lanskapet?&amp;_suid=1394095257515046602076250593366<\/a><\/p>\n<p>\u00a0<\/p>\n<p><strong>Vindkraft skr\u00e4mmer bort turister?<\/strong><\/p>\n<p><a href=\"http:\/\/www.svt.se\/nyheter\/regionalt\/mittnytt\/#.\/vindkraft-skrammer-bort-turister?&amp;_suid=13940952892180564265041060867\">http:\/\/www.svt.se\/nyheter\/regionalt\/mittnytt\/#.\/vindkraft-skrammer-bort-turister?&amp;_suid=13940952892180564265041060867<\/a><\/p>\n<p>\u00a0<\/p>\n<p><strong>Varje kraftverk \u00e4r en s\u00e4kerhetsrisk?<\/strong><\/p>\n<p><a href=\"http:\/\/www.svt.se\/nyheter\/regionalt\/mittnytt\/#.\/varje-kraftverk-ar-en-sakerhetsrisk?&amp;_suid=139409531934306599418019286904\">http:\/\/www.svt.se\/nyheter\/regionalt\/mittnytt\/#.\/varje-kraftverk-ar-en-sakerhetsrisk?&amp;_suid=139409531934306599418019286904<\/a><\/p>\n<p>\/Tarabrita<\/p>\n","protected":false},"excerpt":{"rendered":"<p>&#8220;Mittnytt&#8221; har denna vecka haft fyra v\u00e4ldigt bra inslag om vindkraften. Gl\u00e4djande nog har \u00e4ven farh\u00e5gor betr\u00e4ffande den storskaliga vindsatsningen och dess konsekvenser f\u00f6r oss\u00a0boende och naturen belysts. Vi har ju h\u00e4r, i Sollefte\u00e5 kommun,\u00a0en situation, d\u00e4r kommunledningen &#8220;trixat&#8221; \u00a0med behandlingen av vindkraft\u00e4renden\u00a0 p\u00e5 ett s\u00e4tt, som\u00a0saknar motstycke. Kanske (men antagligen tyv\u00e4rr inte) kan dessa [&hellip;]<\/p>\n","protected":false},"author":2,"featured_media":0,"comment_status":"open","ping_status":"open","sticky":false,"template":"","format":"standard","meta":{"footnotes":""},"categories":[3],"tags":[],"class_list":["post-1515","post","type-post","status-publish","format-standard","hentry","category-allmant"],"_links":{"self":[{"href":"https:\/\/roan.junselebyar.se\/index.php?rest_route=\/wp\/v2\/posts\/1515","targetHints":{"allow":["GET"]}}],"collection":[{"href":"https:\/\/roan.junselebyar.se\/index.php?rest_route=\/wp\/v2\/posts"}],"about":[{"href":"https:\/\/roan.junselebyar.se\/index.php?rest_route=\/wp\/v2\/types\/post"}],"author":[{"embeddable":true,"href":"https:\/\/roan.junselebyar.se\/index.php?rest_route=\/wp\/v2\/users\/2"}],"replies":[{"embeddable":true,"href":"https:\/\/roan.junselebyar.se\/index.php?rest_route=%2Fwp%2Fv2%2Fcomments&post=1515"}],"version-history":[{"count":3,"href":"https:\/\/roan.junselebyar.se\/index.php?rest_route=\/wp\/v2\/posts\/1515\/revisions"}],"predecessor-version":[{"id":1518,"href":"https:\/\/roan.junselebyar.se\/index.php?rest_route=\/wp\/v2\/posts\/1515\/revisions\/1518"}],"wp:attachment":[{"href":"https:\/\/roan.junselebyar.se\/index.php?rest_route=%2Fwp%2Fv2%2Fmedia&parent=1515"}],"wp:term":[{"taxonomy":"category","embeddable":true,"href":"https:\/\/roan.junselebyar.se\/index.php?rest_route=%2Fwp%2Fv2%2Fcategories&post=1515"},{"taxonomy":"post_tag","embeddable":true,"href":"https:\/\/roan.junselebyar.se\/index.php?rest_route=%2Fwp%2Fv2%2Ftags&post=1515"}],"curies":[{"name":"wp","href":"https:\/\/api.w.org\/{rel}","templated":true}]}}