{"id":1530,"date":"2014-03-27T11:20:27","date_gmt":"2014-03-27T10:20:27","guid":{"rendered":"http:\/\/roan.junselebyar.se\/?p=1530"},"modified":"2014-03-28T09:53:18","modified_gmt":"2014-03-28T08:53:18","slug":"sa-skall-en-slipsten-dras","status":"publish","type":"post","link":"https:\/\/roan.junselebyar.se\/?p=1530","title":{"rendered":"&#8220;F\u00f6rbifart \u00d6versiktsplan&#8221;"},"content":{"rendered":"<p>M\u00e5ndag 31\/3 (allts\u00e5 nu p\u00e5 m\u00e5ndag) fattar Sollefte\u00e5 kommunfullm\u00e4ktige\u00a0beslut ang. Ranasj\u00f6 vindindustrianl\u00e4ggning. Det\u00a0 kommer att g\u00e5 igenom. E. Lassen innehar sj\u00e4lv\u00a0de vindstrategiskt avg\u00f6rande befattningarna i kommunen. \u00a0Hon \u00e4r\u00a0ordf\u00f6rande i teknikutskottet\u00a0och ordf. i den grupp, som inom sinom tid,\u00a0skall l\u00e4gga fram en ny \u00f6versiktsplan eller revidering av den fr\u00e5n 1990. \u00a0Detta kommer s\u00e4kerligen att ske <strong>efter<\/strong>\u00a0att\u00a0alla kontroversiella vindindustrietableringar \u00e4r genomdrivna. Det finns\u00a0fog f\u00f6r att ifr\u00e5gas\u00e4tta hur <strong>demokratiskt<\/strong> detta i praktiken \u00e4r. D\u00e5 menar jag demokrati, s\u00e5 som de allra flesta m\u00e4nniskor menar: delaktighet, insyn m.m.<\/p>\n<p><strong>Hur f\u00f6rdes det ut till allm\u00e4nheten att det i april-13 drevs igenom en sk. \u201dv\u00e4gledning\u201d i hur man rundar g\u00e4llande \u00d6versiktsplan med f\u00f6rdjupning av 2008? Hur m\u00e5nga k\u00e4nner till denna \u00a0\u201dv\u00e4gledning\u201d som, om man forts\u00e4tter med v\u00e4g-\/trafikterminologin, snarare borde rubriceras som \u201dOmledning\u201d, \u201dUmleitung\u201d eller <span style=\"color: #ff0000;\">\u201dF\u00f6rbifart <\/span><span style=\"color: #ff0000;\">\u00d6versiktsplan<\/span><span style=\"color: #ff0000;\">\u201d<\/span> ?\u00a0<\/strong><\/p>\n<p>Se Ranasj\u00f6fr\u00e5gan behandlas av kommunfullm\u00e4ktigem\u00f6tet i direkts\u00e4ndning p\u00e5:<\/p>\n<p><a href=\"http:\/\/www.solleftea.se\/kommunpolitik\/motenhandlingarochprotokoll\/webbtv.4.34c1d99f1399b9f18f9963.html\">http:\/\/www.solleftea.se\/kommunpolitik\/motenhandlingarochprotokoll\/webbtv.4.34c1d99f1399b9f18f9963.html<\/a><\/p>\n<p>\/Tarabrita<\/p>\n","protected":false},"excerpt":{"rendered":"<p>M\u00e5ndag 31\/3 (allts\u00e5 nu p\u00e5 m\u00e5ndag) fattar Sollefte\u00e5 kommunfullm\u00e4ktige\u00a0beslut ang. Ranasj\u00f6 vindindustrianl\u00e4ggning. Det\u00a0 kommer att g\u00e5 igenom. E. Lassen innehar sj\u00e4lv\u00a0de vindstrategiskt avg\u00f6rande befattningarna i kommunen. \u00a0Hon \u00e4r\u00a0ordf\u00f6rande i teknikutskottet\u00a0och ordf. i den grupp, som inom sinom tid,\u00a0skall l\u00e4gga fram en ny \u00f6versiktsplan eller revidering av den fr\u00e5n 1990. \u00a0Detta kommer s\u00e4kerligen att ske efter\u00a0att\u00a0alla [&hellip;]<\/p>\n","protected":false},"author":2,"featured_media":0,"comment_status":"open","ping_status":"open","sticky":false,"template":"","format":"standard","meta":{"footnotes":""},"categories":[3],"tags":[],"class_list":["post-1530","post","type-post","status-publish","format-standard","hentry","category-allmant"],"_links":{"self":[{"href":"https:\/\/roan.junselebyar.se\/index.php?rest_route=\/wp\/v2\/posts\/1530","targetHints":{"allow":["GET"]}}],"collection":[{"href":"https:\/\/roan.junselebyar.se\/index.php?rest_route=\/wp\/v2\/posts"}],"about":[{"href":"https:\/\/roan.junselebyar.se\/index.php?rest_route=\/wp\/v2\/types\/post"}],"author":[{"embeddable":true,"href":"https:\/\/roan.junselebyar.se\/index.php?rest_route=\/wp\/v2\/users\/2"}],"replies":[{"embeddable":true,"href":"https:\/\/roan.junselebyar.se\/index.php?rest_route=%2Fwp%2Fv2%2Fcomments&post=1530"}],"version-history":[{"count":7,"href":"https:\/\/roan.junselebyar.se\/index.php?rest_route=\/wp\/v2\/posts\/1530\/revisions"}],"predecessor-version":[{"id":1532,"href":"https:\/\/roan.junselebyar.se\/index.php?rest_route=\/wp\/v2\/posts\/1530\/revisions\/1532"}],"wp:attachment":[{"href":"https:\/\/roan.junselebyar.se\/index.php?rest_route=%2Fwp%2Fv2%2Fmedia&parent=1530"}],"wp:term":[{"taxonomy":"category","embeddable":true,"href":"https:\/\/roan.junselebyar.se\/index.php?rest_route=%2Fwp%2Fv2%2Fcategories&post=1530"},{"taxonomy":"post_tag","embeddable":true,"href":"https:\/\/roan.junselebyar.se\/index.php?rest_route=%2Fwp%2Fv2%2Ftags&post=1530"}],"curies":[{"name":"wp","href":"https:\/\/api.w.org\/{rel}","templated":true}]}}