{"id":1548,"date":"2014-04-01T10:57:15","date_gmt":"2014-04-01T08:57:15","guid":{"rendered":"http:\/\/roan.junselebyar.se\/?p=1548"},"modified":"2014-04-01T12:48:30","modified_gmt":"2014-04-01T10:48:30","slug":"fullmaktige-fattade-ett-forkastligt-beslut","status":"publish","type":"post","link":"https:\/\/roan.junselebyar.se\/?p=1548","title":{"rendered":"Fullm\u00e4ktige fattade ett f\u00f6rkastligt beslut"},"content":{"rendered":"<p><strong>\u00a0<\/strong><\/p>\n<h2><span style=\"color: #993300;\">K<\/span><span style=\"color: #993300;\">olla speciellt inslaget i Radio V\u00e4sternorrland om E.Lassens och Flodins aff\u00e4rer ang.\u00a0K\u00e4rmsj\u00f6.\u00a0L\u00e4nk l\u00e4ngre ned p\u00e5 sidan.<\/span><\/h2>\n<p><span style=\"color: #993300;\">\u00a0<\/span>I g\u00e5r, 31\/3, fattade Kommunfullm\u00e4ktige i Sollefte\u00e5 beslutet att tillstyrka exploat\u00f6ren Flodins milj\u00f6f\u00f6rst\u00f6rande storskaliga vindkraftsindustri Ranasj\u00f6.<\/p>\n<p>\u00a0<strong>Det \u00e4r i dag 1:a april men fullm\u00e4ktigebeslutet \u00e4r INTE, som man ju faktiskt skulle kunna tro, ett d\u00e5ligt aprilsk\u00e4mt<\/strong>.<\/p>\n<p>Beslutet med beredningsprocessen innan \u00a0\u00e4r ett sv\u00e5rslaget bottennapp ur ett demokrati-, empati- och milj\u00f6perspektiv.<\/p>\n<p>F\u00f6rutom fr\u00e5nvaron av anst\u00e4ndig transparens i detta \u00e4rendes beredning var det till r\u00e5ga p\u00e5 el\u00e4ndet ej m\u00f6jligt f\u00f6r oss medborgare att f\u00f6lja debatten p\u00e5 Web-TV eller n\u00e4rradios\u00e4ndning i g\u00e5r. Kanske \u201dm\u00e4nskliga faktorn\u201d igen? (som annan bristande information i detta \u00e4rende)<\/p>\n<p>\u00a0Det glimtar trots allt, mitt i\u00a0detta tvivel p\u00e5 fullm\u00e4ktigeledam\u00f6ternas m\u00f6jligheter att fatta sj\u00e4lvst\u00e4ndiga, v\u00e4lgrundade beslut,\u00a0str\u00e5lar av hopp: Heder \u00e5t socialdemokraten Lillemor Edholm fr\u00e5n Edsele, som gick emot Lassens partipiska. Det var modigt gjort och man \u00f6nskar att fler f\u00f6ljde hennes exempel att prioritera kommunmedborgare och milj\u00f6 i st\u00e4llet f\u00f6r att till varje pris driva igenom exploat\u00f6rens \u00f6nskem\u00e5l. Tack \u00e4ven av samma anledning till Milj\u00f6partister och VISKB-ledam\u00f6ter.<\/p>\n<p>S\u00e5 synd att vi inte fick f\u00f6lja debatten!!!!!!!!<\/p>\n<p>\u00a0<strong>Nu ser vi \u00e4ven tecken p\u00e5 att Flodins industrianl\u00e4ggning i K\u00e4rmsj\u00f6n n\u00e4rmar sig:<\/strong><\/p>\n<p><strong>\u00a0<\/strong>1. SCA har ans\u00f6kt om tillst\u00e5nd f\u00f6r t\u00e4ktversamhet f\u00f6r vindindustrin d\u00e4r.<\/p>\n<p>2. Kommunen f\u00f6rnyade i h\u00f6stas avtal om 3 verk p\u00e5 kommunens mark d\u00e4r. F\u00f6rsta avtalen tecknades redan 2009. Vad har f\u00f6rsig\u00e5tts mellean Flodin och Lassen?<\/p>\n<h2>E. Lassen utfr\u00e5gas om K\u00e4rmsj\u00f6. L\u00e4s och lyssna!!!!!<\/h2>\n<h2><a href=\"http:\/\/sverigesradio.se\/sida\/artikel.aspx?programid=110&amp;artikel=5825210\">http:\/\/sverigesradio.se\/sida\/artikel.aspx?programid=110&amp;artikel=5825210<\/a>\u00a0<\/h2>\n<p>3. Kommunstyrelsen r\u00f6stade p\u00e5 TU:s inr\u00e5dan bort f\u00f6rslaget fr\u00e5n Samh\u00e4llsbyggnadsn\u00e4mnden att &#8220;peka ut&#8221; R\u00f6\u00e5n-Betarsj\u00f6n som Riksintresse Friluftsliv. Ett s\u00e5dant riksintresse skulle ha riskerat f\u00f6rsv\u00e5ra ett genomdrivande av n\u00e4mnda industrianl\u00e4ggning.<\/p>\n<p>Tomas Steinwall, l\u00e4nsstyrelsen T\u00c5 31\/3(om Riksintressen Friluftsliv)<\/p>\n<p><span style=\"color: #0000ff;\">\u201d Mestadels har kommunerna tyckt som vi, med ett par undantag.<strong> Sollefte\u00e5 kommun vill nog egentligen inte delta i det h\u00e4r arbetet\u201d<\/strong><\/span><\/p>\n<p>Det\u00a0skall bli intressant att f\u00f6lja K\u00e4rmsj\u00f6\u00e4rendets g\u00e5ng fr\u00e5n kommunplaneraren Ullstein via Tekniska Utskottet (ordf. E.Lassen), Kommunstyrelse (ordf. E.Lassen) till Kommunfullm\u00e4ktige. Skall bli speciellt intressant att f\u00f6lja v\u00e5ra lokala och n\u00e4rboende kommunpolitiker. Det \u00e4r bara att hoppas p\u00e5 att kommunens vindstrateger denna g\u00e5ng f\u00f6rs\u00f6ker minimera utslag av \u201dm\u00e4nskliga faktorn\u201d och andra bortf\u00f6rklaringar.<\/p>\n<p>F\u00f6r de drabbade av g\u00e5rdagens beslut v\u00e4ntar nu mycket arbete med \u00f6verklaganden\u00a0till alla t\u00e4nkbara instanser.<\/p>\n<p>\/Tarabrita<\/p>\n","protected":false},"excerpt":{"rendered":"<p>\u00a0 Kolla speciellt inslaget i Radio V\u00e4sternorrland om E.Lassens och Flodins aff\u00e4rer ang.\u00a0K\u00e4rmsj\u00f6.\u00a0L\u00e4nk l\u00e4ngre ned p\u00e5 sidan. \u00a0I g\u00e5r, 31\/3, fattade Kommunfullm\u00e4ktige i Sollefte\u00e5 beslutet att tillstyrka exploat\u00f6ren Flodins milj\u00f6f\u00f6rst\u00f6rande storskaliga vindkraftsindustri Ranasj\u00f6. \u00a0Det \u00e4r i dag 1:a april men fullm\u00e4ktigebeslutet \u00e4r INTE, som man ju faktiskt skulle kunna tro, ett d\u00e5ligt aprilsk\u00e4mt. Beslutet med [&hellip;]<\/p>\n","protected":false},"author":2,"featured_media":0,"comment_status":"open","ping_status":"open","sticky":false,"template":"","format":"standard","meta":{"footnotes":""},"categories":[3],"tags":[],"class_list":["post-1548","post","type-post","status-publish","format-standard","hentry","category-allmant"],"_links":{"self":[{"href":"https:\/\/roan.junselebyar.se\/index.php?rest_route=\/wp\/v2\/posts\/1548","targetHints":{"allow":["GET"]}}],"collection":[{"href":"https:\/\/roan.junselebyar.se\/index.php?rest_route=\/wp\/v2\/posts"}],"about":[{"href":"https:\/\/roan.junselebyar.se\/index.php?rest_route=\/wp\/v2\/types\/post"}],"author":[{"embeddable":true,"href":"https:\/\/roan.junselebyar.se\/index.php?rest_route=\/wp\/v2\/users\/2"}],"replies":[{"embeddable":true,"href":"https:\/\/roan.junselebyar.se\/index.php?rest_route=%2Fwp%2Fv2%2Fcomments&post=1548"}],"version-history":[{"count":5,"href":"https:\/\/roan.junselebyar.se\/index.php?rest_route=\/wp\/v2\/posts\/1548\/revisions"}],"predecessor-version":[{"id":1550,"href":"https:\/\/roan.junselebyar.se\/index.php?rest_route=\/wp\/v2\/posts\/1548\/revisions\/1550"}],"wp:attachment":[{"href":"https:\/\/roan.junselebyar.se\/index.php?rest_route=%2Fwp%2Fv2%2Fmedia&parent=1548"}],"wp:term":[{"taxonomy":"category","embeddable":true,"href":"https:\/\/roan.junselebyar.se\/index.php?rest_route=%2Fwp%2Fv2%2Fcategories&post=1548"},{"taxonomy":"post_tag","embeddable":true,"href":"https:\/\/roan.junselebyar.se\/index.php?rest_route=%2Fwp%2Fv2%2Ftags&post=1548"}],"curies":[{"name":"wp","href":"https:\/\/api.w.org\/{rel}","templated":true}]}}