{"id":1563,"date":"2014-04-16T10:15:58","date_gmt":"2014-04-16T08:15:58","guid":{"rendered":"http:\/\/roan.junselebyar.se\/?p=1563"},"modified":"2014-04-16T10:15:58","modified_gmt":"2014-04-16T08:15:58","slug":"se-lassen-forsvara-vindindustrin","status":"publish","type":"post","link":"https:\/\/roan.junselebyar.se\/?p=1563","title":{"rendered":"Se Lassen f\u00f6rsvara vindindustrin"},"content":{"rendered":"<p>\u00a0<\/p>\n<h2><a href=\"http:\/\/www.svt.se\/nyheter\/regionalt\/mittnytt\/#.\/spricka-i-sollefteas-vindkraftpolitik?&amp;_suid=139763503885907772730126816574\" target=\"_blank\">Se h\u00e4r\u00a0Mittnytts repotage om Vindkraftsutvecklingen<\/a><\/h2>\n<p><strong>&#8220;F\u00f6r tv\u00e5 \u00e5r sedan fanns inte ett enda vindkraftverk i drift i Sollefte\u00e5 kommun. Idag planeras mera vindkraft i kommunen \u00e4n p\u00e5 m\u00e5nga andra h\u00e5ll i landet. Men nu har den vindkraftv\u00e4nliga politiska fasaden drabbats av en spricka. <\/strong><\/p>\n<p>\u00a0Det \u00e4r bara tiotalet \u00e5r sedan utbyggnaden av vindkraften var helt inriktad p\u00e5 bl\u00e5siga omr\u00e5den vid kusterna, till havs och i fj\u00e4llen men numera har modern teknik \u00f6ppnat f\u00f6r etableringar i omr\u00e5den med s\u00e4mre vindf\u00f6rh\u00e5llanden och Norrlands inland har blivit attraktivt. Kuperade, glesbefolkade omr\u00e5den med n\u00e4rhet till vattenkraftens eln\u00e4t \u00e4r exploat\u00f6rernas dr\u00f6m.\u00a0<\/p>\n<div>\n<div id=\"article1955759\">\n<div>\n<div id=\"article1955759\">\n<h4>Vindkraftskramare<\/h4>\n<p>Att inlandspolitiker med hopp om arbetstillf\u00e4llen och inflyttning v\u00e4lkomnar satsningarna \u00e4r begripligt men ocks\u00e5 en f\u00f6ruts\u00e4ttning f\u00f6r utbyggnaden eftersom varje kommun \u00e4ger r\u00e4tt att s\u00e4ga ja eller nej till etableringar av vindkraftverk. I Sollefte\u00e5 kommun har man i stor utstr\u00e4ckning valt att s\u00e4ga ja.<\/p>\n<p>&#8211; Dels \u00e4r det ett bra energislag milj\u00f6m\u00e4ssigt och sedan s\u00e5 inneb\u00e4r det jobb. Vi har stora ytor d\u00e4r det inte \u00e4r n\u00e5gon bebyggelse, s\u00e4ger kommunalr\u00e5det Elisabet Lassen(S) i Sollefte\u00e5 n\u00e4r hon ska motivera vindkraftutbyggnaden.<\/p>\n<h4>500 vindkraftverk<\/h4>\n<p>Sollefte\u00e5 \u00e4r en av de vindkraftv\u00e4nligaste kommunerna i V\u00e4sternorrland. Just nu hanteras omkring 500 ans\u00f6kningar om att f\u00e5 s\u00e4tta upp vindkraftverk och hittills har man givit klartecken f\u00f6r omkring 300 verk. Senast i f\u00f6rra veckan sade man ja till 40 verk vid Ranasj\u00f6h\u00f6jden, ett beslut som g\u00e5r stick i st\u00e4v med \u00f6versiktsplanen f\u00f6r vindkraft fr\u00e5n 2008 d\u00e4r tio l\u00e4mpliga omr\u00e5den pekades ut. Kommunen har ocks\u00e5 arrenderat ut mark till storskalig vindkraft i ytterligare tv\u00e5 omr\u00e5den d\u00e4r man enligt \u00f6versiktsplanen bara ska \u00e4gna sig \u00e5t sm\u00e5skalig vindkraft. \u00c5ke Wikstr\u00f6m i N\u00e4s\u00e5ker tycker att beslutsordningen \u00e4r m\u00e4rklig.\u00a0<\/p>\n<p>&#8211; Det h\u00e4r har skett under \u00e5ren 2009-2011 d\u00e5 det inte fanns n\u00e5gon plan f\u00f6r storskalig vindkraft i de h\u00e4r omr\u00e5dena som kommunen \u00e4ger, h\u00e4vdar han.<\/p>\n<h4>Allt fler kritiker<\/h4>\n<p>Ifjol reviderades \u00f6versiktsplanen och Sollefte\u00e5 kommun \u00f6ppnade f\u00f6r storskalig etablering \u00e4ven i omr\u00e5den som f\u00f6r bara n\u00e5gra \u00e5r sedan ans\u00e5gs ol\u00e4mpliga men som vindkraftbranchen nu visat intresse f\u00f6r. Bilden av en kommun som dansar efter vindkraftsexploat\u00f6rernas pipa v\u00e4xer fram. Det menar i alla fall \u00c5ke Wikstr\u00f6m.<\/p>\n<p>&#8211; De lyssnar inte p\u00e5 n\u00e5gra argument, de k\u00f6r sitt race och litar blint p\u00e5 exploat\u00f6rerna. Det finns fakta idag som s\u00e4ger att vissa av f\u00f6reteelserna kring vindkraften bryter mot milj\u00f6balken, man tar inte h\u00e4nsyn till m\u00e4nniskor och djur, s\u00e4ger han.<\/p>\n<p>Men Elisabet Lassen h\u00e5ller inte med om att kommunen dansar efter exploat\u00f6rernas pipa:<\/p>\n<p>&#8211; Nej, det g\u00f6r vi definitivt inte. Vi s\u00e4ger ja om vi bed\u00f6mer att det \u00e4r okej och vi s\u00e4ger nej om det finns motst\u00e5ende intressen som \u00e4r st\u00f6rre, s\u00e4ger hon.<\/p>\n<h4>Partispricka i (S)<\/h4>\n<p>Samtidigt finns ett motst\u00e5nd mot vindkraft i de omr\u00e5den som hotas av exploatering och situationen har orsakat en spricka i den fram till nu s\u00e5 solida socialdemokratiska vindkraftfasaden i Sollefte\u00e5. Lillemor Edholm sitter i fullm\u00e4ktige f\u00f6r socialdemokraterna men r\u00f6stade mot sitt parti i den senaste vindkraftomr\u00f6stningen.<\/p>\n<p>&#8211; Jag kan inte st\u00e5 bakom ett beslut som jag inte kan f\u00f6rsvara och jag \u00e4r inte redo att ta beslut om en vindkraftpark i Ranasj\u00f6 i Ramsele. Kommunen m\u00e5ste sansa sig, om alla ans\u00f6kningar g\u00e5r igenom \u00e4r vi uppe i 498 verk, konstaterar Lillemor Edholm(S).<\/p>\n<p>Kommunalr\u00e5det Elisabet Lassen vill inte k\u00e4nnas vid n\u00e5gon partispricka med anledning av vindkraftfr\u00e5gan.<\/p>\n<p>&#8211; Det finns alltid anledning att fundera vid varje etablering men vi har ingen spricka i partiet, s\u00e4ger hon.<\/p>\n<p>\u00a0<\/p>\n<p>\u00a0<span style=\"text-decoration: underline;\">Texten ovan \u00e4r kopierad fr\u00e5n Mittnytt<\/span><\/p>\n<p><!-- \/body.tag --><!-- linklist.tag --><!-- \/linklist.tag --><!-- byline.tag --><\/p>\n<div>\n<li>Fredrik Israelsson fredrik.israelsson@svt.se<\/li>\n<\/div>\n<p><!-- \/byline.tag --><span>Publicerad:<\/span>16 april 2014 &#8211; 06:58<\/div>\n<\/div>\n<\/div>\n<\/div>\n","protected":false},"excerpt":{"rendered":"<p>\u00a0 Se h\u00e4r\u00a0Mittnytts repotage om Vindkraftsutvecklingen &#8220;F\u00f6r tv\u00e5 \u00e5r sedan fanns inte ett enda vindkraftverk i drift i Sollefte\u00e5 kommun. Idag planeras mera vindkraft i kommunen \u00e4n p\u00e5 m\u00e5nga andra h\u00e5ll i landet. Men nu har den vindkraftv\u00e4nliga politiska fasaden drabbats av en spricka. \u00a0Det \u00e4r bara tiotalet \u00e5r sedan utbyggnaden av vindkraften var helt [&hellip;]<\/p>\n","protected":false},"author":2,"featured_media":0,"comment_status":"open","ping_status":"open","sticky":false,"template":"","format":"standard","meta":{"footnotes":""},"categories":[3],"tags":[],"class_list":["post-1563","post","type-post","status-publish","format-standard","hentry","category-allmant"],"_links":{"self":[{"href":"https:\/\/roan.junselebyar.se\/index.php?rest_route=\/wp\/v2\/posts\/1563","targetHints":{"allow":["GET"]}}],"collection":[{"href":"https:\/\/roan.junselebyar.se\/index.php?rest_route=\/wp\/v2\/posts"}],"about":[{"href":"https:\/\/roan.junselebyar.se\/index.php?rest_route=\/wp\/v2\/types\/post"}],"author":[{"embeddable":true,"href":"https:\/\/roan.junselebyar.se\/index.php?rest_route=\/wp\/v2\/users\/2"}],"replies":[{"embeddable":true,"href":"https:\/\/roan.junselebyar.se\/index.php?rest_route=%2Fwp%2Fv2%2Fcomments&post=1563"}],"version-history":[{"count":5,"href":"https:\/\/roan.junselebyar.se\/index.php?rest_route=\/wp\/v2\/posts\/1563\/revisions"}],"predecessor-version":[{"id":1568,"href":"https:\/\/roan.junselebyar.se\/index.php?rest_route=\/wp\/v2\/posts\/1563\/revisions\/1568"}],"wp:attachment":[{"href":"https:\/\/roan.junselebyar.se\/index.php?rest_route=%2Fwp%2Fv2%2Fmedia&parent=1563"}],"wp:term":[{"taxonomy":"category","embeddable":true,"href":"https:\/\/roan.junselebyar.se\/index.php?rest_route=%2Fwp%2Fv2%2Fcategories&post=1563"},{"taxonomy":"post_tag","embeddable":true,"href":"https:\/\/roan.junselebyar.se\/index.php?rest_route=%2Fwp%2Fv2%2Ftags&post=1563"}],"curies":[{"name":"wp","href":"https:\/\/api.w.org\/{rel}","templated":true}]}}