{"id":1569,"date":"2014-04-30T14:15:13","date_gmt":"2014-04-30T12:15:13","guid":{"rendered":"http:\/\/roan.junselebyar.se\/?p=1569"},"modified":"2014-04-30T14:17:11","modified_gmt":"2014-04-30T12:17:11","slug":"skona-maj-valkommen","status":"publish","type":"post","link":"https:\/\/roan.junselebyar.se\/?p=1569","title":{"rendered":"Sk\u00f6na maj v\u00e4lkommen&#8230;.."},"content":{"rendered":"<div class=\"mceTemp\">\n<dl id=\"attachment_1570\" class=\"wp-caption alignnone\" style=\"width: 450px;\">\n<dt class=\"wp-caption-dt\"><img loading=\"lazy\" decoding=\"async\" class=\"size-medium wp-image-1570\" title=\"Koltrast\" src=\"http:\/\/roan.junselebyar.se\/nyheter\/wp-content\/uploads\/2014\/04\/14-koltrast-440x437.jpg\" alt=\"Koltrast\" width=\"440\" height=\"437\" srcset=\"https:\/\/roan.junselebyar.se\/nyheter\/wp-content\/uploads\/2014\/04\/14-koltrast-440x437.jpg 440w, https:\/\/roan.junselebyar.se\/nyheter\/wp-content\/uploads\/2014\/04\/14-koltrast.jpg 1176w\" sizes=\"auto, (max-width: 440px) 100vw, 440px\" \/><\/dt>\n<dd class=\"wp-caption-dd\">Koltrast<\/dd>\n<\/dl>\n<p>Nej men usch!!!!<\/p><\/div>\n<p>Valborgsm\u00e4ssoafton 2014.<\/p>\n<p>Efter en riktigt vacker period kom bakslaget. Det \u00e4r sm\u00e4llar man f\u00e5r ta och\u00a0inte mycket\u00a0att gn\u00e4lla \u00f6ver. Om man inte \u00e4r en liten f\u00e5gel.<\/p>\n<p>Det finns annat att gl\u00e4djas \u00f6ver:<\/p>\n<p>1. Samtliga, av R\u00f6\u00e5\u00e5terst\u00e4llningen ber\u00f6rda mark\u00e4gare, har ombetts ge sitt tillst\u00e5nd till detta och s\u00e5 gott som samtliga har skrivit under. Trots att m\u00e5nga bor p\u00e5 annan ort har allt g\u00e5tt v\u00e4ldigt sm\u00e4rtfritt och snabbt.\u00a0Det \u00e4r\u00a0riktigt roligt att\u00a0m\u00e4nniskor med denna anknytning till R\u00f6\u00e5n vill sin bys b\u00e4sta. Och vad kan v\u00e4l vara b\u00e4ttre f\u00f6r byn \u00e4n att f\u00f6rhindra en utbyggnad av \u00e5n! Permanent!!!<\/p>\n<p>2. Kanske \u00e4r ocean\u00e5ngaren &#8220;tokvindindustrialisering av Sollefte\u00e5 kommun&#8221; p\u00e5 v\u00e4g att v\u00e4nda. S\u00e5dant tar som bekant tid men i g\u00e5rdagens T\u00c5 kunde man l\u00e4sa: <em>&#8220;Ingemar Jonsson (C) vill att det utreds om det g\u00e5r att begr\u00e4nsa antalet vindkraftverk i nya parker till tio stycken.&#8221;<\/em>\u00a0 Undrens tid \u00e4r inte f\u00f6rbi och man kan bara gl\u00e4djas \u00f6ver detta pl\u00f6tsliga lilla utslag av klarsyn fr\u00e5n det h\u00e5llet. Kanske \u00e4r det f\u00f6r att Centern \u00e4r p\u00e5 god v\u00e4g att f\u00f6rsvinna med tidigare inst\u00e4llning eller ocks\u00e5, och det vore ju gl\u00e4djande, h\u00e5ller argumenten f\u00f6r en sansad vindindustripolitik p\u00e5 att f\u00e5 genomslag. Att VISKB redan st\u00e5r f\u00f6r en\u00a0h\u00e5llbar vindkraftsutveckling vet nog de flesta. L\u00e4s hela artikeln <a href=\"http:\/\/www.allehanda.se\/angermanland\/solleftea\/politisk-diskussion-om-vindkraft\" target=\"_blank\">H\u00c4R<\/a><\/p>\n<p>Av v\u00e4nstern (V+S) skall vi inte f\u00f6rv\u00e4nta oss annat \u00e4n att de forts\u00e4tter att i det f\u00f6rdolda f\u00f6rbereda marken f\u00f6r profit\u00f6rer och kapitalister. P\u00e5 medbogarnas bekostnad!!!! Och totalt empatibefriat!!!!!! Och\u00a0tillsammans med h\u00f6gern (M )!!!!\u00a0<\/p>\n<p>EN GLAD OCH VACKER V\u00c5R\u00a0 TILL\u00d6NSKAS ALLA!!!<\/p>\n<p>\/Tarabrita<\/p>\n","protected":false},"excerpt":{"rendered":"<p>Koltrast Nej men usch!!!! Valborgsm\u00e4ssoafton 2014. Efter en riktigt vacker period kom bakslaget. Det \u00e4r sm\u00e4llar man f\u00e5r ta och\u00a0inte mycket\u00a0att gn\u00e4lla \u00f6ver. Om man inte \u00e4r en liten f\u00e5gel. Det finns annat att gl\u00e4djas \u00f6ver: 1. Samtliga, av R\u00f6\u00e5\u00e5terst\u00e4llningen ber\u00f6rda mark\u00e4gare, har ombetts ge sitt tillst\u00e5nd till detta och s\u00e5 gott som samtliga har [&hellip;]<\/p>\n","protected":false},"author":2,"featured_media":0,"comment_status":"open","ping_status":"open","sticky":false,"template":"","format":"standard","meta":{"footnotes":""},"categories":[3],"tags":[],"class_list":["post-1569","post","type-post","status-publish","format-standard","hentry","category-allmant"],"_links":{"self":[{"href":"https:\/\/roan.junselebyar.se\/index.php?rest_route=\/wp\/v2\/posts\/1569","targetHints":{"allow":["GET"]}}],"collection":[{"href":"https:\/\/roan.junselebyar.se\/index.php?rest_route=\/wp\/v2\/posts"}],"about":[{"href":"https:\/\/roan.junselebyar.se\/index.php?rest_route=\/wp\/v2\/types\/post"}],"author":[{"embeddable":true,"href":"https:\/\/roan.junselebyar.se\/index.php?rest_route=\/wp\/v2\/users\/2"}],"replies":[{"embeddable":true,"href":"https:\/\/roan.junselebyar.se\/index.php?rest_route=%2Fwp%2Fv2%2Fcomments&post=1569"}],"version-history":[{"count":4,"href":"https:\/\/roan.junselebyar.se\/index.php?rest_route=\/wp\/v2\/posts\/1569\/revisions"}],"predecessor-version":[{"id":1572,"href":"https:\/\/roan.junselebyar.se\/index.php?rest_route=\/wp\/v2\/posts\/1569\/revisions\/1572"}],"wp:attachment":[{"href":"https:\/\/roan.junselebyar.se\/index.php?rest_route=%2Fwp%2Fv2%2Fmedia&parent=1569"}],"wp:term":[{"taxonomy":"category","embeddable":true,"href":"https:\/\/roan.junselebyar.se\/index.php?rest_route=%2Fwp%2Fv2%2Fcategories&post=1569"},{"taxonomy":"post_tag","embeddable":true,"href":"https:\/\/roan.junselebyar.se\/index.php?rest_route=%2Fwp%2Fv2%2Ftags&post=1569"}],"curies":[{"name":"wp","href":"https:\/\/api.w.org\/{rel}","templated":true}]}}