{"id":1575,"date":"2014-05-19T20:20:12","date_gmt":"2014-05-19T18:20:12","guid":{"rendered":"http:\/\/roan.junselebyar.se\/?p=1575"},"modified":"2014-05-20T17:05:33","modified_gmt":"2014-05-20T15:05:33","slug":"pa-begaran-avsked-av-camilla-carlsson","status":"publish","type":"post","link":"https:\/\/roan.junselebyar.se\/?p=1575","title":{"rendered":"P\u00e5 beg\u00e4ran: &#8220;Avsked&#8221; av Camilla Karlsson"},"content":{"rendered":"<p>\u00a0\u00a0 Camilla Karlssons finst\u00e4mda text om sin mormor och morfar M\u00e4rta och Axel Tarberg har ber\u00f6rt m\u00e5nga. Jag har inh\u00e4mtet Camillas tillst\u00e5nd att\u00a0 f\u00e5 \u00a0l\u00e4gga ut texten h\u00e4r p\u00e5 hemsida tillsammans med en bild fr\u00e5n 17\/12 2003. Den bilden togs med anledning av att julen n\u00e4rmade sig och alla i byn boende, som ville, fick m\u00f6jlighet att p\u00e5 hemsidan under resp bild s\u00e4nda h\u00e4lsningar till de sina. Alla dessa bilder l\u00e4ggs nu ut efter Camillas text. M\u00e5nga \u00e4r de som saknas och efterl\u00e4mnar oss i stor sorg och saknad.<\/p>\n<p>\/Tarabrita<\/p>\n<p>\u00a0<\/p>\n<div id=\"attachment_1589\" style=\"width: 450px\" class=\"wp-caption alignnone\"><img loading=\"lazy\" decoding=\"async\" aria-describedby=\"caption-attachment-1589\" class=\"size-medium wp-image-1589\" title=\"M\u00e4rta och Axel (17\/12 2003)\" src=\"http:\/\/roan.junselebyar.se\/nyheter\/wp-content\/uploads\/2014\/05\/JULAXEL1-440x422.jpg\" alt=\"M\u00e4rta och Axel\" width=\"440\" height=\"422\" srcset=\"https:\/\/roan.junselebyar.se\/nyheter\/wp-content\/uploads\/2014\/05\/JULAXEL1-440x422.jpg 440w, https:\/\/roan.junselebyar.se\/nyheter\/wp-content\/uploads\/2014\/05\/JULAXEL1.JPG 720w\" sizes=\"auto, (max-width: 440px) 100vw, 440px\" \/><p id=\"caption-attachment-1589\" class=\"wp-caption-text\">M\u00e4rta och Axel<\/p><\/div>\n<h2>Avsked<\/h2>\n<p>D\u00f6rren st\u00e4ngs och jag g\u00e5r f\u00f6r sista g\u00e5ngen \u00f6ver den grusade g\u00e5ngen p\u00e5 v\u00e4g till bilen. Jag vill sluka i mig bilden av varje sten, varje barr, var v\u00e4lbekant doft. Sista g\u00e5ngen jag l\u00e4mnar huset. Sista g\u00e5ngen jag l\u00e4mnar min barndoms paradis.<br \/>\nMinnena v\u00e4ller \u00f6ver mig d\u00e4r jag st\u00e5r och ser \u00f6ver g\u00e5rden med dess byggnader. Bagarstugan d\u00e4r vi bakade tunnbr\u00f6d p\u00e5 somrarna. Gammelmormors lilla r\u00f6da hus med det brutna taket. Morfars ljugarb\u00e4nk d\u00e4r han alltid satt och v\u00e4ntade med pipan i mun var g\u00e5ng vi anl\u00e4nde p\u00e5 helgerna. De prunkande rabatterna d\u00e4r mormor satt p\u00e5 huk med det slitna f\u00f6rkl\u00e4det p\u00e5, och noppade bort alla vissna blad. Den smala stigen upp till skogen. Den stig vi gick varje morgon f\u00f6r att h\u00e4mta mj\u00f6lk hos Irene i de gamla mj\u00f6lkh\u00e4mtarna. Mormors glada skratt medan hon och Irene pratar om ditten och datten och kalvarna som s\u00f6g p\u00e5 mina fingrar s\u00e5 jag trodde att de skulle lossna. Doften, eller kanske stanken, om man fr\u00e5gar n\u00e5gon annan. F\u00f6r mig var det trygghet, f\u00f6r mig var det mormor och morfar. Berget d\u00e4r vi promenerade med Ruff. Och hur ivrig han blev var g\u00e5ng vi fick syn p\u00e5 en \u00e4lg. Instinkten fick honom att vilja driva den mot morfars b\u00f6ssa. I skogen d\u00e4r vi plockade lingon och bl\u00e5b\u00e4r. I skogen d\u00e4r vi gr\u00e4vde med h\u00e4larna i backen f\u00f6r att det skulle v\u00e4xa upp murklor till n\u00e4sta \u00e5r. Hucklet jag fick b\u00e4ra f\u00f6r att, trots det starka myggmedlet, slippa de v\u00e4rsta pl\u00e5goandarna. I skogen d\u00e4r jag gick vilse.<br \/>\nMin blick sveper \u00f6ver den lilla uteplatsen, och jag ser morfar framf\u00f6r mig vid ett dukat l\u00e5ngbord. Han sitter med sin surstr\u00f6mmingssup och sitt dragspel. Han spelar Br\u00e4nn-P\u00e4rsvalsen f\u00f6r alla som vill h\u00f6ra. Jag vill h\u00f6ra. Jag vill alltid h\u00f6ra den. Idag n\u00e4r han inte l\u00e4ngre \u00e4r med oss s\u00e5 kunde jag ge vad som helst f\u00f6r att h\u00f6ra honom spela den en sista g\u00e5ng. Bara en g\u00e5ng till. Min morfar. Bullrig och sn\u00e4ll. Min mormor, som fnittrar lite blygt och s\u00e4ger \u201dMen h\u00f6r n\u00b4 h\u00e4n!\u201d, varje g\u00e5ng morfar s\u00e4ger n\u00e5got lite dr\u00e5pligt opassande. Vilket vackert par, och vilka underbara morf\u00f6r\u00e4ldrar.<br \/>\nS\u00e5 sv\u00e5rt det \u00e4r att inse att livet \u00e4r f\u00f6rg\u00e4ngligt. S\u00e5 sv\u00e5rt det \u00e4r att acceptera d\u00f6den. S\u00e5 sv\u00e5rt det \u00e4r att f\u00f6rlora n\u00e5got som man alltid ansett som en sj\u00e4lvklar del av ens liv. Huset \u00e4r s\u00e5lt och min barndoms plats som jag k\u00e4nner som baksidan av min hand kommer nu att bli n\u00e5gon annans barndomsminne.<\/p>\n<p>\/Camilla Karlsson<\/p>\n<p>\u00a0<\/p>\n<div id=\"attachment_1592\" style=\"width: 423px\" class=\"wp-caption alignnone\"><img loading=\"lazy\" decoding=\"async\" aria-describedby=\"caption-attachment-1592\" class=\"size-medium wp-image-1592\" title=\"Oscar\" src=\"http:\/\/roan.junselebyar.se\/nyheter\/wp-content\/uploads\/2014\/05\/JULOSCAR1-413x640.jpg\" alt=\"Oscar\" width=\"413\" height=\"640\" srcset=\"https:\/\/roan.junselebyar.se\/nyheter\/wp-content\/uploads\/2014\/05\/JULOSCAR1-413x640.jpg 413w, https:\/\/roan.junselebyar.se\/nyheter\/wp-content\/uploads\/2014\/05\/JULOSCAR1.JPG 432w\" sizes=\"auto, (max-width: 413px) 100vw, 413px\" \/><p id=\"caption-attachment-1592\" class=\"wp-caption-text\">Oscar<\/p><\/div>\n<p>\u00a0<\/p>\n<div id=\"attachment_1593\" style=\"width: 450px\" class=\"wp-caption alignnone\"><img loading=\"lazy\" decoding=\"async\" aria-describedby=\"caption-attachment-1593\" class=\"size-medium wp-image-1593\" title=\"G\u00f6te\" src=\"http:\/\/roan.junselebyar.se\/nyheter\/wp-content\/uploads\/2014\/05\/JULGOTE1-440x451.jpg\" alt=\"G\u00f6te\" width=\"440\" height=\"451\" srcset=\"https:\/\/roan.junselebyar.se\/nyheter\/wp-content\/uploads\/2014\/05\/JULGOTE1-440x451.jpg 440w, https:\/\/roan.junselebyar.se\/nyheter\/wp-content\/uploads\/2014\/05\/JULGOTE1.JPG 720w\" sizes=\"auto, (max-width: 440px) 100vw, 440px\" \/><p id=\"caption-attachment-1593\" class=\"wp-caption-text\">G\u00f6te<\/p><\/div>\n<p>\u00a0<\/p>\n<div id=\"attachment_1595\" style=\"width: 450px\" class=\"wp-caption alignnone\"><img loading=\"lazy\" decoding=\"async\" aria-describedby=\"caption-attachment-1595\" class=\"size-medium wp-image-1595\" title=\"Nicke med familj\" src=\"http:\/\/roan.junselebyar.se\/nyheter\/wp-content\/uploads\/2014\/05\/JULNICKE1-440x330.jpg\" alt=\"Nicke med familj\" width=\"440\" height=\"330\" srcset=\"https:\/\/roan.junselebyar.se\/nyheter\/wp-content\/uploads\/2014\/05\/JULNICKE1-440x330.jpg 440w, https:\/\/roan.junselebyar.se\/nyheter\/wp-content\/uploads\/2014\/05\/JULNICKE1.JPG 640w\" sizes=\"auto, (max-width: 440px) 100vw, 440px\" \/><p id=\"caption-attachment-1595\" class=\"wp-caption-text\">Nicke med familj<\/p><\/div>\n<p>\u00a0<\/p>\n<div id=\"attachment_1596\" style=\"width: 450px\" class=\"wp-caption alignnone\"><img loading=\"lazy\" decoding=\"async\" aria-describedby=\"caption-attachment-1596\" class=\"size-medium wp-image-1596\" title=\"Per och Brita\" src=\"http:\/\/roan.junselebyar.se\/nyheter\/wp-content\/uploads\/2014\/05\/JULPER1-440x626.jpg\" alt=\"Per och Brita\" width=\"440\" height=\"626\" srcset=\"https:\/\/roan.junselebyar.se\/nyheter\/wp-content\/uploads\/2014\/05\/JULPER1-440x626.jpg 440w, https:\/\/roan.junselebyar.se\/nyheter\/wp-content\/uploads\/2014\/05\/JULPER1.JPG 472w\" sizes=\"auto, (max-width: 440px) 100vw, 440px\" \/><p id=\"caption-attachment-1596\" class=\"wp-caption-text\">Per och Brita<\/p><\/div>\n<p>\u00a0<\/p>\n<div id=\"attachment_1598\" style=\"width: 450px\" class=\"wp-caption alignnone\"><img loading=\"lazy\" decoding=\"async\" aria-describedby=\"caption-attachment-1598\" class=\"size-medium wp-image-1598\" title=\"Osmo\" src=\"http:\/\/roan.junselebyar.se\/nyheter\/wp-content\/uploads\/2014\/05\/JULOSMO1-440x564.jpg\" alt=\"Osmo\" width=\"440\" height=\"564\" srcset=\"https:\/\/roan.junselebyar.se\/nyheter\/wp-content\/uploads\/2014\/05\/JULOSMO1-440x564.jpg 440w, https:\/\/roan.junselebyar.se\/nyheter\/wp-content\/uploads\/2014\/05\/JULOSMO1.JPG 576w\" sizes=\"auto, (max-width: 440px) 100vw, 440px\" \/><p id=\"caption-attachment-1598\" class=\"wp-caption-text\">Osmo<\/p><\/div>\n<p>\u00a0<\/p>\n<div id=\"attachment_1599\" style=\"width: 450px\" class=\"wp-caption alignnone\"><img loading=\"lazy\" decoding=\"async\" aria-describedby=\"caption-attachment-1599\" class=\"size-medium wp-image-1599\" title=\"Stig-Ingvar\" src=\"http:\/\/roan.junselebyar.se\/nyheter\/wp-content\/uploads\/2014\/05\/JULSTICKAN1-440x575.jpg\" alt=\"Stig-Ingvar\" width=\"440\" height=\"575\" srcset=\"https:\/\/roan.junselebyar.se\/nyheter\/wp-content\/uploads\/2014\/05\/JULSTICKAN1-440x575.jpg 440w, https:\/\/roan.junselebyar.se\/nyheter\/wp-content\/uploads\/2014\/05\/JULSTICKAN1.JPG 534w\" sizes=\"auto, (max-width: 440px) 100vw, 440px\" \/><p id=\"caption-attachment-1599\" class=\"wp-caption-text\">Stig-Ingvar<\/p><\/div>\n<p>\u00a0<\/p>\n<div id=\"attachment_1601\" style=\"width: 450px\" class=\"wp-caption alignnone\"><img loading=\"lazy\" decoding=\"async\" aria-describedby=\"caption-attachment-1601\" class=\"size-medium wp-image-1601\" title=\"Jonny och Jessica\" src=\"http:\/\/roan.junselebyar.se\/nyheter\/wp-content\/uploads\/2014\/05\/JULJONNY1-440x547.jpg\" alt=\"Jonny och Jessica\" width=\"440\" height=\"547\" srcset=\"https:\/\/roan.junselebyar.se\/nyheter\/wp-content\/uploads\/2014\/05\/JULJONNY1-440x547.jpg 440w, https:\/\/roan.junselebyar.se\/nyheter\/wp-content\/uploads\/2014\/05\/JULJONNY1.JPG 576w\" sizes=\"auto, (max-width: 440px) 100vw, 440px\" \/><p id=\"caption-attachment-1601\" class=\"wp-caption-text\">Jonny och Jessica<\/p><\/div>\n<p>\u00a0<\/p>\n<div id=\"attachment_1602\" style=\"width: 450px\" class=\"wp-caption alignnone\"><img loading=\"lazy\" decoding=\"async\" aria-describedby=\"caption-attachment-1602\" class=\"size-medium wp-image-1602\" title=\"Hans och Britt\" src=\"http:\/\/roan.junselebyar.se\/nyheter\/wp-content\/uploads\/2014\/05\/JULHANSOBRITT1-440x507.jpg\" alt=\"Hans och Britt\" width=\"440\" height=\"507\" srcset=\"https:\/\/roan.junselebyar.se\/nyheter\/wp-content\/uploads\/2014\/05\/JULHANSOBRITT1-440x507.jpg 440w, https:\/\/roan.junselebyar.se\/nyheter\/wp-content\/uploads\/2014\/05\/JULHANSOBRITT1.JPG 576w\" sizes=\"auto, (max-width: 440px) 100vw, 440px\" \/><p id=\"caption-attachment-1602\" class=\"wp-caption-text\">Hans och Britt<\/p><\/div>\n<p>\u00a0<\/p>\n<p><img loading=\"lazy\" decoding=\"async\" title=\"Greta och Ellen\" src=\"http:\/\/roan.junselebyar.se\/nyheter\/wp-content\/uploads\/2014\/05\/JULGRETA1-440x550.jpg\" alt=\"Greta och Ellen\" width=\"440\" height=\"550\" \/><\/p>\n<p>Greta och Ellen<\/p>\n<div id=\"attachment_1605\" style=\"width: 450px\" class=\"wp-caption alignnone\"><img loading=\"lazy\" decoding=\"async\" aria-describedby=\"caption-attachment-1605\" class=\"size-medium wp-image-1605\" title=\"Anders, Kerstin och Sture\" src=\"http:\/\/roan.junselebyar.se\/nyheter\/wp-content\/uploads\/2014\/05\/JULANDERS1-440x465.jpg\" alt=\"Anders, Kerstin och Sture\" width=\"440\" height=\"465\" srcset=\"https:\/\/roan.junselebyar.se\/nyheter\/wp-content\/uploads\/2014\/05\/JULANDERS1-440x465.jpg 440w, https:\/\/roan.junselebyar.se\/nyheter\/wp-content\/uploads\/2014\/05\/JULANDERS1.JPG 567w\" sizes=\"auto, (max-width: 440px) 100vw, 440px\" \/><p id=\"caption-attachment-1605\" class=\"wp-caption-text\">Anders, Kerstin och Sture<\/p><\/div>\n<p>\u00a0<\/p>\n<div id=\"attachment_1606\" style=\"width: 450px\" class=\"wp-caption alignnone\"><img loading=\"lazy\" decoding=\"async\" aria-describedby=\"caption-attachment-1606\" class=\"size-medium wp-image-1606\" title=\"Emil, Torbj\u00f6rn, Ami och Liv\" src=\"http:\/\/roan.junselebyar.se\/nyheter\/wp-content\/uploads\/2014\/05\/JULAMI21-440x369.jpg\" alt=\"Emil, Torbj\u00f6rn, Ami och Liv\" width=\"440\" height=\"369\" srcset=\"https:\/\/roan.junselebyar.se\/nyheter\/wp-content\/uploads\/2014\/05\/JULAMI21-440x369.jpg 440w, https:\/\/roan.junselebyar.se\/nyheter\/wp-content\/uploads\/2014\/05\/JULAMI21.JPG 567w\" sizes=\"auto, (max-width: 440px) 100vw, 440px\" \/><p id=\"caption-attachment-1606\" class=\"wp-caption-text\">Emil, Torbj\u00f6rn, Ami och Liv<\/p><\/div>\n<p>\u00a0<\/p>\n<p>S\u00e5 s\u00e5g vi ut i R\u00f6\u00e5n f\u00f6r 10 \u00e5r sedan.<\/p>\n","protected":false},"excerpt":{"rendered":"<p>\u00a0\u00a0 Camilla Karlssons finst\u00e4mda text om sin mormor och morfar M\u00e4rta och Axel Tarberg har ber\u00f6rt m\u00e5nga. Jag har inh\u00e4mtet Camillas tillst\u00e5nd att\u00a0 f\u00e5 \u00a0l\u00e4gga ut texten h\u00e4r p\u00e5 hemsida tillsammans med en bild fr\u00e5n 17\/12 2003. Den bilden togs med anledning av att julen n\u00e4rmade sig och alla i byn boende, som ville, fick [&hellip;]<\/p>\n","protected":false},"author":2,"featured_media":0,"comment_status":"open","ping_status":"open","sticky":false,"template":"","format":"standard","meta":{"footnotes":""},"categories":[3],"tags":[],"class_list":["post-1575","post","type-post","status-publish","format-standard","hentry","category-allmant"],"_links":{"self":[{"href":"https:\/\/roan.junselebyar.se\/index.php?rest_route=\/wp\/v2\/posts\/1575","targetHints":{"allow":["GET"]}}],"collection":[{"href":"https:\/\/roan.junselebyar.se\/index.php?rest_route=\/wp\/v2\/posts"}],"about":[{"href":"https:\/\/roan.junselebyar.se\/index.php?rest_route=\/wp\/v2\/types\/post"}],"author":[{"embeddable":true,"href":"https:\/\/roan.junselebyar.se\/index.php?rest_route=\/wp\/v2\/users\/2"}],"replies":[{"embeddable":true,"href":"https:\/\/roan.junselebyar.se\/index.php?rest_route=%2Fwp%2Fv2%2Fcomments&post=1575"}],"version-history":[{"count":9,"href":"https:\/\/roan.junselebyar.se\/index.php?rest_route=\/wp\/v2\/posts\/1575\/revisions"}],"predecessor-version":[{"id":1591,"href":"https:\/\/roan.junselebyar.se\/index.php?rest_route=\/wp\/v2\/posts\/1575\/revisions\/1591"}],"wp:attachment":[{"href":"https:\/\/roan.junselebyar.se\/index.php?rest_route=%2Fwp%2Fv2%2Fmedia&parent=1575"}],"wp:term":[{"taxonomy":"category","embeddable":true,"href":"https:\/\/roan.junselebyar.se\/index.php?rest_route=%2Fwp%2Fv2%2Fcategories&post=1575"},{"taxonomy":"post_tag","embeddable":true,"href":"https:\/\/roan.junselebyar.se\/index.php?rest_route=%2Fwp%2Fv2%2Ftags&post=1575"}],"curies":[{"name":"wp","href":"https:\/\/api.w.org\/{rel}","templated":true}]}}