{"id":1609,"date":"2014-06-07T21:13:57","date_gmt":"2014-06-07T19:13:57","guid":{"rendered":"http:\/\/roan.junselebyar.se\/?p=1609"},"modified":"2014-06-07T21:13:57","modified_gmt":"2014-06-07T19:13:57","slug":"sommar","status":"publish","type":"post","link":"https:\/\/roan.junselebyar.se\/?p=1609","title":{"rendered":"Sommar"},"content":{"rendered":"<p>Sommaren \u00e4r h\u00e4r med sol, v\u00e4rme, \u00e5ska, mygg och blommor. Det v\u00e4xer s\u00e5 det knakar och \u00e4r bed\u00f6vande vackert.<\/p>\n<p><img loading=\"lazy\" decoding=\"async\" class=\"alignnone size-medium wp-image-1610\" title=\"F\u00f6rg\u00e4tmigej\" src=\"http:\/\/roan.junselebyar.se\/nyheter\/wp-content\/uploads\/2014\/06\/2014juni4-440x422.jpg\" alt=\"F\u00f6rg\u00e4tmigej\" width=\"440\" height=\"422\" \/><\/p>\n<p>Nu verkar allt vara i ordning inf\u00f6r R\u00f6\u00e5ns biotop\u00e5terst\u00e4llningsarbete. Detta kommer att ske ngn. g\u00e5ng i juli.<\/p>\n<p>Torsdag 26\/6 klockan 18.00 kommer Oscar Norrgrann till F\u00f6reningshuset och informerar om den andra stora h\u00e4ndelsen; bildandet av naturreservat. Alla h\u00e4lsas v\u00e4lkomna att lyssna och st\u00e4lla fr\u00e5gor<\/p>\n<p>Det tredje projektet, framtagandet av vinterv\u00e4gen mellan R\u00f6\u00e5n och Lillterrsj\u00f6, segar p\u00e5. Vi v\u00e4ntar p\u00e5 div. beslut men det skall nog g\u00e5. Om man bara ger sig 17 p\u00e5 att det skall g\u00e5 s\u00e5 &#8230;&#8230;<\/p>\n<p><img loading=\"lazy\" decoding=\"async\" class=\"alignnone size-medium wp-image-1611\" title=\"\u00c5skv\u00e4der\" src=\"http:\/\/roan.junselebyar.se\/nyheter\/wp-content\/uploads\/2014\/06\/2014juni1-440x586.jpg\" alt=\"\u00c5skv\u00e4der\" width=\"440\" height=\"586\" \/><\/p>\n<p>10\/6 tar kommunstyrelsen upp \u00f6verklagandena i Ranasj\u00f6\u00e4rendet. F\u00f6rhoppningsvis redovisas d\u00e5 \u00e4ven l\u00e4nsstyrelsens milj\u00f6pr\u00f6vningsdelegations <strong>\u00e5tta<\/strong> sidor l\u00e5nga kompletteringskrav.\u00a0 Det \u00e4r inte l\u00e4ngre Nordanvind Vindkraft AB utan det likaledes Flodin\u00e4gda Krange AB,\u00a0som avser industrialisera Ranasj\u00f6naturen.( Det \u00e4r, f\u00e5r man f\u00f6rmoda, av taktiska sk\u00e4l. Mer lokalt.) Men \u00e5tta\u00a0 sidor kompletteringskrav!!!!!!!!! Man kan undra varf\u00f6r inte TU, KS och KF hade n\u00e5gra funderingar.\u00a0<\/p>\n<p><img loading=\"lazy\" decoding=\"async\" class=\"alignnone size-medium wp-image-1612\" title=\"Byn\" src=\"http:\/\/roan.junselebyar.se\/nyheter\/wp-content\/uploads\/2014\/06\/2014juni2-440x350.jpg\" alt=\"Byn\" width=\"440\" height=\"350\" \/><\/p>\n<p>\/Tarabrita<\/p>\n","protected":false},"excerpt":{"rendered":"<p>Sommaren \u00e4r h\u00e4r med sol, v\u00e4rme, \u00e5ska, mygg och blommor. Det v\u00e4xer s\u00e5 det knakar och \u00e4r bed\u00f6vande vackert. Nu verkar allt vara i ordning inf\u00f6r R\u00f6\u00e5ns biotop\u00e5terst\u00e4llningsarbete. Detta kommer att ske ngn. g\u00e5ng i juli. Torsdag 26\/6 klockan 18.00 kommer Oscar Norrgrann till F\u00f6reningshuset och informerar om den andra stora h\u00e4ndelsen; bildandet av naturreservat. [&hellip;]<\/p>\n","protected":false},"author":2,"featured_media":0,"comment_status":"open","ping_status":"open","sticky":false,"template":"","format":"standard","meta":{"footnotes":""},"categories":[3],"tags":[],"class_list":["post-1609","post","type-post","status-publish","format-standard","hentry","category-allmant"],"_links":{"self":[{"href":"https:\/\/roan.junselebyar.se\/index.php?rest_route=\/wp\/v2\/posts\/1609","targetHints":{"allow":["GET"]}}],"collection":[{"href":"https:\/\/roan.junselebyar.se\/index.php?rest_route=\/wp\/v2\/posts"}],"about":[{"href":"https:\/\/roan.junselebyar.se\/index.php?rest_route=\/wp\/v2\/types\/post"}],"author":[{"embeddable":true,"href":"https:\/\/roan.junselebyar.se\/index.php?rest_route=\/wp\/v2\/users\/2"}],"replies":[{"embeddable":true,"href":"https:\/\/roan.junselebyar.se\/index.php?rest_route=%2Fwp%2Fv2%2Fcomments&post=1609"}],"version-history":[{"count":2,"href":"https:\/\/roan.junselebyar.se\/index.php?rest_route=\/wp\/v2\/posts\/1609\/revisions"}],"predecessor-version":[{"id":1614,"href":"https:\/\/roan.junselebyar.se\/index.php?rest_route=\/wp\/v2\/posts\/1609\/revisions\/1614"}],"wp:attachment":[{"href":"https:\/\/roan.junselebyar.se\/index.php?rest_route=%2Fwp%2Fv2%2Fmedia&parent=1609"}],"wp:term":[{"taxonomy":"category","embeddable":true,"href":"https:\/\/roan.junselebyar.se\/index.php?rest_route=%2Fwp%2Fv2%2Fcategories&post=1609"},{"taxonomy":"post_tag","embeddable":true,"href":"https:\/\/roan.junselebyar.se\/index.php?rest_route=%2Fwp%2Fv2%2Ftags&post=1609"}],"curies":[{"name":"wp","href":"https:\/\/api.w.org\/{rel}","templated":true}]}}