{"id":1615,"date":"2014-06-18T22:22:43","date_gmt":"2014-06-18T20:22:43","guid":{"rendered":"http:\/\/roan.junselebyar.se\/?p=1615"},"modified":"2014-06-18T22:29:07","modified_gmt":"2014-06-18T20:29:07","slug":"lansstyrelsen-informerar-266","status":"publish","type":"post","link":"https:\/\/roan.junselebyar.se\/?p=1615","title":{"rendered":"L\u00e4nsstyrelsen informerar 26\/6"},"content":{"rendered":"<div id=\"attachment_1617\" style=\"width: 517px\" class=\"wp-caption alignnone\"><img loading=\"lazy\" decoding=\"async\" aria-describedby=\"caption-attachment-1617\" class=\"size-medium wp-image-1617\" title=\"F\u00e5ridyll vid solglittrande R\u00f6\u00e5\" src=\"http:\/\/roan.junselebyar.se\/nyheter\/wp-content\/uploads\/2014\/06\/14far51-440x273.jpg\" alt=\"F\u00e5ridyll vid solglittrande R\u00f6\u00e5\" width=\"507\" height=\"339\" \/><p id=\"caption-attachment-1617\" class=\"wp-caption-text\">F\u00e5ridyll vid solglittrande R\u00f6\u00e5<\/p><\/div>\n<p>\u00a0<strong>Torsdag 26\/6<\/strong> kommer Oskar Norrgrann och\u00a0David Jonsson fr\u00e5n L\u00e4nsstyrelsen hit och informerar om reservatplanerna och biotop\u00e5terst\u00e4llningen av v\u00e5r R\u00f6\u00e5.<\/p>\n<p>M\u00f6tet h\u00e5lls p\u00e5 R\u00f6\u00e5ns F\u00f6reningshus klockan 18.00<\/p>\n<p>\u00a0Passa p\u00e5 att komma med Dina fr\u00e5gor och funderingar om detta, som ju\u00a0faktiskt verkar f\u00f6r bra f\u00f6r att vara sant. Att f\u00f6r all framtid s\u00e4kra \u00e5n mot utbyggnadsf\u00f6rs\u00f6k och samtidigt g\u00f6ra vad man kan f\u00f6r att skapa optimala f\u00f6rh\u00e5llanden i vattnet, \u00a0ja det tycker i alla fall jag l\u00e5ter som en underbar saga.<\/p>\n<p>Och sannolikt \u00e4r f\u00e5ren i strandkanten av samma \u00e5sikt.<\/p>\n<div id=\"attachment_1624\" style=\"width: 450px\" class=\"wp-caption alignnone\"><img loading=\"lazy\" decoding=\"async\" aria-describedby=\"caption-attachment-1624\" class=\"size-medium wp-image-1624\" title=\"V\u00c4LKOMNA!\" src=\"http:\/\/roan.junselebyar.se\/nyheter\/wp-content\/uploads\/2014\/06\/14far1-440x335.jpg\" alt=\"V\u00c4LKOMNA!\" width=\"440\" height=\"335\" srcset=\"https:\/\/roan.junselebyar.se\/nyheter\/wp-content\/uploads\/2014\/06\/14far1-440x335.jpg 440w, https:\/\/roan.junselebyar.se\/nyheter\/wp-content\/uploads\/2014\/06\/14far1.jpg 1392w\" sizes=\"auto, (max-width: 440px) 100vw, 440px\" \/><p id=\"caption-attachment-1624\" class=\"wp-caption-text\">V\u00c4LKOMNA!<\/p><\/div>\n<p>R\u00f6\u00e5ns FVO och R\u00f6\u00e5ns\u00a0 Byalag\u00a0h\u00e4lsar alla\u00a0Varmt V\u00e4lkomna!<\/p>\n<p>Vi bjuder p\u00e5 fika.<\/p>\n<p>\/Tarabrita<\/p>\n","protected":false},"excerpt":{"rendered":"<p>\u00a0Torsdag 26\/6 kommer Oskar Norrgrann och\u00a0David Jonsson fr\u00e5n L\u00e4nsstyrelsen hit och informerar om reservatplanerna och biotop\u00e5terst\u00e4llningen av v\u00e5r R\u00f6\u00e5. M\u00f6tet h\u00e5lls p\u00e5 R\u00f6\u00e5ns F\u00f6reningshus klockan 18.00 \u00a0Passa p\u00e5 att komma med Dina fr\u00e5gor och funderingar om detta, som ju\u00a0faktiskt verkar f\u00f6r bra f\u00f6r att vara sant. Att f\u00f6r all framtid s\u00e4kra \u00e5n mot utbyggnadsf\u00f6rs\u00f6k och [&hellip;]<\/p>\n","protected":false},"author":2,"featured_media":0,"comment_status":"open","ping_status":"open","sticky":false,"template":"","format":"standard","meta":{"footnotes":""},"categories":[6],"tags":[],"class_list":["post-1615","post","type-post","status-publish","format-standard","hentry","category-miljo"],"_links":{"self":[{"href":"https:\/\/roan.junselebyar.se\/index.php?rest_route=\/wp\/v2\/posts\/1615","targetHints":{"allow":["GET"]}}],"collection":[{"href":"https:\/\/roan.junselebyar.se\/index.php?rest_route=\/wp\/v2\/posts"}],"about":[{"href":"https:\/\/roan.junselebyar.se\/index.php?rest_route=\/wp\/v2\/types\/post"}],"author":[{"embeddable":true,"href":"https:\/\/roan.junselebyar.se\/index.php?rest_route=\/wp\/v2\/users\/2"}],"replies":[{"embeddable":true,"href":"https:\/\/roan.junselebyar.se\/index.php?rest_route=%2Fwp%2Fv2%2Fcomments&post=1615"}],"version-history":[{"count":16,"href":"https:\/\/roan.junselebyar.se\/index.php?rest_route=\/wp\/v2\/posts\/1615\/revisions"}],"predecessor-version":[{"id":1629,"href":"https:\/\/roan.junselebyar.se\/index.php?rest_route=\/wp\/v2\/posts\/1615\/revisions\/1629"}],"wp:attachment":[{"href":"https:\/\/roan.junselebyar.se\/index.php?rest_route=%2Fwp%2Fv2%2Fmedia&parent=1615"}],"wp:term":[{"taxonomy":"category","embeddable":true,"href":"https:\/\/roan.junselebyar.se\/index.php?rest_route=%2Fwp%2Fv2%2Fcategories&post=1615"},{"taxonomy":"post_tag","embeddable":true,"href":"https:\/\/roan.junselebyar.se\/index.php?rest_route=%2Fwp%2Fv2%2Ftags&post=1615"}],"curies":[{"name":"wp","href":"https:\/\/api.w.org\/{rel}","templated":true}]}}