{"id":1635,"date":"2014-06-29T00:36:06","date_gmt":"2014-06-28T22:36:06","guid":{"rendered":"http:\/\/roan.junselebyar.se\/?p=1635"},"modified":"2014-06-29T07:09:21","modified_gmt":"2014-06-29T05:09:21","slug":"roaalvens-naturreservat","status":"publish","type":"post","link":"https:\/\/roan.junselebyar.se\/?p=1635","title":{"rendered":"R\u00f6\u00e5\u00e4lvens Naturreservat?"},"content":{"rendered":"<div id=\"attachment_1636\" style=\"width: 450px\" class=\"wp-caption alignnone\"><img loading=\"lazy\" decoding=\"async\" aria-describedby=\"caption-attachment-1636\" class=\"size-medium wp-image-1636\" title=\"Oskar Norrgrann informerar\" src=\"http:\/\/roan.junselebyar.se\/nyheter\/wp-content\/uploads\/2014\/06\/oskar-440x241.jpg\" alt=\"Oskar Norrgrann informerar\" width=\"440\" height=\"241\" \/><p id=\"caption-attachment-1636\" class=\"wp-caption-text\">Oskar Norrgrann informerar<\/p><\/div>\n<p>Eller kanske R\u00f6\u00e5forsarnas Naturreservat? Eller R\u00f6\u00e5ns Naturreservat? Men visst kan man v\u00e4l &#8220;ta i&#8221; \u00a0litet n\u00e4r v\u00e5ra forsar skall bli naturreservat. Eller \u00e4r det f\u00f6r kaxigt?<\/p>\n<p>Gl\u00e4djande m\u00e5nga hade kommit till R\u00f6\u00e5ns f\u00f6reningshus f\u00f6r att lyssna p\u00e5 f\u00f6rst Oskar Norgrann fr\u00e5n L\u00e4nsstyrelsens enhet f\u00f6r skyddad natur och d\u00e4refter David Jonsson fr\u00e5n L\u00e4nsstyrelsens Fiskeenhet. P\u00e5 plats fanns \u00e4ven Johan Rytterstam ocks\u00e5 fr\u00e5n L\u00e4sstyrelsen enhet f\u00f6r skyddad natur. Han kommer in i ett senare skede med sk\u00f6tself\u00f6reskrifter och liknande.<\/p>\n<p>Oskar, David och Johan var f\u00f6rst i R\u00f6\u00e5n\u00a0hela onsdagen. De samlade flodp\u00e4rlmusslor och satte\u00a0ut dem p\u00e5 ett st\u00e4lle, d\u00e4r inte gr\u00e4varen riskerar f\u00f6rst\u00f6ra dem. Hittade dom n\u00e5gra musslor d\u00e5? Jo, mycket. Gl\u00e4djande nog fanns \u00e4ven v\u00e4ldigt gott om sm\u00e5(=unga) exemplar och det visar att\u00a0 dom trivs och \u00e4r livaktiga, vilket inte \u00e4r fallet p\u00e5 m\u00e5nga andra st\u00e4llen.<\/p>\n<p>P\u00e5 torsdg kv\u00e4ll var det s\u00e5 dags f\u00f6r oss bybor att h\u00f6ra om planerna\u00a0f\u00f6r naturreservatet. Oskar ber\u00e4ttade att\u00a0R\u00f6\u00e5n verkligen \u00e4r skyddsv\u00e4rd. Den \u00e4r outbyggd, vilket g\u00f6r att Betarsj\u00f6n \u00e4r oreglerad, den har utm\u00e4rkt vattenkvalitet och d\u00e4r finns flodp\u00e4rlmussla och utter och fina forsstr\u00e4ckor, som kan bli en verklig tillg\u00e5ng f\u00f6r fisketurism i framtiden. Oskar besvarade \u00e4ven fr\u00e5gor fr\u00e5n oss. S\u00e5 bra att f\u00e5 svar p\u00e5 funderingar s\u00e5 ev. fr\u00e5getecken r\u00e4tas ut.<\/p>\n<p>Att bilda ett reservat tar tid. Det skall behandlas av m\u00e5nga instanser och skall ut p\u00e5 remisser o.s.v. 1-3 \u00e5r\u00a0kan det ta. Men vad g\u00f6r v\u00e4l det? Den som v\u00e4ntar p\u00e5 n\u00e5got gott&#8230;&#8230;.Det m\u00e5ste f\u00e5 ta tid f\u00f6r att bli bra. Det k\u00e4ndes efter Oskars \u00a0f\u00f6redragning\u00a0att detta projekt vilar i s\u00e4kra h\u00e4nder.<\/p>\n<p>D\u00e4refter var det Davids tur att ber\u00e4tta om biotop\u00e5terst\u00e4llningen och besvara v\u00e5ra fr\u00e5gor. Vi f\u00e5r h\u00e5lla tummarna att vattenniv\u00e5n sjunker f\u00f6r som det \u00e4r nu g\u00e5r den inte att genomf\u00f6ra projektet. Men med litet tur kan\u00a0arbetet utf\u00f6ras n\u00e5gon av de sista veckorna i juli och pengarna till detta(bygdemedel) m\u00e5ste anv\u00e4ndas i \u00e5r s\u00e5 det blir sp\u00e4nnande att se om det g\u00e5r. David undrade om vi var v\u00e4ldigt r\u00e4dda om bron(nedanf\u00f6r Kurt) Det \u00e4r ngt. vi f\u00e5r fundera \u00f6ver. Man kan ju g\u00f6ra en annan bro. Den befintliga kanske \u00e4nd\u00e5 har gjort sitt. Finansieringen blir ju ett problem. Det fanns \u00e4ven ett par andra fr\u00e5gor att reda ut. Men finns bara god vilja s\u00e5 kan de flesta fr\u00e5gor l\u00f6sas. Huvudsaken att de kommer upp s\u00e5 att man kan ta st\u00e4llning till dem. Farh\u00e5gor eller tvivel, som inte f\u00f6rs fram, \u00e4r s\u00e5 klart v\u00e4ldigt sv\u00e5ra att g\u00f6ra n\u00e5gonting \u00e5t. J\u00e4ttesp\u00e4nnande skall det bli. Om tre \u00e5r har vi, om allt g\u00e5r planenligt, ett biotop\u00e5terst\u00e4lld forsreservat med optimala f\u00f6rh\u00e5llanden f\u00f6r fiskarna och d\u00e4rmed p\u00e5 sikt m\u00f6jligheter f\u00f6r byns unga och deras barn att i en framtid kanske tom satsa p\u00e5 fisketurism.\u00a0<\/p>\n<p>Och b\u00e4st av allt: Vi slipper\u00a0oroas \u00f6ver att ett\u00a0stenskravel ers\u00e4tter det\u00a0brusande, livfyllda\u00a0vatten, som ger byn\u00a0dess pr\u00e4gel.<\/p>\n<p>Tack Meta och Jessica f\u00f6r att ni st\u00e4dat och ordnat s\u00e5 fint med fika och blommor p\u00e5 borden! Det k\u00e4ndes s\u00e5 v\u00e4lkomnande.<\/p>\n<p>\/Tarabrita<\/p>\n","protected":false},"excerpt":{"rendered":"<p>Eller kanske R\u00f6\u00e5forsarnas Naturreservat? Eller R\u00f6\u00e5ns Naturreservat? Men visst kan man v\u00e4l &#8220;ta i&#8221; \u00a0litet n\u00e4r v\u00e5ra forsar skall bli naturreservat. Eller \u00e4r det f\u00f6r kaxigt? Gl\u00e4djande m\u00e5nga hade kommit till R\u00f6\u00e5ns f\u00f6reningshus f\u00f6r att lyssna p\u00e5 f\u00f6rst Oskar Norgrann fr\u00e5n L\u00e4nsstyrelsens enhet f\u00f6r skyddad natur och d\u00e4refter David Jonsson fr\u00e5n L\u00e4nsstyrelsens Fiskeenhet. P\u00e5 plats [&hellip;]<\/p>\n","protected":false},"author":2,"featured_media":0,"comment_status":"open","ping_status":"open","sticky":false,"template":"","format":"standard","meta":{"footnotes":""},"categories":[3],"tags":[],"class_list":["post-1635","post","type-post","status-publish","format-standard","hentry","category-allmant"],"_links":{"self":[{"href":"https:\/\/roan.junselebyar.se\/index.php?rest_route=\/wp\/v2\/posts\/1635","targetHints":{"allow":["GET"]}}],"collection":[{"href":"https:\/\/roan.junselebyar.se\/index.php?rest_route=\/wp\/v2\/posts"}],"about":[{"href":"https:\/\/roan.junselebyar.se\/index.php?rest_route=\/wp\/v2\/types\/post"}],"author":[{"embeddable":true,"href":"https:\/\/roan.junselebyar.se\/index.php?rest_route=\/wp\/v2\/users\/2"}],"replies":[{"embeddable":true,"href":"https:\/\/roan.junselebyar.se\/index.php?rest_route=%2Fwp%2Fv2%2Fcomments&post=1635"}],"version-history":[{"count":5,"href":"https:\/\/roan.junselebyar.se\/index.php?rest_route=\/wp\/v2\/posts\/1635\/revisions"}],"predecessor-version":[{"id":1639,"href":"https:\/\/roan.junselebyar.se\/index.php?rest_route=\/wp\/v2\/posts\/1635\/revisions\/1639"}],"wp:attachment":[{"href":"https:\/\/roan.junselebyar.se\/index.php?rest_route=%2Fwp%2Fv2%2Fmedia&parent=1635"}],"wp:term":[{"taxonomy":"category","embeddable":true,"href":"https:\/\/roan.junselebyar.se\/index.php?rest_route=%2Fwp%2Fv2%2Fcategories&post=1635"},{"taxonomy":"post_tag","embeddable":true,"href":"https:\/\/roan.junselebyar.se\/index.php?rest_route=%2Fwp%2Fv2%2Ftags&post=1635"}],"curies":[{"name":"wp","href":"https:\/\/api.w.org\/{rel}","templated":true}]}}