{"id":1672,"date":"2014-09-29T14:44:50","date_gmt":"2014-09-29T12:44:50","guid":{"rendered":"http:\/\/roan.junselebyar.se\/?p=1672"},"modified":"2014-09-29T15:14:23","modified_gmt":"2014-09-29T13:14:23","slug":"sanningens-ogonblick-for-junsele","status":"publish","type":"post","link":"https:\/\/roan.junselebyar.se\/?p=1672","title":{"rendered":"Sanningens \u00f6gonblick f\u00f6r Junsele"},"content":{"rendered":"<p>I morgon, 30\/9 2014, tas Flodins vindexploateringsmardr\u00f6m av K\u00e4rmsj\u00f6omr\u00e5det upp i T.U.\u00a0 I praktiken \u00e4r det just dessa T.U.-m\u00f6ten, som avg\u00f6r v\u00e5ra vindkraft\u00e4renden. Det \u00e4r p\u00e5 dessa m\u00f6ten, som v\u00e5r naturs \u00f6den avg\u00f6rs. Inget egentligt motst\u00e5nd v\u00e5gar st\u00e5 upp mot ordf. Lassen. Platsen vid k\u00f6ttgrytan\u00a0synes viktigare \u00e4n omsorgen om oss medborgare, v\u00e5r natur och m\u00f6jligheter till \u00a0framtida inkomster inom den allt snabbare v\u00e4xande turismen.<\/p>\n<p>I T.U. sitter Elisabeth Lassen (S), ordf., John \u00c5berg (S), ledamot och\u00a0Paul H\u00f6glund (C) ledamot.<\/p>\n<p>Ers\u00e4ttare: Nicklas Lind(V), \u00c5sa Sj\u00f6d\u00e9n(S), Sven Olof Gradin(M)<\/p>\n<p>Hittills har T.U.\u00a0tillstyrkt Flodins giriga naturutsugningsplaner och rekommenderat kommunstyrelsen(med samma ordf\u00f6rande= Lassen) att sv\u00e4lja Flodins exploateringar praktiskt taget\u00a0med hull och h\u00e5r och d\u00e5 g\u00f6r den lydiga kommunstyrelsen s\u00e5. P\u00e5 samma vis gick det med planerna att utpeka R\u00f6\u00e5n-Betarsj\u00f6n\u00a0till Riksintresse Friluftsliv(13\/1 2014). Det blev NJET av Lassen, som befarade att ett s\u00e5dant utpekande skulle f\u00f6rsv\u00e5ra, kanske tom\u00a0om\u00f6jligg\u00f6ra,\u00a0Flodins fullkomligt f\u00f6r\u00f6dande planer f\u00f6r omr\u00e5det och Junsele. Och vad skulle Flodin s\u00e4ga d\u00e5? Hur mycket har han blivit f\u00f6respeglad eller rent av lovad??????&#8230;..Och n\u00e4r??????\u00a0<\/p>\n<p>\/Tarabrita<\/p>\n","protected":false},"excerpt":{"rendered":"<p>I morgon, 30\/9 2014, tas Flodins vindexploateringsmardr\u00f6m av K\u00e4rmsj\u00f6omr\u00e5det upp i T.U.\u00a0 I praktiken \u00e4r det just dessa T.U.-m\u00f6ten, som avg\u00f6r v\u00e5ra vindkraft\u00e4renden. Det \u00e4r p\u00e5 dessa m\u00f6ten, som v\u00e5r naturs \u00f6den avg\u00f6rs. Inget egentligt motst\u00e5nd v\u00e5gar st\u00e5 upp mot ordf. Lassen. Platsen vid k\u00f6ttgrytan\u00a0synes viktigare \u00e4n omsorgen om oss medborgare, v\u00e5r natur och m\u00f6jligheter [&hellip;]<\/p>\n","protected":false},"author":2,"featured_media":0,"comment_status":"open","ping_status":"open","sticky":false,"template":"","format":"standard","meta":{"footnotes":""},"categories":[3],"tags":[],"class_list":["post-1672","post","type-post","status-publish","format-standard","hentry","category-allmant"],"_links":{"self":[{"href":"https:\/\/roan.junselebyar.se\/index.php?rest_route=\/wp\/v2\/posts\/1672","targetHints":{"allow":["GET"]}}],"collection":[{"href":"https:\/\/roan.junselebyar.se\/index.php?rest_route=\/wp\/v2\/posts"}],"about":[{"href":"https:\/\/roan.junselebyar.se\/index.php?rest_route=\/wp\/v2\/types\/post"}],"author":[{"embeddable":true,"href":"https:\/\/roan.junselebyar.se\/index.php?rest_route=\/wp\/v2\/users\/2"}],"replies":[{"embeddable":true,"href":"https:\/\/roan.junselebyar.se\/index.php?rest_route=%2Fwp%2Fv2%2Fcomments&post=1672"}],"version-history":[{"count":4,"href":"https:\/\/roan.junselebyar.se\/index.php?rest_route=\/wp\/v2\/posts\/1672\/revisions"}],"predecessor-version":[{"id":1675,"href":"https:\/\/roan.junselebyar.se\/index.php?rest_route=\/wp\/v2\/posts\/1672\/revisions\/1675"}],"wp:attachment":[{"href":"https:\/\/roan.junselebyar.se\/index.php?rest_route=%2Fwp%2Fv2%2Fmedia&parent=1672"}],"wp:term":[{"taxonomy":"category","embeddable":true,"href":"https:\/\/roan.junselebyar.se\/index.php?rest_route=%2Fwp%2Fv2%2Fcategories&post=1672"},{"taxonomy":"post_tag","embeddable":true,"href":"https:\/\/roan.junselebyar.se\/index.php?rest_route=%2Fwp%2Fv2%2Ftags&post=1672"}],"curies":[{"name":"wp","href":"https:\/\/api.w.org\/{rel}","templated":true}]}}