{"id":1682,"date":"2014-11-05T18:35:13","date_gmt":"2014-11-05T17:35:13","guid":{"rendered":"http:\/\/roan.junselebyar.se\/?p=1682"},"modified":"2014-11-05T18:41:34","modified_gmt":"2014-11-05T17:41:34","slug":"den-forsta-snon","status":"publish","type":"post","link":"https:\/\/roan.junselebyar.se\/?p=1682","title":{"rendered":"Den f\u00f6rsta sn\u00f6n"},"content":{"rendered":"<div id=\"attachment_1683\" style=\"width: 449px\" class=\"wp-caption alignnone\"><img loading=\"lazy\" decoding=\"async\" aria-describedby=\"caption-attachment-1683\" class=\"size-medium wp-image-1683\" title=\"Familjen r\u00e5djur i tr\u00e4dg\u00e5rdslandet\" src=\"http:\/\/roan.junselebyar.se\/nyheter\/wp-content\/uploads\/2014\/11\/radjur-439x181.jpg\" alt=\"Familjen r\u00e5djur i tr\u00e4dg\u00e5rdslandet\" width=\"439\" height=\"181\" srcset=\"https:\/\/roan.junselebyar.se\/nyheter\/wp-content\/uploads\/2014\/11\/radjur-439x181.jpg 439w, https:\/\/roan.junselebyar.se\/nyheter\/wp-content\/uploads\/2014\/11\/radjur.jpg 1380w\" sizes=\"auto, (max-width: 439px) 100vw, 439px\" \/><p id=\"caption-attachment-1683\" class=\"wp-caption-text\">Familjen r\u00e5djur i tr\u00e4dg\u00e5rdslandet<\/p><\/div>\n<p>\u00a0I morse\u00a0hade vi lyckan\u00a0att vakna upp i ett vitt landskap. G\u00e5rdagens ov\u00e4dret blev inget riktigt ov\u00e4der men litet sn\u00f6 f\u00f6ll i alla fall och vips blev allt s\u00e5 ljust och vackert.<\/p>\n<div id=\"attachment_1684\" style=\"width: 450px\" class=\"wp-caption alignnone\"><img loading=\"lazy\" decoding=\"async\" aria-describedby=\"caption-attachment-1684\" class=\"size-medium wp-image-1684\" title=\"Mumsigt med persilja\" src=\"http:\/\/roan.junselebyar.se\/nyheter\/wp-content\/uploads\/2014\/11\/radjur4-440x626.jpg\" alt=\"Mumsigt med persilja\" width=\"440\" height=\"626\" srcset=\"https:\/\/roan.junselebyar.se\/nyheter\/wp-content\/uploads\/2014\/11\/radjur4-440x626.jpg 440w, https:\/\/roan.junselebyar.se\/nyheter\/wp-content\/uploads\/2014\/11\/radjur4.jpg 876w\" sizes=\"auto, (max-width: 440px) 100vw, 440px\" \/><p id=\"caption-attachment-1684\" class=\"wp-caption-text\">Mumsigt med persilja<\/p><\/div>\n<p>D\u00e4r ryker persiljan men det g\u00f6r inget. Det \u00e4r s\u00e5 roligt med dessa fyrbenta v\u00e4nner.<\/p>\n<div id=\"attachment_1685\" style=\"width: 450px\" class=\"wp-caption alignnone\"><img loading=\"lazy\" decoding=\"async\" aria-describedby=\"caption-attachment-1685\" class=\"size-medium wp-image-1685\" title=\"Den obligatoriska R\u00f6\u00e5vyn\" src=\"http:\/\/roan.junselebyar.se\/nyheter\/wp-content\/uploads\/2014\/11\/roananan2-440x512.jpg\" alt=\"Den obligatoriska R\u00f6\u00e5vyn\" width=\"440\" height=\"512\" srcset=\"https:\/\/roan.junselebyar.se\/nyheter\/wp-content\/uploads\/2014\/11\/roananan2-440x512.jpg 440w, https:\/\/roan.junselebyar.se\/nyheter\/wp-content\/uploads\/2014\/11\/roananan2.jpg 1830w\" sizes=\"auto, (max-width: 440px) 100vw, 440px\" \/><p id=\"caption-attachment-1685\" class=\"wp-caption-text\">Den obligatoriska R\u00f6\u00e5vyn<\/p><\/div>\n<p>Och h\u00e4r brusar den vackra \u00e5n. Om man tittar riktigt noga s\u00e5 kan man se att det vid biotop\u00e5terst\u00e4llningen f\u00f6rdes upp en del organiskt br\u00e5te p\u00e5 ena sidan en bit ner. Om man finner\u00a0tillfredsst\u00e4llelse i att f\u00f6rarga sig \u00f6ver detta skall man definitivt passa p\u00e5 att g\u00f6ra det nu f\u00f6r med tiden kommer det att brytas ned och f\u00f6rvinna.<\/p>\n<div id=\"attachment_1686\" style=\"width: 450px\" class=\"wp-caption alignnone\"><img loading=\"lazy\" decoding=\"async\" aria-describedby=\"caption-attachment-1686\" class=\"size-medium wp-image-1686\" title=\"Fullm\u00e5ne \u00f6ver Tara\" src=\"http:\/\/roan.junselebyar.se\/nyheter\/wp-content\/uploads\/2014\/11\/manskenovertara-440x513.jpg\" alt=\"Fullm\u00e5ne \u00f6ver Tara\" width=\"440\" height=\"513\" \/><p id=\"caption-attachment-1686\" class=\"wp-caption-text\">Fullm\u00e5ne \u00f6ver Tara<\/p><\/div>\n<p>Vid skymningen p\u00e5b\u00f6rjade fullm\u00e5nen sin himlaf\u00e4rd\u00a0\u00f6ver byn.<\/p>\n<p>\u00a0Ig\u00e5r avslutades framr\u00f6jningen av vinterv\u00e4gen mellan R\u00f6\u00e5n och Lillterrsj\u00f6. Denna r\u00f6jinsats, som \u00a0 Lasele FVO har ombes\u00f6rjt, syftar till att ta fram den ursprungliga v\u00e4gstr\u00e4ckningen och s\u00e4kra den f\u00f6r framtiden. Norrskog har ocks\u00e5 r\u00f6jt bort det ris, som\u00a0l\u00e4mnades kvar p\u00e5 v\u00e4gen vid en\u00a0avverkning f\u00f6rra h\u00f6sten. J\u00e4ttebra! Nu \u00e4r grovg\u00f6rat avklarat och det \u00e5terst\u00e5r en m\u00e4ngd andra \u00e5tg\u00e4rder, bl.a. en bro \u00f6ver Bodb\u00e4cken och utj\u00e4mning av v\u00e4gytan (marken) p\u00e5 en del st\u00e4llen. Lasele FVO har ju\u00a0t\u00e4nkt g\u00f6ra\u00a0vinterv\u00e4gen s\u00e5 som den en g\u00e5ng var. I dagsl\u00e4get, n\u00e4r det blir allt mer \u00f6nskv\u00e4rt att man \u00e5terst\u00e4ller vattendrag efter flottningsepoken och kollar v\u00e4gtrummor m.m.,\u00a0\u00e4r det n\u00f6dv\u00e4ndigt med en v\u00e4g som man kan anv\u00e4nda vid \u00e5tg\u00e4rder i Tar\u00e5n.\u00a0D\u00e4rf\u00f6r har detta gjorts. Nu kan vi ta oss till hela Tar\u00e5n, l\u00e4ttast p\u00e5 vintern men \u00e4ven rel. bra p\u00e5 sommaren. Att skid\u00e5kare och andra friluftsm\u00e4nniskor och skoter\u00e5kare f\u00e5r en fin vinterv\u00e4g \u00e4r ju inte heller s\u00e5 dumt tycker en obotlig positivist:<\/p>\n<p>Tarabrita<\/p>\n","protected":false},"excerpt":{"rendered":"<p>\u00a0I morse\u00a0hade vi lyckan\u00a0att vakna upp i ett vitt landskap. G\u00e5rdagens ov\u00e4dret blev inget riktigt ov\u00e4der men litet sn\u00f6 f\u00f6ll i alla fall och vips blev allt s\u00e5 ljust och vackert. D\u00e4r ryker persiljan men det g\u00f6r inget. Det \u00e4r s\u00e5 roligt med dessa fyrbenta v\u00e4nner. Och h\u00e4r brusar den vackra \u00e5n. Om man tittar [&hellip;]<\/p>\n","protected":false},"author":2,"featured_media":0,"comment_status":"open","ping_status":"open","sticky":false,"template":"","format":"standard","meta":{"footnotes":""},"categories":[3],"tags":[],"class_list":["post-1682","post","type-post","status-publish","format-standard","hentry","category-allmant"],"_links":{"self":[{"href":"https:\/\/roan.junselebyar.se\/index.php?rest_route=\/wp\/v2\/posts\/1682","targetHints":{"allow":["GET"]}}],"collection":[{"href":"https:\/\/roan.junselebyar.se\/index.php?rest_route=\/wp\/v2\/posts"}],"about":[{"href":"https:\/\/roan.junselebyar.se\/index.php?rest_route=\/wp\/v2\/types\/post"}],"author":[{"embeddable":true,"href":"https:\/\/roan.junselebyar.se\/index.php?rest_route=\/wp\/v2\/users\/2"}],"replies":[{"embeddable":true,"href":"https:\/\/roan.junselebyar.se\/index.php?rest_route=%2Fwp%2Fv2%2Fcomments&post=1682"}],"version-history":[{"count":6,"href":"https:\/\/roan.junselebyar.se\/index.php?rest_route=\/wp\/v2\/posts\/1682\/revisions"}],"predecessor-version":[{"id":1691,"href":"https:\/\/roan.junselebyar.se\/index.php?rest_route=\/wp\/v2\/posts\/1682\/revisions\/1691"}],"wp:attachment":[{"href":"https:\/\/roan.junselebyar.se\/index.php?rest_route=%2Fwp%2Fv2%2Fmedia&parent=1682"}],"wp:term":[{"taxonomy":"category","embeddable":true,"href":"https:\/\/roan.junselebyar.se\/index.php?rest_route=%2Fwp%2Fv2%2Fcategories&post=1682"},{"taxonomy":"post_tag","embeddable":true,"href":"https:\/\/roan.junselebyar.se\/index.php?rest_route=%2Fwp%2Fv2%2Ftags&post=1682"}],"curies":[{"name":"wp","href":"https:\/\/api.w.org\/{rel}","templated":true}]}}