{"id":1740,"date":"2014-11-23T01:44:59","date_gmt":"2014-11-23T00:44:59","guid":{"rendered":"http:\/\/roan.junselebyar.se\/?p=1740"},"modified":"2014-11-23T19:18:29","modified_gmt":"2014-11-23T18:18:29","slug":"se-nu-tittar-lilla-solen-in-igen","status":"publish","type":"post","link":"https:\/\/roan.junselebyar.se\/?p=1740","title":{"rendered":"Se nu tittar lilla solen in igen&#8230;."},"content":{"rendered":"<div>\n<dl id=\"attachment_1737\" style=\"width: 450px;\"><img loading=\"lazy\" decoding=\"async\" title=\"Morgonsol\" src=\"http:\/\/roan.junselebyar.se\/nyheter\/wp-content\/uploads\/2014\/11\/solen1-440x248.jpg\" alt=\"Morgonsol\" width=\"440\" height=\"248\" \/> Morgonsol<\/dl>\n<\/div>\n<p>\u00a0 Kul att se Dig igen, k\u00e4ra sol!!!<\/p>\n<p>Hitintills har h\u00f6sten\/vintern varit varm och behaglig. Detta har bl.a. resulterat i att det inte g\u00e5tt \u00e5t s\u00e5 mycket energi till uppv\u00e4rmning. Samtidigt har vattenkraften levererat och alla k\u00e4rnkraftreaktorer verkar puttra p\u00e5 utan avbrott. Sverige producerar pga dessa faktorer samt det faktum att industrin och hush\u00e5llen har effektiviserat och sparat energi ett stabilt el\u00f6verskott.<\/p>\n<p>D\u00e4rav dagens rel. l\u00e5ga elpriser. Nu f\u00f6rs\u00f6ker en del f\u00e5 det till att detta i.st. beror p\u00e5 en \u00f6kande andel vindkraftsel:<\/p>\n<p><strong>&#8220;Vindkraft driver fram rekordl\u00e5ga elpriser<\/strong><\/p>\n<div>\n<div><noscript><\/noscript><strong>P\u00e5 bara n\u00e5gra \u00e5r har det skett en revolution p\u00e5 elmarknaden i Sverige. Priserna har mer \u00e4n halverats och det beror framf\u00f6r allt p\u00e5 den kraftiga utbyggnaden av vindkraft. Och de l\u00e5ga priserna har kommit f\u00f6r att stanna&#8221;\u00a0<\/strong><\/div>\n<div><strong>\u00a0<\/strong><\/div>\n<div>Och l\u00e4ngre ned p\u00e5 sidan:<\/div>\n<div>\n<h4><strong>&#8220;Halverade elpriser<\/strong><\/h4>\n<p><strong>Runt om i Sverige f\u00e4rdigst\u00e4lls nu en rad vindkraftsparker. Det inneb\u00e4r att mycket stora m\u00e4ngder el tillf\u00f6rs elmarknaden. Och det har inneburit en revolution. F\u00f6r j\u00e4mf\u00f6rt med \u00e5r 2010 har priserna mer \u00e4n halverats&#8221;<\/strong><\/p>\n<div><span>(16 november<\/span>\u00a0SVT Nyheter)<\/div>\n<div>\u00a0<\/div>\n<div>Detta budskap matades vi med h\u00e4r tidigare i veckan. Anledningen torde vara att det g\u00e5tt upp f\u00f6r\u00a0de stora vindkraftintressenterna\u00a0att inte alla gillar deras massiva vindbrukssatsningar. Men hur f\u00f6rh\u00e5ller det sig egentligen med de framf\u00f6rda uppgifterna? Om man f\u00f6r in tillg\u00e4nglig statistik i ett diagram f\u00e5r man denna bild:\u00a0\u00a0\u00a0\u00a0\u00a0\u00a0\u00a0\u00a0\u00a0\u00a0\u00a0\u00a0\u00a0\u00a0\u00a0\u00a0\u00a0\u00a0\u00a0\u00a0\u00a0\u00a0\u00a0\u00a0\u00a0\u00a0\u00a0\u00a0\u00a0\u00a0\u00a0\u00a0\u00a0\u00a0\u00a0\u00a0\u00a0\u00a0\u00a0\u00a0\u00a0\u00a0\u00a0\u00a0\u00a0\u00a0\u00a0\u00a0\u00a0\u00a0\u00a0\u00a0\u00a0\u00a0\u00a0\u00a0\u00a0\u00a0\u00a0\u00a0\u00a0\u00a0\u00a0\u00a0\u00a0\u00a0\u00a0\u00a0\u00a0\u00a0\u00a0\u00a0\u00a0\u00a0\u00a0\u00a0\u00a0\u00a0\u00a0\u00a0\u00a0\u00a0\u00a0\u00a0\u00a0\u00a0\u00a0\u00a0\u00a0\u00a0\u00a0\u00a0\u00a0\u00a0\u00a0\u00a0\u00a0\u00a0\u00a0\u00a0 <em>Brita Isaksson<\/em><\/div>\n<div>\n<p class=\"mceTemp\">\n<dl id=\"attachment_1756\" class=\"wp-caption alignnone\" style=\"width: 450px;\">\n<dt class=\"wp-caption-dt\"><img loading=\"lazy\" decoding=\"async\" class=\"size-medium wp-image-1756\" title=\"diagram\" src=\"http:\/\/roan.junselebyar.se\/nyheter\/wp-content\/uploads\/2014\/11\/Image3-440x271.jpg\" alt=\"diagram\" width=\"440\" height=\"271\" srcset=\"https:\/\/roan.junselebyar.se\/nyheter\/wp-content\/uploads\/2014\/11\/Image3-440x271.jpg 440w, https:\/\/roan.junselebyar.se\/nyheter\/wp-content\/uploads\/2014\/11\/Image3.jpg 670w\" sizes=\"auto, (max-width: 440px) 100vw, 440px\" \/><\/dt>\n<dd class=\"wp-caption-dd\">diagram<\/dd>\n<\/dl>\n<p>Och visst; om man b\u00f6rjar sin\u00a0ber\u00e4kning \u00e5r 2010, det \u00e5r d\u00e5 priset var h\u00f6gst,\u00a0s\u00e5 har det blivit en halvering av priset. Men samma rel.l\u00e5ga pris g\u00e4llde t.ex. \u00e4ven 2002, 2004, \u00a02005 och 2007\u00a0\u00a0och d\u00e5 fanns inte mycket vindkraft. Detta \u00e4r nog ett flagrant exempel p\u00e5 hur man med statistik vill bevisa en sak, som egentligen har helt andra underliggande orsaker; 2009-2011 var det t.ex. \u00a0j\u00e4ttekallt och k\u00e4rnkraftverken hade problem.\u00a0 F\u00f6rb\u00e4ttrade\u00a0magasinsniv\u00e5er\u00a0och andra faktorer som fortsatt l\u00e5g ekonomisk aktivitet globalt sett har medf\u00f6rt l\u00e5ga internationella br\u00e4nslepriser och ett l\u00e5gt pris p\u00e5 utsl\u00e4ppsr\u00e4tter vilket f\u00e5tt elpriset att sjunka tillbaka.&#8221;\u00a0 <a href=\"http:\/\/www.svenskenergi.se\/Elfakta\/Elmarknaden\/Spotprisets-utveckling\/\" target=\"_blank\">http:\/\/www.svenskenergi.se\/Elfakta\/Elmarknaden\/Spotprisets-utveckling\/<\/a><\/p>\n<p>Medan\u00a0f\u00f6respr\u00e5karna av\u00a0dagens alltf\u00f6r hetsiga vindkraftutbyggnad v\u00e4ljer en statistik som tar sin utg\u00e5ngspunkt i 2010 med det h\u00f6gsta priset, kan en mer nyanserad tolkning vara att st\u00e4lla prisutvecklingen mot alstrad vindkraftenergi med start\u00a0i b\u00f6rjan av 2000-talet, d\u00e5 den storskaliga vindkraftutbyggnaden\u00a0tog fart\u00a0och om man g\u00f6r s\u00e5 f\u00e5r man en svagt stigande, men statistiskt mer korrekt, trend.(streckad bl\u00e5 visar svagt stigande elpriser)<\/p>\n<p>Sedan hade man v\u00e4l kunnat \u00f6nska att de reportrar, som sj\u00f6ng med i k\u00f6ren om vindkraftens f\u00f6rtr\u00e4fflighet, \u00e4ven i objektivitetens namn hade kunnat l\u00e4gga ned litet tid\u00a0p\u00e5 att efterh\u00f6ra de drabbades \u00e5sikt.<\/p>\n<p>\/Tarabrita<\/p><\/div>\n<\/div>\n<\/div>\n","protected":false},"excerpt":{"rendered":"<p>Morgonsol \u00a0 Kul att se Dig igen, k\u00e4ra sol!!! Hitintills har h\u00f6sten\/vintern varit varm och behaglig. Detta har bl.a. resulterat i att det inte g\u00e5tt \u00e5t s\u00e5 mycket energi till uppv\u00e4rmning. Samtidigt har vattenkraften levererat och alla k\u00e4rnkraftreaktorer verkar puttra p\u00e5 utan avbrott. Sverige producerar pga dessa faktorer samt det faktum att industrin och hush\u00e5llen [&hellip;]<\/p>\n","protected":false},"author":2,"featured_media":0,"comment_status":"open","ping_status":"open","sticky":false,"template":"","format":"standard","meta":{"footnotes":""},"categories":[3],"tags":[],"class_list":["post-1740","post","type-post","status-publish","format-standard","hentry","category-allmant"],"_links":{"self":[{"href":"https:\/\/roan.junselebyar.se\/index.php?rest_route=\/wp\/v2\/posts\/1740","targetHints":{"allow":["GET"]}}],"collection":[{"href":"https:\/\/roan.junselebyar.se\/index.php?rest_route=\/wp\/v2\/posts"}],"about":[{"href":"https:\/\/roan.junselebyar.se\/index.php?rest_route=\/wp\/v2\/types\/post"}],"author":[{"embeddable":true,"href":"https:\/\/roan.junselebyar.se\/index.php?rest_route=\/wp\/v2\/users\/2"}],"replies":[{"embeddable":true,"href":"https:\/\/roan.junselebyar.se\/index.php?rest_route=%2Fwp%2Fv2%2Fcomments&post=1740"}],"version-history":[{"count":20,"href":"https:\/\/roan.junselebyar.se\/index.php?rest_route=\/wp\/v2\/posts\/1740\/revisions"}],"predecessor-version":[{"id":1762,"href":"https:\/\/roan.junselebyar.se\/index.php?rest_route=\/wp\/v2\/posts\/1740\/revisions\/1762"}],"wp:attachment":[{"href":"https:\/\/roan.junselebyar.se\/index.php?rest_route=%2Fwp%2Fv2%2Fmedia&parent=1740"}],"wp:term":[{"taxonomy":"category","embeddable":true,"href":"https:\/\/roan.junselebyar.se\/index.php?rest_route=%2Fwp%2Fv2%2Fcategories&post=1740"},{"taxonomy":"post_tag","embeddable":true,"href":"https:\/\/roan.junselebyar.se\/index.php?rest_route=%2Fwp%2Fv2%2Ftags&post=1740"}],"curies":[{"name":"wp","href":"https:\/\/api.w.org\/{rel}","templated":true}]}}