{"id":1769,"date":"2014-12-14T17:06:26","date_gmt":"2014-12-14T16:06:26","guid":{"rendered":"http:\/\/roan.junselebyar.se\/?p=1769"},"modified":"2014-12-15T12:00:10","modified_gmt":"2014-12-15T11:00:10","slug":"miljoalmanackan","status":"publish","type":"post","link":"https:\/\/roan.junselebyar.se\/?p=1769","title":{"rendered":"Milj\u00f6almanackan"},"content":{"rendered":"<p><img decoding=\"async\" class=\"alignnone size-full wp-image-1770\" title=\"Fr\u00e5n \u00d6gonf\u00e4gnaden (Anders Nilsson)\" src=\"http:\/\/roan.junselebyar.se\/nyheter\/wp-content\/uploads\/2014\/12\/Fr\u00e5n-\u00d6gonf\u00e4gnaden-Anders-Nilsson.bmp\" alt=\"Fr\u00e5n \u00d6gonf\u00e4gnaden (Anders Nilsson)\" \/><\/p>\n<p>Fr\u00e5n \u00d6gonf\u00e4gnaden foto: Anders Nilsson<\/p>\n<p>Sollefte\u00e5 kommuns milj\u00f6almanacka n\u00e5dde oss h\u00e4romdagen, fylld med vackra bilder. Nej, inte den h\u00e4r vindkraftstivolibilden ovan. I hela almanackan fanns inte ett enda\u00a0allra minsta lilla vindkraftverk. Man kan fr\u00e5ga sig varf\u00f6r n\u00e4r kommunens officiella inst\u00e4llning till vindkraft \u00e4r s\u00e5 oh\u00e4mmat positiv.<\/p>\n<p>P\u00e5 kommunens hemsida kan man bl.a. l\u00e4sa:<\/p>\n<h2 id=\"h-Varforharkommunenstalltsigpositivtillvindkraft\">&#8220;Varf\u00f6r har kommunen st\u00e4llt sig positiv till vindkraft?<\/h2>\n<p>\u00a0<\/p>\n<p><strong>Av tv\u00e5 sk\u00e4l.<\/strong><\/p>\n<p><strong>\u00a0<\/strong><\/p>\n<p><strong>Det ena \u00e4r sk\u00e4let \u00e4r milj\u00f6n, i takt med att klimatf\u00f6r\u00e4ndringarna tilltar s\u00e5 st\u00e4lls det allt st\u00f6rre krav p\u00e5 att vi st\u00e4ller om fr\u00e5n fossila energik\u00e4llor till f\u00f6rnybara alternativ. \u00c4ven om vi i Sverige lyckats v\u00e4l s\u00e5 ligger resten av Europa efter. Idag kommer 50 procent av elen och 75 procent av EU-l\u00e4ndernas energi fr\u00e5n fossila k\u00e4llor.&#8221;<\/strong><\/p>\n<p>\u00a0<\/p>\n<p>D\u00e5 kan man kanske tycka som s\u00e5 att om EU-l\u00e4nderna g\u00f6r av med s\u00e5 mycket fossil energi s\u00e5 kan dom kanske s\u00e4tta upp sina egna vindkraftverk. Massor f\u00f6rsvinner ju bara i sj\u00e4lva \u00f6verf\u00f6ringen. Eller kanske kan dom effektivisera och spara.<\/p>\n<div id=\"attachment_1772\" style=\"width: 450px\" class=\"wp-caption alignnone\"><img loading=\"lazy\" decoding=\"async\" aria-describedby=\"caption-attachment-1772\" class=\"size-medium wp-image-1772\" title=\"Tomteflyg\" src=\"http:\/\/roan.junselebyar.se\/nyheter\/wp-content\/uploads\/2014\/12\/flyg2-440x462.jpg\" alt=\"Tomteflyg\" width=\"440\" height=\"462\" \/><p id=\"caption-attachment-1772\" class=\"wp-caption-text\">Tomteflyg<\/p><\/div>\n<p>I dag, s\u00f6ndag, korsades himlen \u00f6ver R\u00f6\u00e5n av flygplan till och fr\u00e5n destinationer i norr, d\u00e4r priviligierade barn fr\u00e5n Europa f\u00e5r tr\u00e4ffa tomten. Ingen missunnar dem\u00a0denna upplevelse\u00a0men\u00a0n\u00e4r en minskning av \u00f6vriga Europas fossial f\u00f6rbrukning\u00a0f\u00f6rs fram\u00a0som argument f\u00f6r att f\u00f6rst\u00f6ra livsmilj\u00f6n f\u00f6r norrl\u00e4ndska glesbygdsbor, k\u00e4nns detta resurssl\u00f6seri\u00a0litet underligt. Att utvinningen av det f\u00f6r de v\u00e4xell\u00e5dsl\u00f6sa verken n\u00f6dv\u00e4ndiga neodymet f\u00f6rst\u00f6r milj\u00f6n f\u00f6r barn i tredje v\u00e4rlden g\u00f6r ju inte saken b\u00e4ttre.<\/p>\n<p>\/Tarabrita<\/p>\n","protected":false},"excerpt":{"rendered":"<p>Fr\u00e5n \u00d6gonf\u00e4gnaden foto: Anders Nilsson Sollefte\u00e5 kommuns milj\u00f6almanacka n\u00e5dde oss h\u00e4romdagen, fylld med vackra bilder. Nej, inte den h\u00e4r vindkraftstivolibilden ovan. I hela almanackan fanns inte ett enda\u00a0allra minsta lilla vindkraftverk. Man kan fr\u00e5ga sig varf\u00f6r n\u00e4r kommunens officiella inst\u00e4llning till vindkraft \u00e4r s\u00e5 oh\u00e4mmat positiv. P\u00e5 kommunens hemsida kan man bl.a. l\u00e4sa: &#8220;Varf\u00f6r har [&hellip;]<\/p>\n","protected":false},"author":2,"featured_media":0,"comment_status":"open","ping_status":"open","sticky":false,"template":"","format":"standard","meta":{"footnotes":""},"categories":[3],"tags":[],"class_list":["post-1769","post","type-post","status-publish","format-standard","hentry","category-allmant"],"_links":{"self":[{"href":"https:\/\/roan.junselebyar.se\/index.php?rest_route=\/wp\/v2\/posts\/1769","targetHints":{"allow":["GET"]}}],"collection":[{"href":"https:\/\/roan.junselebyar.se\/index.php?rest_route=\/wp\/v2\/posts"}],"about":[{"href":"https:\/\/roan.junselebyar.se\/index.php?rest_route=\/wp\/v2\/types\/post"}],"author":[{"embeddable":true,"href":"https:\/\/roan.junselebyar.se\/index.php?rest_route=\/wp\/v2\/users\/2"}],"replies":[{"embeddable":true,"href":"https:\/\/roan.junselebyar.se\/index.php?rest_route=%2Fwp%2Fv2%2Fcomments&post=1769"}],"version-history":[{"count":8,"href":"https:\/\/roan.junselebyar.se\/index.php?rest_route=\/wp\/v2\/posts\/1769\/revisions"}],"predecessor-version":[{"id":1776,"href":"https:\/\/roan.junselebyar.se\/index.php?rest_route=\/wp\/v2\/posts\/1769\/revisions\/1776"}],"wp:attachment":[{"href":"https:\/\/roan.junselebyar.se\/index.php?rest_route=%2Fwp%2Fv2%2Fmedia&parent=1769"}],"wp:term":[{"taxonomy":"category","embeddable":true,"href":"https:\/\/roan.junselebyar.se\/index.php?rest_route=%2Fwp%2Fv2%2Fcategories&post=1769"},{"taxonomy":"post_tag","embeddable":true,"href":"https:\/\/roan.junselebyar.se\/index.php?rest_route=%2Fwp%2Fv2%2Ftags&post=1769"}],"curies":[{"name":"wp","href":"https:\/\/api.w.org\/{rel}","templated":true}]}}