{"id":1785,"date":"2014-12-20T17:55:45","date_gmt":"2014-12-20T16:55:45","guid":{"rendered":"http:\/\/roan.junselebyar.se\/?p=1785"},"modified":"2014-12-20T18:21:02","modified_gmt":"2014-12-20T17:21:02","slug":"den-gamla-vintervagen","status":"publish","type":"post","link":"https:\/\/roan.junselebyar.se\/?p=1785","title":{"rendered":"Den gamla vinterv\u00e4gen&#8230;."},"content":{"rendered":"<p>&#8230;.l\u00e4ngs Tar\u00e5n mellan R\u00f6\u00e5n och Lillterrsj\u00f6 \u00e4r nu framtagen. Ett r\u00f6jarlag, bekostat av Lasele FVO, har slutligen genomf\u00f6rt detta.<\/p>\n<p><strong>ADVENTSMORGON VID TAR\u00c5N:<\/strong><\/p>\n<p>text och musik: Rickard Sj\u00f6din<\/p>\n<div id=\"attachment_1787\" style=\"width: 450px\" class=\"wp-caption alignnone\"><img loading=\"lazy\" decoding=\"async\" aria-describedby=\"caption-attachment-1787\" class=\"size-medium wp-image-1787\" title=\"Adventsmorgon vid Tar\u00e5n\" src=\"http:\/\/roan.junselebyar.se\/nyheter\/wp-content\/uploads\/2014\/12\/Adventsmorgon-vid-Tar\u00e5nliten1-440x283.jpg\" alt=\"Adventsmorgon vid Tar\u00e5n\" width=\"440\" height=\"283\" \/><p id=\"caption-attachment-1787\" class=\"wp-caption-text\">Adventsmorgon vid Tar\u00e5n<\/p><\/div>\n<p>\u00a0Detta skrev Rickard \u00e5r 1960.\u00a0Han for tidigt om morgnarna f\u00f6r att med h\u00e4st k\u00f6ra timmer.S\u00e4rskilt en morgon var underbart vacker med m\u00e5nsken, som glittrade i rimfrostiga tr\u00e4d.<\/p>\n<p>2. Kung Bore har klarat bestyren, s\u00e5 kala st\u00e5r bj\u00f6rkar och r\u00f6nn.<\/p>\n<p>Och k\u00e4llorna nere vid myren nu sova sin vintriga s\u00f6mn.<\/p>\n<p>D\u00e4r sl\u00e4ndan i sommarens gr\u00f6nska s\u00e5gs fladdra bland blommor och starr,\u00a0<\/p>\n<p>Nu\u00a0f\u00e5gels\u00e5ng fallit till gl\u00f6mska, har vikit f\u00f6r medarnas knarr.<\/p>\n<p>\u00a0<\/p>\n<p>3.N\u00e4r rimfrosten isarna t\u00e4cker, s\u00e5 lyssnande stilla st\u00e5r skyn,<\/p>\n<p>N\u00e4r k\u00f6lden i grenarna kn\u00e4pper och dovt ljuder hundskall fr\u00e5n byn,<\/p>\n<p>Men tryggt sover haren i riken, som skyddas i storskogens famn,<\/p>\n<p>Och m\u00e5nen str\u00f6r silver i viken, den livets tragik gett sin namn.<\/p>\n<p>\u00a0\u00a0\u00a0<em>\u00a0\u00a0 (Detta syftar p\u00e5 Fridaviken, som fick namn efter den kvinna, som i sin olycka tog sin tre\u00e5riga dotter med sig ned i vattnet i denna vik)<\/em><\/p>\n<p>\u00a0<\/p>\n<p><strong>4. Ja, Dig Adventstid vill jag prisa, vars f\u00e4gring best\u00e5r alla \u00e5r.<\/strong><\/p>\n<p><strong>Dock n\u00e4mna jag vill i min visa, att m\u00e4nniskans liv fort f\u00f6rg\u00e5r.<\/strong><\/p>\n<p><strong>I vemod jag stannar f\u00f6rl\u00e4gen. Min varelse likna jag kan<\/strong><\/p>\n<p><strong>Vid ladan som st\u00e5tt h\u00e4r vid v\u00e4gen. Den multnade ner och f\u00f6rsvann<\/strong><\/p>\n<p>Underbar dikt nu i Advent och jag tror att Rickar Sj\u00f6din skulle glatt sig \u00e5t\/gl\u00e4der sig \u00e5t i sin himmel\/ att denna v\u00e4g nu r\u00e4ddats fr\u00e5n utpl\u00e5nig. De delstr\u00e4ckor, som vuxit igen, markberetts, planterats fyllts med avverkningssly m.m.\u00a0\u00e4r nu framtagna. F\u00f6r en ov\u00e4rderlig hj\u00e4lp med detta tackar Lasele FVO Magnus Nilsson Tarasj\u00f6berg, som\u00a0osj\u00e4lviskt st\u00e4llt upp men lokalk\u00e4nnedom, utmarkeringar och hj\u00e4lp \u00e5t\u00a0r\u00f6jarpojkarna fr\u00e5n Moflo.<\/p>\n<div id=\"attachment_1797\" style=\"width: 450px\" class=\"wp-caption alignnone\"><img loading=\"lazy\" decoding=\"async\" aria-describedby=\"caption-attachment-1797\" class=\"size-medium wp-image-1797\" title=\"Tar\u00e5n\" src=\"http:\/\/roan.junselebyar.se\/nyheter\/wp-content\/uploads\/2014\/12\/Tar\u00e5nbild-440x313.jpg\" alt=\"Tar\u00e5n\" width=\"440\" height=\"313\" srcset=\"https:\/\/roan.junselebyar.se\/nyheter\/wp-content\/uploads\/2014\/12\/Tar\u00e5nbild-440x313.jpg 440w, https:\/\/roan.junselebyar.se\/nyheter\/wp-content\/uploads\/2014\/12\/Tar\u00e5nbild.jpg 576w\" sizes=\"auto, (max-width: 440px) 100vw, 440px\" \/><p id=\"caption-attachment-1797\" class=\"wp-caption-text\">Tar\u00e5n<\/p><\/div>\n<p>Nu \u00e5terst\u00e5r\u00a0bron \u00f6ver Bodb\u00e4cken och litet markarbete. Det fixar vi. Fr\u00e5gan \u00e4r inte om utan n\u00e4r och hur.<\/p>\n<p>Stort Tack Magnus!!!!!!!!<\/p>\n<p>Vill Du l\u00e4sa mer om Tar\u00e5n:<\/p>\n<p><a href=\"http:\/\/roan.junselebyar.se\/?p=1475\">http:\/\/roan.junselebyar.se\/?p=1475<\/a><\/p>\n<p><a href=\"http:\/\/roan.junselebyar.se\/?p=1459\">http:\/\/roan.junselebyar.se\/?p=1459<\/a><\/p>\n<p>\/Tarabrita<\/p>\n","protected":false},"excerpt":{"rendered":"<p>&#8230;.l\u00e4ngs Tar\u00e5n mellan R\u00f6\u00e5n och Lillterrsj\u00f6 \u00e4r nu framtagen. Ett r\u00f6jarlag, bekostat av Lasele FVO, har slutligen genomf\u00f6rt detta. ADVENTSMORGON VID TAR\u00c5N: text och musik: Rickard Sj\u00f6din \u00a0Detta skrev Rickard \u00e5r 1960.\u00a0Han for tidigt om morgnarna f\u00f6r att med h\u00e4st k\u00f6ra timmer.S\u00e4rskilt en morgon var underbart vacker med m\u00e5nsken, som glittrade i rimfrostiga tr\u00e4d. 2. [&hellip;]<\/p>\n","protected":false},"author":2,"featured_media":0,"comment_status":"open","ping_status":"open","sticky":false,"template":"","format":"standard","meta":{"footnotes":""},"categories":[3],"tags":[],"class_list":["post-1785","post","type-post","status-publish","format-standard","hentry","category-allmant"],"_links":{"self":[{"href":"https:\/\/roan.junselebyar.se\/index.php?rest_route=\/wp\/v2\/posts\/1785","targetHints":{"allow":["GET"]}}],"collection":[{"href":"https:\/\/roan.junselebyar.se\/index.php?rest_route=\/wp\/v2\/posts"}],"about":[{"href":"https:\/\/roan.junselebyar.se\/index.php?rest_route=\/wp\/v2\/types\/post"}],"author":[{"embeddable":true,"href":"https:\/\/roan.junselebyar.se\/index.php?rest_route=\/wp\/v2\/users\/2"}],"replies":[{"embeddable":true,"href":"https:\/\/roan.junselebyar.se\/index.php?rest_route=%2Fwp%2Fv2%2Fcomments&post=1785"}],"version-history":[{"count":16,"href":"https:\/\/roan.junselebyar.se\/index.php?rest_route=\/wp\/v2\/posts\/1785\/revisions"}],"predecessor-version":[{"id":1800,"href":"https:\/\/roan.junselebyar.se\/index.php?rest_route=\/wp\/v2\/posts\/1785\/revisions\/1800"}],"wp:attachment":[{"href":"https:\/\/roan.junselebyar.se\/index.php?rest_route=%2Fwp%2Fv2%2Fmedia&parent=1785"}],"wp:term":[{"taxonomy":"category","embeddable":true,"href":"https:\/\/roan.junselebyar.se\/index.php?rest_route=%2Fwp%2Fv2%2Fcategories&post=1785"},{"taxonomy":"post_tag","embeddable":true,"href":"https:\/\/roan.junselebyar.se\/index.php?rest_route=%2Fwp%2Fv2%2Ftags&post=1785"}],"curies":[{"name":"wp","href":"https:\/\/api.w.org\/{rel}","templated":true}]}}