{"id":1805,"date":"2014-12-21T17:25:46","date_gmt":"2014-12-21T16:25:46","guid":{"rendered":"http:\/\/roan.junselebyar.se\/?p=1805"},"modified":"2014-12-21T17:25:46","modified_gmt":"2014-12-21T16:25:46","slug":"den-kortaste-dagen","status":"publish","type":"post","link":"https:\/\/roan.junselebyar.se\/?p=1805","title":{"rendered":"Den kortaste dagen"},"content":{"rendered":"<div id=\"attachment_1806\" style=\"width: 450px\" class=\"wp-caption alignnone\"><img loading=\"lazy\" decoding=\"async\" aria-describedby=\"caption-attachment-1806\" class=\"size-medium wp-image-1806\" title=\"Den kortaste dagen\" src=\"http:\/\/roan.junselebyar.se\/nyheter\/wp-content\/uploads\/2014\/12\/denkortastedagen-440x180.jpg\" alt=\"Den kortaste dagen\" width=\"440\" height=\"180\" \/><p id=\"caption-attachment-1806\" class=\"wp-caption-text\">Den kortaste dagen<\/p><\/div>\n<p>I dag \u00e4r den kortaste dagen. \u00a0Nu v\u00e4nder det. Det var v\u00e4l inte s\u00e5 jobbigt?<\/p>\n<pre><strong>Den m\u00e4tta dagen, den \u00e4r aldrig st\u00f6rst.\r\nDen b\u00e4sta dagen \u00e4r en dag av t\u00f6rst.\r\n\r\nNog finns det m\u00e5l och mening i v\u00e5r f\u00e4rd -\r\nmen det \u00e4r v\u00e4gen, som \u00e4r m\u00f6dan v\u00e4rd.\r\n\r\nDet b\u00e4sta m\u00e5let \u00e4r en nattl\u00e5ng rast,\r\nd\u00e4r elden t\u00e4nds och br\u00f6det bryts i hast.\r\n\r\nP\u00e5 st\u00e4llen, d\u00e4r man sover blott en g\u00e5ng,\r\nblir s\u00f6mnen trygg och dr\u00f6mmen full av s\u00e5ng.\r\n\r\nBryt upp, bryt upp! Den nya dagen gryr.\r\nO\u00e4ndligt \u00e4r v\u00e5rt stora \u00e4ventyr.  <\/strong><em>\r\n<strong>             (I R\u00f6relse, Karin Boye)<\/strong>\r\n <\/em><\/pre>\n<pre class=\"mceTemp\"><dl id=\"attachment_1807\" class=\"wp-caption alignnone\" style=\"width: 450px;\"><dt class=\"wp-caption-dt\"><img loading=\"lazy\" decoding=\"async\" class=\"size-medium wp-image-1807\" title=\"Solen bak berget \" src=\"http:\/\/roan.junselebyar.se\/nyheter\/wp-content\/uploads\/2014\/12\/denkortastedagen1-440x353.jpg\" alt=\"Solen bak berget \" width=\"440\" height=\"353\" srcset=\"https:\/\/roan.junselebyar.se\/nyheter\/wp-content\/uploads\/2014\/12\/denkortastedagen1-440x353.jpg 440w, https:\/\/roan.junselebyar.se\/nyheter\/wp-content\/uploads\/2014\/12\/denkortastedagen1.jpg 1860w\" sizes=\"auto, (max-width: 440px) 100vw, 440px\" \/><\/dt><dd class=\"wp-caption-dd\">Solen bak berget <\/dd><\/dl><\/pre>\n<p>\u00a0Och solen mitt p\u00e5 dagen bak berget k\u00e4mpar f\u00f6r att lysa upp landskapet.<\/p>\n<p>Det gick &#8220;s\u00e5 d\u00e4r&#8221;, kan man s\u00e4ga. Men nu blir det bara ljusare.<\/p>\n<p>\/Tarabrita<\/p>\n","protected":false},"excerpt":{"rendered":"<p>I dag \u00e4r den kortaste dagen. \u00a0Nu v\u00e4nder det. Det var v\u00e4l inte s\u00e5 jobbigt? Den m\u00e4tta dagen, den \u00e4r aldrig st\u00f6rst. Den b\u00e4sta dagen \u00e4r en dag av t\u00f6rst. Nog finns det m\u00e5l och mening i v\u00e5r f\u00e4rd &#8211; men det \u00e4r v\u00e4gen, som \u00e4r m\u00f6dan v\u00e4rd. Det b\u00e4sta m\u00e5let \u00e4r en nattl\u00e5ng rast, [&hellip;]<\/p>\n","protected":false},"author":2,"featured_media":0,"comment_status":"open","ping_status":"open","sticky":false,"template":"","format":"standard","meta":{"footnotes":""},"categories":[3],"tags":[],"class_list":["post-1805","post","type-post","status-publish","format-standard","hentry","category-allmant"],"_links":{"self":[{"href":"https:\/\/roan.junselebyar.se\/index.php?rest_route=\/wp\/v2\/posts\/1805","targetHints":{"allow":["GET"]}}],"collection":[{"href":"https:\/\/roan.junselebyar.se\/index.php?rest_route=\/wp\/v2\/posts"}],"about":[{"href":"https:\/\/roan.junselebyar.se\/index.php?rest_route=\/wp\/v2\/types\/post"}],"author":[{"embeddable":true,"href":"https:\/\/roan.junselebyar.se\/index.php?rest_route=\/wp\/v2\/users\/2"}],"replies":[{"embeddable":true,"href":"https:\/\/roan.junselebyar.se\/index.php?rest_route=%2Fwp%2Fv2%2Fcomments&post=1805"}],"version-history":[{"count":7,"href":"https:\/\/roan.junselebyar.se\/index.php?rest_route=\/wp\/v2\/posts\/1805\/revisions"}],"predecessor-version":[{"id":1814,"href":"https:\/\/roan.junselebyar.se\/index.php?rest_route=\/wp\/v2\/posts\/1805\/revisions\/1814"}],"wp:attachment":[{"href":"https:\/\/roan.junselebyar.se\/index.php?rest_route=%2Fwp%2Fv2%2Fmedia&parent=1805"}],"wp:term":[{"taxonomy":"category","embeddable":true,"href":"https:\/\/roan.junselebyar.se\/index.php?rest_route=%2Fwp%2Fv2%2Fcategories&post=1805"},{"taxonomy":"post_tag","embeddable":true,"href":"https:\/\/roan.junselebyar.se\/index.php?rest_route=%2Fwp%2Fv2%2Ftags&post=1805"}],"curies":[{"name":"wp","href":"https:\/\/api.w.org\/{rel}","templated":true}]}}