{"id":1815,"date":"2014-12-23T17:54:52","date_gmt":"2014-12-23T16:54:52","guid":{"rendered":"http:\/\/roan.junselebyar.se\/?p=1815"},"modified":"2014-12-23T18:03:08","modified_gmt":"2014-12-23T17:03:08","slug":"god-jul-2","status":"publish","type":"post","link":"https:\/\/roan.junselebyar.se\/?p=1815","title":{"rendered":"God Jul!"},"content":{"rendered":"<h3 class=\"mceTemp\">\n<dl id=\"attachment_1816\" class=\"wp-caption alignnone\" style=\"width: 450px;\">\n<dt class=\"wp-caption-dt\"><img loading=\"lazy\" decoding=\"async\" class=\"size-medium wp-image-1816\" title=\"Fullm\u00e5nen som toppstj\u00e4rna\" src=\"http:\/\/roan.junselebyar.se\/nyheter\/wp-content\/uploads\/2014\/12\/maneovergran1-440x586.jpg\" alt=\"Fullm\u00e5nen som toppstj\u00e4rna\" width=\"440\" height=\"586\" srcset=\"https:\/\/roan.junselebyar.se\/nyheter\/wp-content\/uploads\/2014\/12\/maneovergran1-440x586.jpg 440w, https:\/\/roan.junselebyar.se\/nyheter\/wp-content\/uploads\/2014\/12\/maneovergran1.jpg 960w\" sizes=\"auto, (max-width: 440px) 100vw, 440px\" \/><\/p>\n<\/dt>\n<dd class=\"wp-caption-dd\">Fullm\u00e5nen som toppstj\u00e4rna<\/p>\n<\/dd>\n<\/dl>\n<p>&#8220;Ack, l\u00e5t oss beh\u00e5lla v\u00e5r julgran&#8221;<\/h3>\n<p>I skogen g\u00e5r yxan. Dess giriga st\u00e5l<br \/>\nSk\u00e4r j\u00e4ttarne djupt genom m\u00e4rgen.<br \/>\nDen rike ibland &#8211; mer \u00e4n bygden det t\u00e5l &#8211;<br \/>\nS\u00e5 dalarne sk\u00f6flar som bergen.<br \/>\nMan blundar f\u00f6r det. Men om en g\u00e5ng hvart \u00e5r<br \/>\nDen fattige gl\u00e4ds vid en julgran &#8211; d\u00e5 st\u00e5r<br \/>\n\u00a0\u00a0\u00a0\u00a0\u00a0P\u00e5 spel genast skogarnes v\u00e4lf\u00e4rd&#8230;<\/p>\n<p>I sammet och siden, i purpur och guld<br \/>\nMan pryder de stolta gemaken.<br \/>\nHvad mer, om vid lyxen ibland l\u00e5der skuld -?<br \/>\nDess mera \u00bbpikant\u00bb blir ju smaken&#8230;<br \/>\nMen vi, som ej alls \u00e4&#8217; \u00bbpikanta\u00bb, vi sm\u00e5,<br \/>\nSom n\u00f6jas med litet &#8211; ack, l\u00e5t oss \u00e4nd\u00e5<br \/>\n\u00a0\u00a0\u00a0\u00a0\u00a0F\u00e5 pryda v\u00e5r fattiga julgran!&#8230;<\/p>\n<table border=\"1\" cellpadding=\"0\" align=\"right\">\n<tbody>\n<tr>\n<td><a href=\"http:\/\/runeberg.org\/elmblad\/0056.html\">56<\/a><\/td>\n<\/tr>\n<\/tbody>\n<\/table>\n<p>Se, vaxljusen t\u00e4ndas i borgar och slott<br \/>\nS\u00e5 praktfullt, men \u00e4ngsligt tillika.<br \/>\nVi l\u00e4ngta ej dit; ty vi l\u00e4nge f\u00f6rst\u00e5tt,<br \/>\nAtt sorgen trifs b\u00e4st bland de rika.<br \/>\nL\u00e5t dem f\u00e5 beh\u00e5lla sitt villande sken;<br \/>\nMen vi, som \u00e4&#8217; glada &#8211; l\u00e5t oss hvar och en<br \/>\n\u00a0\u00a0\u00a0\u00a0\u00a0F\u00e5 t\u00e4nda v\u00e5r fattiga julgran!&#8230;<\/p>\n<p>Raketer och bomber vi kunna ej med &#8211;<br \/>\nDet m\u00e5tte v\u00e4l ingen f\u00f6rundra.<br \/>\nL\u00e5t \u00bbhjelten\u00bb med sv\u00e4rd eller penna sl\u00e5 ned,<br \/>\nF\u00f6rtrampa och h\u00e5na och plundra,<br \/>\nHvad sk\u00f6nast, i lif som i s\u00e5ng, mot oss log &#8211;<br \/>\nDet v\u00e4xer nog \u00e5ter; och oss \u00e4r det nog,<br \/>\n\u00a0\u00a0\u00a0\u00a0\u00a0Att plundra v\u00e5r fattiga julgran!&#8230;<\/p>\n<p>S\u00e5 l\u00e5t henne tindra i gr\u00f6nska och ljus,<br \/>\nL\u00e5t vildmarkens nordanfl\u00e4kt dofta&#8230;<br \/>\nL\u00e5t stjernorna le \u00f6fver grafvar och grus,<br \/>\nSom qv\u00e4lja oss, ack! alltf\u00f6r ofta&#8230;<br \/>\nF\u00f6rst\u00f6r ej v\u00e5r villa &#8211; om villa det \u00e4r &#8211;<br \/>\nHon \u00e4r v\u00e5ra hjertan s\u00e5 innerligt k\u00e4r:<br \/>\n\u00a0\u00a0\u00a0\u00a0\u00a0Ack, l\u00e5t oss beh\u00e5lla v\u00e5r julgran!&#8230;<\/p>\n<table border=\"1\" cellpadding=\"0\" align=\"right\">\n<tbody>\n<tr>\n<td><a href=\"http:\/\/runeberg.org\/elmblad\/0056.html\">56<\/a><\/td>\n<\/tr>\n<\/tbody>\n<\/table>\n<p>(<strong>Elmblad, Magnus (1848-1888)<\/strong>, poet, journalist, Sweden, USA.<\/p>\n<p>\/Tarabrita<\/p>\n","protected":false},"excerpt":{"rendered":"<p>Fullm\u00e5nen som toppstj\u00e4rna &#8220;Ack, l\u00e5t oss beh\u00e5lla v\u00e5r julgran&#8221; I skogen g\u00e5r yxan. Dess giriga st\u00e5l Sk\u00e4r j\u00e4ttarne djupt genom m\u00e4rgen. Den rike ibland &#8211; mer \u00e4n bygden det t\u00e5l &#8211; S\u00e5 dalarne sk\u00f6flar som bergen. Man blundar f\u00f6r det. Men om en g\u00e5ng hvart \u00e5r Den fattige gl\u00e4ds vid en julgran &#8211; d\u00e5 st\u00e5r [&hellip;]<\/p>\n","protected":false},"author":2,"featured_media":0,"comment_status":"open","ping_status":"open","sticky":false,"template":"","format":"standard","meta":{"footnotes":""},"categories":[3],"tags":[],"class_list":["post-1815","post","type-post","status-publish","format-standard","hentry","category-allmant"],"_links":{"self":[{"href":"https:\/\/roan.junselebyar.se\/index.php?rest_route=\/wp\/v2\/posts\/1815","targetHints":{"allow":["GET"]}}],"collection":[{"href":"https:\/\/roan.junselebyar.se\/index.php?rest_route=\/wp\/v2\/posts"}],"about":[{"href":"https:\/\/roan.junselebyar.se\/index.php?rest_route=\/wp\/v2\/types\/post"}],"author":[{"embeddable":true,"href":"https:\/\/roan.junselebyar.se\/index.php?rest_route=\/wp\/v2\/users\/2"}],"replies":[{"embeddable":true,"href":"https:\/\/roan.junselebyar.se\/index.php?rest_route=%2Fwp%2Fv2%2Fcomments&post=1815"}],"version-history":[{"count":5,"href":"https:\/\/roan.junselebyar.se\/index.php?rest_route=\/wp\/v2\/posts\/1815\/revisions"}],"predecessor-version":[{"id":1820,"href":"https:\/\/roan.junselebyar.se\/index.php?rest_route=\/wp\/v2\/posts\/1815\/revisions\/1820"}],"wp:attachment":[{"href":"https:\/\/roan.junselebyar.se\/index.php?rest_route=%2Fwp%2Fv2%2Fmedia&parent=1815"}],"wp:term":[{"taxonomy":"category","embeddable":true,"href":"https:\/\/roan.junselebyar.se\/index.php?rest_route=%2Fwp%2Fv2%2Fcategories&post=1815"},{"taxonomy":"post_tag","embeddable":true,"href":"https:\/\/roan.junselebyar.se\/index.php?rest_route=%2Fwp%2Fv2%2Ftags&post=1815"}],"curies":[{"name":"wp","href":"https:\/\/api.w.org\/{rel}","templated":true}]}}