{"id":1822,"date":"2015-01-07T23:23:47","date_gmt":"2015-01-07T22:23:47","guid":{"rendered":"http:\/\/roan.junselebyar.se\/?p=1822"},"modified":"2015-01-07T23:33:51","modified_gmt":"2015-01-07T22:33:51","slug":"kallan-igen","status":"publish","type":"post","link":"https:\/\/roan.junselebyar.se\/?p=1822","title":{"rendered":"K\u00e4llan igen&#8230;."},"content":{"rendered":"<div id=\"attachment_1823\" style=\"width: 450px\" class=\"wp-caption alignnone\"><img loading=\"lazy\" decoding=\"async\" aria-describedby=\"caption-attachment-1823\" class=\"size-medium wp-image-1823\" title=\"Kallk\u00e4llan\" src=\"http:\/\/roan.junselebyar.se\/nyheter\/wp-content\/uploads\/2015\/01\/kallan1-440x218.jpg\" alt=\"Kallk\u00e4llan\" width=\"440\" height=\"218\" \/><p id=\"caption-attachment-1823\" class=\"wp-caption-text\">Kallk\u00e4llan<\/p><\/div>\n<p>God Forts\u00e4ttning!<\/p>\n<p>En kort tid efter att <a href=\"http:\/\/roan.junselebyar.se\/?p=1707\" target=\"_blank\">f\u00f6rra inl\u00e4gget <\/a>om byns kallk\u00e4lla lagts ut p\u00e5 hemsidan fick vi veta att det f\u00f6rbereds f\u00f6r en avverkning i k\u00e4llomr\u00e5det, vilket f\u00f6ranleder en kort historik.\u00a0 K\u00e4llorna finns p\u00e5 Tara 1:11. Detta omr\u00e5de tillh\u00f6rde ursprungligen &#8220;Abbeg\u00e5rden\u00a0&#8220;.\u00a0 Efter Sture Tarander \u00e4gdes omr\u00e5det av Linnea och Sten Larsson (1992-1995) Ny \u00e4gare 1995 blev Erik Peter Zetterstr\u00f6m, som 7\/10 2008 s\u00e5lde till G\u00f6ran Sven Jans\u00e9n, som 1\/12 2011 s\u00e5lde till nuvarande \u00e4gare Per Erik Magnus Gunnervall, bosatt i Schweitz.<\/p>\n<p>Det \u00e4r s\u00e5ledes inte n\u00e5gon av oss bybor som \u00e4ger sj\u00e4lva marken, d\u00e4r k\u00e4llorna finns. Jerker Sj\u00f6din skriver i sin R\u00f6\u00e5bok:<\/p>\n<p>\u00a0<\/p>\n<p>\u201dDen f\u00f6rste som slog sig ned p\u00e5 denna vackra plats f\u00f6r att bryta upp och bruka jorden ska enligt legenden ha varit en man som hette Krell. En gl\u00e4nta p\u00e5 <strong>Fl\u00f6jet i n\u00e4rheten av byns<\/strong> <strong>kallk\u00e4lla,<\/strong> kallas alltj\u00e4mt f\u00f6r \u201dKrell\u00e5kern\u201d. Numera \u00e4r den platsen ingen \u00e5ker utan bevuxen av \u00e5tskilliga st\u00e5tliga furor.\u201d(Jerker Sj\u00f6din)<\/p>\n<div id=\"attachment_1824\" style=\"width: 370px\" class=\"wp-caption alignnone\"><img loading=\"lazy\" decoding=\"async\" aria-describedby=\"caption-attachment-1824\" class=\"size-full wp-image-1824\" title=\"Krel\u00e5kern\" src=\"http:\/\/roan.junselebyar.se\/nyheter\/wp-content\/uploads\/2015\/01\/kallakrel2.jpg\" alt=\"Krel\u00e5kern\" width=\"360\" height=\"576\" \/><p id=\"caption-attachment-1824\" class=\"wp-caption-text\">Krel\u00e5kern<\/p><\/div>\n<p>Dom st\u00e5tliga furorna, som Jerker skriver om, avverkades under Zetterstr\u00f6ms tid(2001-2002)? N\u00e4r denna avverkning\u00a0anm\u00e4ldes fanns ingen k\u00e4nnedom om k\u00e4llomr\u00e5det hos\u00a0\u00e4garen (Zetterstr\u00f6m), skogsv\u00e5rdsstyrelsen, Holmen, som\u00a0skulle avverka eller kommunen. Ett f\u00e4ltbes\u00f6k med repr. f\u00f6r alla dessa f\u00f6retogs efter ett visst st\u00e5hej fr\u00e5n och med\u00a0undertecknad 25\/3 1999. Slutresultatet blev s\u00e5 vitt kan bed\u00f6mmas riktigt bra. Ordentligt tilltagna skyddszoner l\u00e4mnades och allt var frid och fr\u00f6jd.\u00a0<\/p>\n<p>Och s\u00e5 n\u00e5s vi nu&#8230;.strax f\u00f6re jul&#8230; av nyheten att nu skall de kvarl\u00e4mnade omr\u00e5dena avverkas av mark\u00e4garen och SCA, Jaha,&#8230;.\u00a0k\u00e4nde SCA till k\u00e4llan d\u00e5? Svar: Nehej. \u00c4nd\u00e5 finns den inprickad hos kommunens Samh\u00e4llsbyggnadsn\u00e4mnd sedan 2009.\u00a0 Skogsstyrelsen hade den inte heller (Nu finns den d\u00e4r).<\/p>\n<p>Det \u00e5terst\u00e5r nu att se hur detta blir. Enligt SCAs egna anvisningar\u00a0f\u00f6r avverkningar s\u00e5\u00a0m\u00e5ste utmarkeringar ske p\u00e5 barmark s\u00e5 detta m\u00e5ste v\u00e4l anst\u00e5 till sommaren. Den man, som f\u00f6r SCAs r\u00e4kning, i december skulle markera ut de fyra avverkningsomr\u00e5dena ville inte ta ansvar f\u00f6r detta, n\u00e4r han p\u00e5 plats hade sett hur det f\u00f6rh\u00f6ll sig med k\u00e4llor och brunnar och surdr\u00e5g och liten ravin m.m.<\/p>\n<p>Det \u00e4r oerh\u00f6rt viktigt att alla, som har k\u00e4llor och privata vattent\u00e4kter, rapporterar in detta till ber\u00f6rda myndigheter. Det \u00e4r inte endast milj\u00f6farliga avverkningar, som kan skada\/f\u00f6rst\u00f6ra vattent\u00e4kter och k\u00e4llor. \u00c4ven skogsg\u00f6dsling kan medf\u00f6ra f\u00f6rst\u00f6rt vatten. Det \u00e5ligger g\u00f6dslande skogsbolag att annonsera f\u00f6rest\u00e5ende g\u00f6dslingar i tidning men det gl\u00f6mmer dom i bland och det \u00e4r ju s\u00e5 klart \u00e4nd\u00e5 f\u00f6rbjudet att g\u00f6dsla i n\u00e4rhet och \u00f6ver k\u00e4llor och vattnt\u00e4kter. Skicka in uppgifter p\u00e5 k\u00e4llor och privata vattent\u00e4kter till Samh\u00e4llsbyggnadskontoret och Skogsstyrelsen!!!! Nu f\u00f6r tiden \u00e4r det inte bara byborna, som \u00e4ger skogarna. Det \u00e4r skogsbolag och privatpersoner utifr\u00e5n, som k\u00f6per och s\u00e4ljer skog i spekulationssyfte. Och det har dom ju r\u00e4tt att g\u00f6ra, men dom skall absolut iakttaga milj\u00f6h\u00e4nsyn\u00a0\u00e4ven om k\u00e4llorna och t\u00e4kterna finns p\u00e5 deras mark.<\/p>\n<p>\/Tarabrita<\/p>\n","protected":false},"excerpt":{"rendered":"<p>God Forts\u00e4ttning! En kort tid efter att f\u00f6rra inl\u00e4gget om byns kallk\u00e4lla lagts ut p\u00e5 hemsidan fick vi veta att det f\u00f6rbereds f\u00f6r en avverkning i k\u00e4llomr\u00e5det, vilket f\u00f6ranleder en kort historik.\u00a0 K\u00e4llorna finns p\u00e5 Tara 1:11. Detta omr\u00e5de tillh\u00f6rde ursprungligen &#8220;Abbeg\u00e5rden\u00a0&#8220;.\u00a0 Efter Sture Tarander \u00e4gdes omr\u00e5det av Linnea och Sten Larsson (1992-1995) Ny \u00e4gare [&hellip;]<\/p>\n","protected":false},"author":2,"featured_media":0,"comment_status":"open","ping_status":"open","sticky":false,"template":"","format":"standard","meta":{"footnotes":""},"categories":[3],"tags":[],"class_list":["post-1822","post","type-post","status-publish","format-standard","hentry","category-allmant"],"_links":{"self":[{"href":"https:\/\/roan.junselebyar.se\/index.php?rest_route=\/wp\/v2\/posts\/1822","targetHints":{"allow":["GET"]}}],"collection":[{"href":"https:\/\/roan.junselebyar.se\/index.php?rest_route=\/wp\/v2\/posts"}],"about":[{"href":"https:\/\/roan.junselebyar.se\/index.php?rest_route=\/wp\/v2\/types\/post"}],"author":[{"embeddable":true,"href":"https:\/\/roan.junselebyar.se\/index.php?rest_route=\/wp\/v2\/users\/2"}],"replies":[{"embeddable":true,"href":"https:\/\/roan.junselebyar.se\/index.php?rest_route=%2Fwp%2Fv2%2Fcomments&post=1822"}],"version-history":[{"count":8,"href":"https:\/\/roan.junselebyar.se\/index.php?rest_route=\/wp\/v2\/posts\/1822\/revisions"}],"predecessor-version":[{"id":1827,"href":"https:\/\/roan.junselebyar.se\/index.php?rest_route=\/wp\/v2\/posts\/1822\/revisions\/1827"}],"wp:attachment":[{"href":"https:\/\/roan.junselebyar.se\/index.php?rest_route=%2Fwp%2Fv2%2Fmedia&parent=1822"}],"wp:term":[{"taxonomy":"category","embeddable":true,"href":"https:\/\/roan.junselebyar.se\/index.php?rest_route=%2Fwp%2Fv2%2Fcategories&post=1822"},{"taxonomy":"post_tag","embeddable":true,"href":"https:\/\/roan.junselebyar.se\/index.php?rest_route=%2Fwp%2Fv2%2Ftags&post=1822"}],"curies":[{"name":"wp","href":"https:\/\/api.w.org\/{rel}","templated":true}]}}