{"id":1846,"date":"2015-01-11T13:18:58","date_gmt":"2015-01-11T12:18:58","guid":{"rendered":"http:\/\/roan.junselebyar.se\/?p=1846"},"modified":"2015-01-12T18:26:11","modified_gmt":"2015-01-12T17:26:11","slug":"solidaritet-och-miljoomsorg","status":"publish","type":"post","link":"https:\/\/roan.junselebyar.se\/?p=1846","title":{"rendered":"Solidaritet och milj\u00f6omsorg"},"content":{"rendered":"<div id=\"attachment_1851\" style=\"width: 433px\" class=\"wp-caption alignnone\"><img loading=\"lazy\" decoding=\"async\" aria-describedby=\"caption-attachment-1851\" class=\"size-full wp-image-1851\" title=\"Bild Anita Berg, vindkraftdrabbad i Lungsj\u00f6n\" src=\"http:\/\/roan.junselebyar.se\/nyheter\/wp-content\/uploads\/2015\/01\/bild1.jpg\" alt=\"Bild Anita Berg, vindkraftdrabbad i Lungsj\u00f6n\" width=\"423\" height=\"600\" \/><p id=\"caption-attachment-1851\" class=\"wp-caption-text\">Bild Anita Berg, vindkraftdrabbad i Lungsj\u00f6n<\/p><\/div>\n<p><strong>Vindkraftexploateringen i Sollefte\u00e5 kommun saknar motstycke i Sverige.<\/strong><\/p>\n<p>Vi f\u00f6rfasar oss \u00f6ver <a href=\"http:\/\/roan.junselebyar.se\/?p=1780\" target=\"_blank\">\u201dlandgrabbing\u201d<\/a>i andra v\u00e4rldsdelar men accepterar samtidigt att vindindustrin exploaterar norrland p\u00e5 i princip sammas s\u00e4tt.<\/p>\n<p><strong>\u00a0<\/strong><strong>L\u00f6rdag 14\/2 12.00 startar en demonstration mot detta vid systembolaget i Ramsele<\/strong><\/p>\n<p>Efter demonstrationen vidtar ett m\u00f6te p\u00e5 Faxen. D\u00e4r kommer vi att informeras om aktuella vindkraftsprojekt i kommunen och om hur m\u00e4nniskor, natur och djur p\u00e5verkas av detta. M\u00e4nniskor, som p\u00e5 olika s\u00e4tt drabbats av vindkraftens f\u00f6ljder, medverkar och delar med sig av sina erfarenheter.<\/p>\n<p>\u00a0<\/p>\n<p>N\u00e4r v\u00e5r vackra R\u00f6\u00e5, vid tv\u00e5 tillf\u00e4llen hotades av utbyggnad, fick kampen mot detta v\u00e4ldigt stort st\u00f6d fr\u00e5n grannbyar. Nu \u00e4r det dom, som hotas av milj\u00f6farlig verksamhet och d\u00e5 kanske det \u00e4r vi, som skall st\u00e4lla upp och ge dom v\u00e5rt st\u00f6d samtidigt som vi d\u00e5 tar parti f\u00f6r milj\u00f6n.<\/p>\n<p>Detta kan vi g\u00f6ra bl.a. genom att\u00a0demonstrera i Ramsele 14\/2.<\/p>\n<p>\u00a0<\/p>\n<p>\/Tarabrita<strong><\/strong><\/p>\n","protected":false},"excerpt":{"rendered":"<p>Vindkraftexploateringen i Sollefte\u00e5 kommun saknar motstycke i Sverige. Vi f\u00f6rfasar oss \u00f6ver \u201dlandgrabbing\u201di andra v\u00e4rldsdelar men accepterar samtidigt att vindindustrin exploaterar norrland p\u00e5 i princip sammas s\u00e4tt. \u00a0L\u00f6rdag 14\/2 12.00 startar en demonstration mot detta vid systembolaget i Ramsele Efter demonstrationen vidtar ett m\u00f6te p\u00e5 Faxen. D\u00e4r kommer vi att informeras om aktuella vindkraftsprojekt i [&hellip;]<\/p>\n","protected":false},"author":2,"featured_media":0,"comment_status":"open","ping_status":"open","sticky":false,"template":"","format":"standard","meta":{"footnotes":""},"categories":[3],"tags":[],"class_list":["post-1846","post","type-post","status-publish","format-standard","hentry","category-allmant"],"_links":{"self":[{"href":"https:\/\/roan.junselebyar.se\/index.php?rest_route=\/wp\/v2\/posts\/1846","targetHints":{"allow":["GET"]}}],"collection":[{"href":"https:\/\/roan.junselebyar.se\/index.php?rest_route=\/wp\/v2\/posts"}],"about":[{"href":"https:\/\/roan.junselebyar.se\/index.php?rest_route=\/wp\/v2\/types\/post"}],"author":[{"embeddable":true,"href":"https:\/\/roan.junselebyar.se\/index.php?rest_route=\/wp\/v2\/users\/2"}],"replies":[{"embeddable":true,"href":"https:\/\/roan.junselebyar.se\/index.php?rest_route=%2Fwp%2Fv2%2Fcomments&post=1846"}],"version-history":[{"count":9,"href":"https:\/\/roan.junselebyar.se\/index.php?rest_route=\/wp\/v2\/posts\/1846\/revisions"}],"predecessor-version":[{"id":1855,"href":"https:\/\/roan.junselebyar.se\/index.php?rest_route=\/wp\/v2\/posts\/1846\/revisions\/1855"}],"wp:attachment":[{"href":"https:\/\/roan.junselebyar.se\/index.php?rest_route=%2Fwp%2Fv2%2Fmedia&parent=1846"}],"wp:term":[{"taxonomy":"category","embeddable":true,"href":"https:\/\/roan.junselebyar.se\/index.php?rest_route=%2Fwp%2Fv2%2Fcategories&post=1846"},{"taxonomy":"post_tag","embeddable":true,"href":"https:\/\/roan.junselebyar.se\/index.php?rest_route=%2Fwp%2Fv2%2Ftags&post=1846"}],"curies":[{"name":"wp","href":"https:\/\/api.w.org\/{rel}","templated":true}]}}