{"id":1872,"date":"2015-01-28T23:19:14","date_gmt":"2015-01-28T22:19:14","guid":{"rendered":"http:\/\/roan.junselebyar.se\/?p=1872"},"modified":"2015-01-28T23:19:14","modified_gmt":"2015-01-28T22:19:14","slug":"demonstrationsaffischer-rivs-ner","status":"publish","type":"post","link":"https:\/\/roan.junselebyar.se\/?p=1872","title":{"rendered":"Demonstrationsaffischer rivs ner"},"content":{"rendered":"<div id=\"attachment_1873\" style=\"width: 275px\" class=\"wp-caption alignnone\"><img loading=\"lazy\" decoding=\"async\" aria-describedby=\"caption-attachment-1873\" class=\"size-full wp-image-1873\" title=\"Demonstration\" src=\"http:\/\/roan.junselebyar.se\/nyheter\/wp-content\/uploads\/2015\/01\/Demo-vindkraft-A3-alt-2-424x600.jpg\" alt=\"Demonstration\" width=\"265\" height=\"390\" \/><p id=\"caption-attachment-1873\" class=\"wp-caption-text\">Demonstration<\/p><\/div>\n<p>Affischer, som satts upp i N\u00e4s\u00e5ker, har rivits ned. I ett fall observerades personen, som gjorde detta. Mer information\u00a0finns p\u00e5\u00a0demonstrationens Facebooksida. Man f\u00e5r inte ta bort affischer hur som helst.<\/p>\n<div id=\"attachment_1875\" style=\"width: 450px\" class=\"wp-caption alignnone\"><img loading=\"lazy\" decoding=\"async\" aria-describedby=\"caption-attachment-1875\" class=\"size-medium wp-image-1875\" title=\"Vinterv\u00e4gen l\u00e4ngs Tar\u00e5n\" src=\"http:\/\/roan.junselebyar.se\/nyheter\/wp-content\/uploads\/2015\/01\/taran1-440x628.jpg\" alt=\"Vinterv\u00e4gen l\u00e4ngs Tar\u00e5n\" width=\"440\" height=\"628\" \/><p id=\"caption-attachment-1875\" class=\"wp-caption-text\">Vinterv\u00e4gen l\u00e4ngs Tar\u00e5n<\/p><\/div>\n<p>\u00c4n har vi inga vindkraftshot direkt inp\u00e5 knuten men vi kan aldrig vara s\u00e4kra. Det kan komma. Till dess kan vi njuta av tystnaden i naturen och stj\u00e4rnhimmelen.<\/p>\n<div id=\"attachment_1876\" style=\"width: 450px\" class=\"wp-caption alignnone\"><img loading=\"lazy\" decoding=\"async\" aria-describedby=\"caption-attachment-1876\" class=\"size-medium wp-image-1876\" title=\"Storfl\u00f6je\" src=\"http:\/\/roan.junselebyar.se\/nyheter\/wp-content\/uploads\/2015\/01\/taran2-440x370.jpg\" alt=\"Storfl\u00f6je\" width=\"440\" height=\"370\" \/><p id=\"caption-attachment-1876\" class=\"wp-caption-text\">Storfl\u00f6je<\/p><\/div>\n<p>\/Tarabrita<\/p>\n","protected":false},"excerpt":{"rendered":"<p>Affischer, som satts upp i N\u00e4s\u00e5ker, har rivits ned. I ett fall observerades personen, som gjorde detta. Mer information\u00a0finns p\u00e5\u00a0demonstrationens Facebooksida. Man f\u00e5r inte ta bort affischer hur som helst. \u00c4n har vi inga vindkraftshot direkt inp\u00e5 knuten men vi kan aldrig vara s\u00e4kra. Det kan komma. Till dess kan vi njuta av tystnaden i [&hellip;]<\/p>\n","protected":false},"author":2,"featured_media":0,"comment_status":"open","ping_status":"open","sticky":false,"template":"","format":"standard","meta":{"footnotes":""},"categories":[3],"tags":[],"class_list":["post-1872","post","type-post","status-publish","format-standard","hentry","category-allmant"],"_links":{"self":[{"href":"https:\/\/roan.junselebyar.se\/index.php?rest_route=\/wp\/v2\/posts\/1872","targetHints":{"allow":["GET"]}}],"collection":[{"href":"https:\/\/roan.junselebyar.se\/index.php?rest_route=\/wp\/v2\/posts"}],"about":[{"href":"https:\/\/roan.junselebyar.se\/index.php?rest_route=\/wp\/v2\/types\/post"}],"author":[{"embeddable":true,"href":"https:\/\/roan.junselebyar.se\/index.php?rest_route=\/wp\/v2\/users\/2"}],"replies":[{"embeddable":true,"href":"https:\/\/roan.junselebyar.se\/index.php?rest_route=%2Fwp%2Fv2%2Fcomments&post=1872"}],"version-history":[{"count":4,"href":"https:\/\/roan.junselebyar.se\/index.php?rest_route=\/wp\/v2\/posts\/1872\/revisions"}],"predecessor-version":[{"id":1879,"href":"https:\/\/roan.junselebyar.se\/index.php?rest_route=\/wp\/v2\/posts\/1872\/revisions\/1879"}],"wp:attachment":[{"href":"https:\/\/roan.junselebyar.se\/index.php?rest_route=%2Fwp%2Fv2%2Fmedia&parent=1872"}],"wp:term":[{"taxonomy":"category","embeddable":true,"href":"https:\/\/roan.junselebyar.se\/index.php?rest_route=%2Fwp%2Fv2%2Fcategories&post=1872"},{"taxonomy":"post_tag","embeddable":true,"href":"https:\/\/roan.junselebyar.se\/index.php?rest_route=%2Fwp%2Fv2%2Ftags&post=1872"}],"curies":[{"name":"wp","href":"https:\/\/api.w.org\/{rel}","templated":true}]}}