{"id":1880,"date":"2015-02-15T13:58:06","date_gmt":"2015-02-15T12:58:06","guid":{"rendered":"http:\/\/roan.junselebyar.se\/?p=1880"},"modified":"2015-02-15T14:07:09","modified_gmt":"2015-02-15T13:07:09","slug":"maktig-manifestation","status":"publish","type":"post","link":"https:\/\/roan.junselebyar.se\/?p=1880","title":{"rendered":"M\u00e4ktig manifestation"},"content":{"rendered":"<div id=\"attachment_1881\" style=\"width: 450px\" class=\"wp-caption alignnone\"><img loading=\"lazy\" decoding=\"async\" aria-describedby=\"caption-attachment-1881\" class=\"size-medium wp-image-1881\" title=\"Demonstrationst\u00e5get\" src=\"http:\/\/roan.junselebyar.se\/nyheter\/wp-content\/uploads\/2015\/02\/dem1-440x288.jpg\" alt=\"Demonstrationst\u00e5get\" width=\"440\" height=\"288\" \/><p id=\"caption-attachment-1881\" class=\"wp-caption-text\">Demonstrationst\u00e5get<\/p><\/div>\n<p>I g\u00e5r 14\/2, genomf\u00f6rdes en fin demonstration mot vindkraftindustrialiseringen av norrland&#8230;.av v\u00e5r hembygd. Hundratals deltagare gick en sv\u00e4ng genom Ramsele anf\u00f6rda av ridskolans h\u00e4star till Faxen, d\u00e4r ett informationsm\u00f6te h\u00f6lls. I den fullsatta salen fick vi \u00e5h\u00f6rare lyssna till bl. a. problemen f\u00f6r renn\u00e4ringen, neg. effekter f\u00f6r f\u00e5gellivet och annat djurliv, problematiken kring buller och bullerm\u00e4tningar i kuperad skogsmilj och under olika v\u00e4derbetingelser, iskast,\u00a0och sist men inte minst\u00a0konsekvenser f\u00f6r oss m\u00e4nniskor,\u00a0allt under ledning av \u00c5ke Wickstr\u00f6m, Ramsele.<\/p>\n<div id=\"attachment_1883\" style=\"width: 450px\" class=\"wp-caption alignnone\"><img loading=\"lazy\" decoding=\"async\" aria-describedby=\"caption-attachment-1883\" class=\"size-medium wp-image-1883\" title=\"Mot Mekonomen\" src=\"http:\/\/roan.junselebyar.se\/nyheter\/wp-content\/uploads\/2015\/02\/dem2-440x326.jpg\" alt=\"Mot Mekonomen\" width=\"440\" height=\"326\" \/><p id=\"caption-attachment-1883\" class=\"wp-caption-text\">Mot Mekonomen<\/p><\/div>\n<div id=\"attachment_1884\" style=\"width: 450px\" class=\"wp-caption alignnone\"><img loading=\"lazy\" decoding=\"async\" aria-describedby=\"caption-attachment-1884\" class=\"size-medium wp-image-1884\" title=\"Runt ...och tillbaka\" src=\"http:\/\/roan.junselebyar.se\/nyheter\/wp-content\/uploads\/2015\/02\/dam5-440x232.jpg\" alt=\"Runt ...och tillbaka\" width=\"440\" height=\"232\" \/><p id=\"caption-attachment-1884\" class=\"wp-caption-text\">Runt ...och tillbaka<\/p><\/div>\n<div id=\"attachment_1885\" style=\"width: 450px\" class=\"wp-caption alignnone\"><img loading=\"lazy\" decoding=\"async\" aria-describedby=\"caption-attachment-1885\" class=\"size-medium wp-image-1885\" title=\"Ridskolans fina h\u00e4star i t\u00e4ten p\u00e5 v\u00e4g tillbaka\" src=\"http:\/\/roan.junselebyar.se\/nyheter\/wp-content\/uploads\/2015\/02\/demhastar-440x331.jpg\" alt=\"Ridskolans fina h\u00e4star i t\u00e4ten p\u00e5 v\u00e4g tillbaka\" width=\"440\" height=\"331\" \/><p id=\"caption-attachment-1885\" class=\"wp-caption-text\">Ridskolans fina h\u00e4star i t\u00e4ten p\u00e5 v\u00e4g tillbaka<\/p><\/div>\n<div id=\"attachment_1887\" style=\"width: 450px\" class=\"wp-caption alignnone\"><img loading=\"lazy\" decoding=\"async\" aria-describedby=\"caption-attachment-1887\" class=\"size-medium wp-image-1887\" title=\"Marianne Hansson, ordf\u00f6rande f\u00f6r Jijnjevaerie Sameby\" src=\"http:\/\/roan.junselebyar.se\/nyheter\/wp-content\/uploads\/2015\/02\/renby1-440x431.jpg\" alt=\"Marianne Hansson, ordf\u00f6rande f\u00f6r Jijnjevaerie Sameby\" width=\"440\" height=\"431\" srcset=\"https:\/\/roan.junselebyar.se\/nyheter\/wp-content\/uploads\/2015\/02\/renby1-440x431.jpg 440w, https:\/\/roan.junselebyar.se\/nyheter\/wp-content\/uploads\/2015\/02\/renby1.jpg 1488w\" sizes=\"auto, (max-width: 440px) 100vw, 440px\" \/><p id=\"caption-attachment-1887\" class=\"wp-caption-text\">Marianne Hansson, ordf\u00f6rande f\u00f6r Jijnjevaerie Sameby<\/p><\/div>\n<p>Se mer i T\u00c5:<\/p>\n<p><a href=\"http:\/\/www.allehanda.se\/angermanland\/solleftea\/det-ar-ju-vi-som-ska-bo-med-vindkraften\">http:\/\/www.allehanda.se\/angermanland\/solleftea\/det-ar-ju-vi-som-ska-bo-med-vindkraften<\/a><\/p>\n<p>Medan demonstrationen \u00e4nnu befann sig utanf\u00f6r Faxen i v\u00e4ntan p\u00e5 att g\u00e5 in p\u00e5 informationsm\u00f6tet b\u00f6rjade kyrkklockorna ljuda. S\u00e5 \u00e4ven om Sven-Erik Bod\u00e9n och Paul H\u00f6glund i en ins\u00e4ndare i T\u00c5\u00a0f\u00f6rsvarat stiftets egendomsn\u00e4mnds beslut att arrendera ut mark i Ramseles omedelbara n\u00e4rhet till ett vindkraftf\u00f6retag s\u00e5 protesterade nog h\u00f6gre makter mot detta. Det var sk\u00f6nt att h\u00f6ra klockljudet. Mycket b\u00e4ttre \u00e4n att l\u00e4sa de \u00f6mkliga f\u00f6rs\u00f6ken till bortf\u00f6rklaringar och bristen p\u00e5 eget ansvarstagande fr\u00e5n egendomsn\u00e4mndens f\u00f6retr\u00e4dare. Men det \u00e4r ju ganska k\u00e4nt var dessa tv\u00e5 herrar st\u00e5r n\u00e4r det g\u00e4ller vindkraft i Sollefte\u00e5 kommun.<\/p>\n<p>\/Tarabrita<\/p>\n","protected":false},"excerpt":{"rendered":"<p>I g\u00e5r 14\/2, genomf\u00f6rdes en fin demonstration mot vindkraftindustrialiseringen av norrland&#8230;.av v\u00e5r hembygd. Hundratals deltagare gick en sv\u00e4ng genom Ramsele anf\u00f6rda av ridskolans h\u00e4star till Faxen, d\u00e4r ett informationsm\u00f6te h\u00f6lls. I den fullsatta salen fick vi \u00e5h\u00f6rare lyssna till bl. a. problemen f\u00f6r renn\u00e4ringen, neg. effekter f\u00f6r f\u00e5gellivet och annat djurliv, problematiken kring buller och [&hellip;]<\/p>\n","protected":false},"author":2,"featured_media":0,"comment_status":"open","ping_status":"open","sticky":false,"template":"","format":"standard","meta":{"footnotes":""},"categories":[3],"tags":[],"class_list":["post-1880","post","type-post","status-publish","format-standard","hentry","category-allmant"],"_links":{"self":[{"href":"https:\/\/roan.junselebyar.se\/index.php?rest_route=\/wp\/v2\/posts\/1880","targetHints":{"allow":["GET"]}}],"collection":[{"href":"https:\/\/roan.junselebyar.se\/index.php?rest_route=\/wp\/v2\/posts"}],"about":[{"href":"https:\/\/roan.junselebyar.se\/index.php?rest_route=\/wp\/v2\/types\/post"}],"author":[{"embeddable":true,"href":"https:\/\/roan.junselebyar.se\/index.php?rest_route=\/wp\/v2\/users\/2"}],"replies":[{"embeddable":true,"href":"https:\/\/roan.junselebyar.se\/index.php?rest_route=%2Fwp%2Fv2%2Fcomments&post=1880"}],"version-history":[{"count":7,"href":"https:\/\/roan.junselebyar.se\/index.php?rest_route=\/wp\/v2\/posts\/1880\/revisions"}],"predecessor-version":[{"id":1892,"href":"https:\/\/roan.junselebyar.se\/index.php?rest_route=\/wp\/v2\/posts\/1880\/revisions\/1892"}],"wp:attachment":[{"href":"https:\/\/roan.junselebyar.se\/index.php?rest_route=%2Fwp%2Fv2%2Fmedia&parent=1880"}],"wp:term":[{"taxonomy":"category","embeddable":true,"href":"https:\/\/roan.junselebyar.se\/index.php?rest_route=%2Fwp%2Fv2%2Fcategories&post=1880"},{"taxonomy":"post_tag","embeddable":true,"href":"https:\/\/roan.junselebyar.se\/index.php?rest_route=%2Fwp%2Fv2%2Ftags&post=1880"}],"curies":[{"name":"wp","href":"https:\/\/api.w.org\/{rel}","templated":true}]}}